{"id":7962,"date":"2022-02-01T07:23:44","date_gmt":"2022-02-01T06:23:44","guid":{"rendered":"http:\/\/www.infokuryr.cz\/n\/?p=7962"},"modified":"2022-02-01T07:23:44","modified_gmt":"2022-02-01T06:23:44","slug":"bolsevicka-revoluce-a-ukrajinska-krize-co-mohou-mit-spolecneho","status":"publish","type":"post","link":"https:\/\/www.infokuryr.cz\/n\/2022\/02\/01\/bolsevicka-revoluce-a-ukrajinska-krize-co-mohou-mit-spolecneho\/","title":{"rendered":"Bol\u0161evick\u00e1 revoluce a ukrajinsk\u00e1 krize: Co mohou m\u00edt spole\u010dn\u00e9ho?"},"content":{"rendered":"<div id=\"fb-root\"><\/div>\n<section class=\"perex\">Z\u00e1padn\u00ed vm\u011b\u0161ov\u00e1n\u00ed do rusk\u00e9 politiky m\u00e1 dlouhou tradici. Nejv\u011bt\u0161\u00ed dopad m\u011bla pravd\u011bpodobn\u011b Leninova cesta v roce 1917. A o 105 let pozd\u011bji v\u00fdbu\u0161n\u00e1 sm\u011bs slovn\u00edho sal\u00e1tu ve zpravodajstv\u00ed a vojensk\u00e9 ma\u0161in\u00e9rii zasti\u0148uje v\u00fdchodn\u00ed frontu, kterou vybudovala m\u00e9dia.<\/p>\n<\/section>\n<section class=\"clanek-obsah\">\n<div class=\"karta\">\n<figure><img decoding=\"async\" loading=\"lazy\" src=\"http:\/\/www.zvedavec.org\/images\/22\/bolsevicka-revoluce.jpg\" alt=\"[V\u016fdce rusk...]\" width=\"450\" height=\"253\" \/><figcaption><em>V\u016fdce rusk\u00e9 komunistick\u00e9 revoluce Vladim\u00edr Ilji\u010d Lenin p\u0159i projevu k voj\u00e1k\u016fm Vsevobuchu u p\u0159\u00edle\u017eitosti prvn\u00edho v\u00fdro\u010d\u00ed zalo\u017een\u00ed sov\u011btsk\u00fdch ozbrojen\u00fdch sil, Rud\u00e9 n\u00e1m\u011bst\u00ed, Moskva, 25. kv\u011btna 1919. \u00a9 Getty Images \/ Ann Ronan Pictures<\/em><\/figcaption><\/figure>\n<\/div>\n<p>T\u00e9m\u011b\u0159 p\u0159ed 40 lety jsem se v hodin\u00e1ch d\u011bjepisu dozv\u011bd\u011bl, \u017ee n\u011bmeck\u00fd gener\u00e1ln\u00ed \u0161t\u00e1b zorganizoval b\u011bhem prvn\u00ed sv\u011btov\u00e9 v\u00e1lky tajnou operaci, jej\u00edm\u017e c\u00edlem bylo v dubnu 1917 p\u0159ev\u00e9zt v zape\u010det\u011bn\u00e9m vlaku rusk\u00e9ho komunistu Vladim\u00edra Lenina z jeho exilu v \u017denev\u011b do Petrohradu (dnes Petrohrad). Tato kapitola v\u00e1lky m\u011b fascinovala. Do t\u00e9 doby jsem m\u011bl dojem, \u017ee \u0161lo o spont\u00e1nn\u00ed operaci s c\u00edlem pacifikovat tzv. v\u00fdchodn\u00ed frontu. Skute\u010dn\u00fdm d\u016fsledkem byla samoz\u0159ejm\u011b \u0158\u00edjnov\u00e1 revoluce a zhroucen\u00ed Ruska.<\/p>\n<h2>V\u00e1le\u010dn\u00e1 \u0161achovnice Helphandu alias Parvusu<\/h2>\n<p>Teprve kdy\u017e jsem si v roce 2000 p\u0159e\u010detl knihu rakousk\u00e9 histori\u010dky Elisabeth Hereschov\u00e9 &#8222;Geheimakte Parvus &#8211; Die Gekaufte Revolution&#8220; (Tajn\u00e9 spisy: Parvus &#8211; koupen\u00e1 revoluce), uv\u011bdomil jsem si, \u017ee p\u0159\u00edpravy na zm\u011bnu moci v Rusku prob\u00edhaly ji\u017e dlouho. Byl to t\u00e9m\u011b\u0159 pevn\u00fd program ministerstev zahrani\u010d\u00ed ve V\u00eddni a Berl\u00edn\u011b. Habsburk\u016fm \u0161lo v jejich tradi\u010dn\u00edm soupe\u0159en\u00ed s rusk\u00fdmi cary p\u0159edev\u0161\u00edm o jejich moc na Balk\u00e1n\u011b.<\/p>\n<p>Kl\u00ed\u010dov\u00fdm lobbistou pro toto zahrani\u010dn\u00ed vm\u011b\u0161ov\u00e1n\u00ed do Ruska byl mu\u017e narozen\u00fd v Minsku, Izrael Lazarevi\u010d Helphand, kter\u00fd si pozd\u011bji nechal \u0159\u00edkat Alexandr Parvus. Jako publicista a p\u0159edev\u0161\u00edm jako finan\u010dn\u00edk r\u016fzn\u00fdch revolu\u010dn\u00edch kruh\u016f v Evrop\u011b a v Osmansk\u00e9 \u0159\u00ed\u0161i tahal od 90. let 19. stolet\u00ed za mnoh\u00e9 nitky. Na jeho \u0161achovnici se pohybovaly osobnosti jako Lenin a Trockij, ale tak\u00e9 revolu\u010dn\u00ed mladoturci.<\/p>\n<p>Hereschov\u00e1 na z\u00e1klad\u011b d\u016fkladn\u011b prozkouman\u00fdch dokument\u016f popisuje intriky evropsk\u00e9 diplomacie na po\u010d\u00e1tku 20. stolet\u00ed, jejich\u017e c\u00edlem bylo zastavit Rusko prost\u0159ednictv\u00edm anarchie a zni\u010dit zemi i jej\u00ed obyvatele. Nebylo tedy ad hoc rozhodnut\u00edm poslat odstaven\u00e9ho extr\u00e9mn\u00edho bol\u0161evika Lenina do Ruska, kde pragmati\u010dt\u00ed men\u0161evici z\u00edskali p\u0159evahu. Byl to sp\u00ed\u0161e posledn\u00ed k\u00e1men na hromadu kamen\u016f, kter\u00e1 se hromadila ji\u017e dlouhou dobu. Nejd\u0159\u00edve postihne Evropu a pozd\u011bji poh\u0159b\u00ed Rusko.<\/p>\n<p>N\u011bmeck\u00fd gener\u00e1l Erich Ludendorff v roce 1917 napsal: &#8222;Lenin\u016fv vstup do Ruska byl \u00fasp\u011b\u0161n\u00fd. Funguje p\u0159esn\u011b tak, jak jsme cht\u011bli. &#8220; Parvus se na t\u00e9to operaci v\u017edy pod\u00edlel. Nejen\u017ee tahal za nitky a umis\u0165oval sv\u00e9 figurky na politick\u00e9 \u0161achovnici, ale tak\u00e9 na tom vyd\u011bl\u00e1val miliony. Jeho pl\u00e1n st\u00e1t se ministrem v Leninov\u011b revolu\u010dn\u00edm kabinetu v\u0161ak nevy\u0161el podle jeho p\u0159edstav.<\/p>\n<h2>Ru\u0161en\u00ed d\u0159\u00edve a nyn\u00ed<\/h2>\n<p>&#8222;Rusk\u00fdm kolosem ot\u0159esou jen vnit\u0159n\u00ed nepokoje,&#8220; napsal v z\u00e1\u0159\u00ed 1914 v\u00edde\u0148sk\u00fd diplomat Alexander Hoyos. N\u011bkolik t\u00fddn\u016f p\u0159edt\u00edm poslal star\u00fd rakousk\u00fd c\u00edsa\u0159 Franti\u0161ek Josef I. Srbsku vyhl\u00e1\u0161en\u00ed v\u00e1lky. Text byl zalo\u017een na fale\u0161n\u00fdch zpr\u00e1v\u00e1ch a sv\u011bt se pot\u00e1cel do Velk\u00e9 v\u00e1lky. Ve\u0161ker\u00e9 pokusy rusk\u00e9ho c\u00edsa\u0159e Mikul\u00e1\u0161e II. zejm\u00e9na telegramy n\u011bmeck\u00e9mu c\u00edsa\u0159i Vil\u00e9movi II., jeho bratranci, p\u0159esv\u011bd\u010dit ho k nalezen\u00ed diplomatick\u00e9ho \u0159e\u0161en\u00ed selhaly. Mikul\u00e1\u0161 marn\u011b navrhoval, aby se skute\u010dnosti kolem atent\u00e1tu na rakousk\u00e9ho arciv\u00e9vodu Franti\u0161ka Ferdinanda v \u010dervnu 1914 objasnily pomoc\u00ed precizn\u00edho pr\u00e1vn\u00edho vy\u0161et\u0159ov\u00e1n\u00ed. Mimochodem, oba bratranci, Niki a Willi, si \u010dasto dopisovali v angli\u010dtin\u011b.<\/p>\n<p>Rakousk\u00e1 diplomacie se tak\u00e9 mimo\u0159\u00e1dn\u011b aktivn\u011b anga\u017eovala ve prosp\u011bch revolu\u010dn\u00edch hnut\u00ed v Rusku a vzniku ukrajinsk\u00e9ho st\u00e1tu. Hereschov\u00e1 ve sv\u00e9 knize cituje n\u00e1sleduj\u00edc\u00ed zpr\u00e1vy: &#8222;Sou\u010dasn\u011b se za\u010d\u00e1tkem v\u00e1lky Rakouska-Uherska s Ruskem p\u0159ijala rakousk\u00e1 vl\u00e1da opat\u0159en\u00ed k vyvol\u00e1n\u00ed revolu\u010dn\u00edch nepokoj\u016f v Rusku. Za t\u00edmto \u00fa\u010delem nab\u00eddli rakou\u0161t\u00ed politici n\u011bkter\u00fdm politick\u00fdm emigrant\u016fm pob\u00fdvaj\u00edc\u00edm v Rakousku mo\u017enost odjet do Ruska &#8211; pot\u00e9, co jim poskytli fale\u0161n\u00e9 pasy &#8211; a prov\u00e1d\u011bt tam revolu\u010dn\u00ed propagandu. Byly jim tak\u00e9 nab\u00eddnuty finan\u010dn\u00ed \u010d\u00e1stky. &#8220;<\/p>\n<p>Ve stejn\u00e9 dob\u011b prob\u00edhala snaha V\u00eddn\u011b a Lausanne propagovat odd\u011blen\u00ed Ukrajiny prost\u0159ednictv\u00edm publikac\u00ed, jako byl n\u011bmeckojazy\u010dn\u00fd den\u00edk Der Bund. \u00dadajn\u011b \u0161lo o &#8222;osvobozen\u00ed ukrajinsk\u00e9ho lidu od rusk\u00e9ho jha jednou prov\u017edy&#8220;.<\/p>\n<p>Hereschov\u00e1 d\u00e1le uv\u00e1d\u00ed, \u017ee tyto &#8222;proklamace byly rusk\u00fdmi socialisty p\u0159ijaty velmi negativn\u011b, a to p\u0159edev\u0161\u00edm d\u00edky tomu, \u017ee v nich byla tak jasn\u011b vyj\u00e1d\u0159ena prodejnost jejich autor\u016f&#8220;.<\/p>\n<p>V souvislosti se sou\u010dasnou situac\u00ed t\u00fdkaj\u00edc\u00ed se Ukrajiny, v n\u00ed\u017e je t\u00e9m\u011b\u0159 nemo\u017en\u00e9 rozli\u0161it, co je spr\u00e1vn\u00e9 a co ne, n\u00e1s mohou napadnout n\u011bkter\u00e9 paralely. Medi\u00e1ln\u00ed ma\u0161in\u00e9rie se rozjela v \u0159\u00edjnu\u00a0<a href=\"https:\/\/www.washingtonpost.com\/world\/russian-troop-movements-near-ukraine-border-prompt-concern-in-us-europe\/2021\/10\/30\/c122e57c-3983-11ec-9662-399cfa75efee_story.html\" target=\"_blank\" rel=\"external noopener\">zpr\u00e1vou<\/a>\u00a0den\u00edku\u00a0<i>Washington Post<\/i>\u00a0o pohybu rusk\u00fdch vojsk na rusk\u00e9m \u00fazem\u00ed, kter\u00e1 z\u0159ejm\u011b rozru\u0161ila Ukrajinu m\u00e9n\u011b ne\u017e NATO.<\/p>\n<p>Vl\u00e1dn\u00ed p\u0159edstavitel\u00e9 v Kyjev\u011b mezit\u00edm vyzvali ke klidu v souvislosti se zpr\u00e1vami Z\u00e1padu o hroz\u00edc\u00ed rusk\u00e9 invazi na Ukrajinu a sta\u017een\u00ed diplomat\u016f. Alexej Danilov, tajemn\u00edk ukrajinsk\u00e9 Rady n\u00e1rodn\u00ed bezpe\u010dnosti a obrany, minul\u00fd t\u00fdden\u00a0<a href=\"https:\/\/tass.ru\/mezhdunarodnaya-panorama\/13511863\" target=\"_blank\" rel=\"external noopener\">prohl\u00e1sil<\/a>: &#8222;<i>K dne\u0161n\u00edmu dni nevid\u00edme \u017e\u00e1dn\u00e9 d\u016fkazy na podporu \u00fadajn\u00e9ho rozs\u00e1hl\u00e9ho \u00fatoku na na\u0161i zemi.<\/i>&#8220;<\/p>\n<p>Minist\u0159i zahrani\u010d\u00ed EU se naopak projevili pape\u017e\u0161t\u011bj\u0161\u00ed ne\u017e pape\u017e, kdy\u017e\u00a0<a href=\"https:\/\/www.reuters.com\/world\/europe\/eu-leave-diplomats-families-ukraine-now-borrell-says-2022-01-24\/\" target=\"_blank\" rel=\"external noopener\">ozn\u00e1mili<\/a>, \u017ee jak\u00e1koli dal\u0161\u00ed vojensk\u00e1 agrese proti Ukrajin\u011b by m\u011bla &#8222;obrovsk\u00e9 n\u00e1sledky a v\u00e1\u017en\u00e9 n\u00e1klady&#8220;. To zahrnuje \u0161irokou \u0161k\u00e1lu sankc\u00ed proti rusk\u00fdm hospod\u00e1\u0159sk\u00fdm odv\u011btv\u00edm a jednotlivc\u016fm. Pr\u00e1ce na p\u0159\u00edprav\u011b t\u011bchto sankc\u00ed byly urychleny.<\/p>\n<h2>Nebezpe\u010dn\u00fd okam\u017eik<\/h2>\n<p>Jak u\u017e to tak b\u00fdv\u00e1, na \u00farovni EU se nahromadila hora slov, kter\u00e1 se nyn\u00ed tla\u010d\u00ed a opakuj\u00ed jako mantra, ani\u017e by se n\u011bkdo odv\u00e1\u017eil reagovat nahlas a nez\u00e1visle. Tyto ritu\u00e1ly zn\u00e1me z mnoha jin\u00fdch spis\u016f, a\u0165 u\u017e z Bl\u00edzk\u00e9ho v\u00fdchodu nebo jihov\u00fdchodn\u00ed Evropy.<\/p>\n<p>Skoro se zd\u00e1, \u017ee jak v centr\u00e1le NATO, tak v americk\u00e9m Kongresu, kde se to hem\u017e\u00ed energetick\u00fdmi lobbisty &#8211; a ano, st\u00e1le jde o plynovod Nord Stream 2 &#8211; nebo v rad\u00e1ch EU se u\u017e v\u00e1le\u010dn\u00e9 zpravodajstv\u00ed d\u011bje intenzivn\u011bji ne\u017e na Ukrajin\u011b nebo v Rusku. Tato sm\u011bs propagandy &#8211; jako jsou zpr\u00e1vy britsk\u00fdch m\u00e9di\u00ed o \u00fadajn\u00e9m rusk\u00e9m spiknut\u00ed s c\u00edlem dosadit &#8222;loutkov\u00e9 veden\u00ed v Kyjev\u011b&#8220; &#8211; hmatateln\u00e9 mobilizace a tis\u00edc\u016f americk\u00fdch voj\u00e1k\u016f na t\u00e9to nov\u00e9, um\u011ble vytvo\u0159en\u00e9 v\u00fdchodn\u00ed front\u011b, je vysoce v\u00fdbu\u0161n\u00e1.<\/p>\n<p>Na rozd\u00edl od doby p\u0159ed 100 lety zde za nitky netah\u00e1 \u017e\u00e1dn\u00e1 proradn\u00e1 postava jako Parvus, jak popisuje Hereschov\u00e1. Sp\u00ed\u0161e mnoho bezohledn\u00fdch kucha\u0159\u016f va\u0159\u00ed ka\u0161i, na kter\u00e9 si mnoz\u00ed mohou sp\u00e1lit \u00fasta. Kombinace arogance a neznalosti v\u017edy vytv\u00e1\u0159ela jen chaos.<\/p>\n<p>D\u011bjiny Ruska znaj\u00ed sv\u00e9 konstanty, kter\u00e9 jsou d\u00e1ny mimo jin\u00e9 geografick\u00fdmi faktory. M\u00e1 v\u0161ak tak\u00e9 sv\u00e9 prom\u011bnn\u00e9 &#8211; a ty jsou ur\u010deny lidmi, kte\u0159\u00ed se na nich pod\u00edlej\u00ed.<\/p>\n<p><b>Dr. Karin Kneissl<\/b><\/p>\n<div class=\"podcarou\">\n<p><a href=\"https:\/\/www.rt.com\/op-ed\/547785-ukraine-lenin-west-crisis-russia\/\" target=\"_blank\" rel=\"external noopener\">The Bolshevik Revolution and the Ukraine crisis: What can they possibly have in common?<\/a> vy\u0161el 30.1.2022 na rt.com. P\u0159eklad Zv\u011bdavec.<\/p>\n<\/div>\n<p>P\u0159evzato:\u00a0<a href=\"http:\/\/www.zvedavec.org\/komentare\/2022\/02\/9012-bolsevicka-revoluce-a-ukrajinska-krize-co-mohou-mit-spolecneho.htm\">Zvedavec.org<\/a><\/p>\n<\/section>\n","protected":false},"excerpt":{"rendered":"<p>Z\u00e1padn\u00ed vm\u011b\u0161ov\u00e1n\u00ed do rusk\u00e9 politiky m\u00e1 dlouhou tradici. Nejv\u011bt\u0161\u00ed dopad m\u011bla pravd\u011bpodobn\u011b Leninova cesta v&#8230;<\/p>\n","protected":false},"author":2,"featured_media":7739,"comment_status":"closed","ping_status":"closed","sticky":false,"template":"","format":"standard","meta":[],"categories":[7],"tags":[1093,41,1811,39,22,26,37],"_links":{"self":[{"href":"https:\/\/www.infokuryr.cz\/n\/wp-json\/wp\/v2\/posts\/7962"}],"collection":[{"href":"https:\/\/www.infokuryr.cz\/n\/wp-json\/wp\/v2\/posts"}],"about":[{"href":"https:\/\/www.infokuryr.cz\/n\/wp-json\/wp\/v2\/types\/post"}],"author":[{"embeddable":true,"href":"https:\/\/www.infokuryr.cz\/n\/wp-json\/wp\/v2\/users\/2"}],"replies":[{"embeddable":true,"href":"https:\/\/www.infokuryr.cz\/n\/wp-json\/wp\/v2\/comments?post=7962"}],"version-history":[{"count":0,"href":"https:\/\/www.infokuryr.cz\/n\/wp-json\/wp\/v2\/posts\/7962\/revisions"}],"wp:featuredmedia":[{"embeddable":true,"href":"https:\/\/www.infokuryr.cz\/n\/wp-json\/wp\/v2\/media\/7739"}],"wp:attachment":[{"href":"https:\/\/www.infokuryr.cz\/n\/wp-json\/wp\/v2\/media?parent=7962"}],"wp:term":[{"taxonomy":"category","embeddable":true,"href":"https:\/\/www.infokuryr.cz\/n\/wp-json\/wp\/v2\/categories?post=7962"},{"taxonomy":"post_tag","embeddable":true,"href":"https:\/\/www.infokuryr.cz\/n\/wp-json\/wp\/v2\/tags?post=7962"}],"curies":[{"name":"wp","href":"https:\/\/api.w.org\/{rel}","templated":true}]}}