{"id":79612,"date":"2025-05-25T05:40:47","date_gmt":"2025-05-25T03:40:47","guid":{"rendered":"https:\/\/www.infokuryr.cz\/n\/?p=79612"},"modified":"2025-05-25T05:46:58","modified_gmt":"2025-05-25T03:46:58","slug":"jan-campbell-o-cem-se-nepise-kosovo","status":"publish","type":"post","link":"https:\/\/www.infokuryr.cz\/n\/2025\/05\/25\/jan-campbell-o-cem-se-nepise-kosovo\/","title":{"rendered":"Jan Campbell: O \u010dem se nep\u00ed\u0161e &#8211; Kosovo"},"content":{"rendered":"<div id=\"fb-root\"><\/div>\n<h3><strong>\u00davod<\/strong><\/h3>\n<p>V\u0161ichni \u00fa\u010dastn\u00edci r\u016fzn\u00fdch konfrontac\u00ed, kter\u00e9 dnes ot\u0159\u00e1saj\u00ed sv\u011btem, tvrd\u00ed, \u017ee usiluj\u00ed o trval\u00fd, spravedliv\u00fd m\u00edr. Chci v\u011b\u0159it, \u017ee v\u011bt\u0161ina z nich o takov\u00fd sv\u011bt skute\u010dn\u011b usiluje. Ve skute\u010dnosti ale, ka\u017ed\u00fd rok, dokonce ka\u017ed\u00fd m\u011bs\u00edc, je sv\u011bt st\u00e1le v\u00edce a v\u00edce vzd\u00e1len od trval\u00e9ho a spravedliv\u00e9ho m\u00edru, bez ohledu na to, kdo v tuto chv\u00edli vyhr\u00e1v\u00e1 a na jak\u00e9 front\u011b, kdo prohr\u00e1v\u00e1 a jak\u00e1 jedn\u00e1n\u00ed prob\u00edhaj\u00ed.<\/p>\n<p>P\u0159ipom\u00edn\u00e1m, \u017ee obdob\u00ed podobn\u00e9 dne\u0161n\u00edmu lidstvu za\u017eilo koncem 18. a za\u010d\u00e1tkem 19. stolet\u00ed. Velk\u00e1 francouzsk\u00e1 revoluce, na rozd\u00edl od holandsk\u00fdch a anglick\u00fdch bur\u017eoazn\u00edch revoluc\u00ed, kter\u00e9 j\u00ed p\u0159edch\u00e1zely, rozbila star\u00fd \u0159\u00e1d nikoli v jedn\u00e9 zemi, ale v cel\u00e9 Evrop\u011b, ve skute\u010dnosti podle tehdej\u0161\u00edch m\u011b\u0159\u00edtek na cel\u00e9m sv\u011bt\u011b. Neprofesion\u00e1lov\u00e9 se hrnuli do politiky a vojensk\u00fdch z\u00e1le\u017eitost\u00ed, v\u0161echna pravidla byla poru\u0161ov\u00e1na a ni\u010dena a koalice se uk\u00e1zaly jako extr\u00e9mn\u011b nestabiln\u00ed.<\/p>\n<p>Uzav\u0159en\u00ed <em>spravedliv\u00e9ho m\u00edru<\/em> v\u00a0Evrop\u011b, kter\u00fd ve skute\u010dnosti neexistuje, je nemo\u017en\u00e9, proto\u017ee n\u011bkter\u00e9 st\u00e1ty pova\u017euj\u00ed spravedliv\u00fd m\u00edr, jako m\u00edr <em>star\u00e9ho \u0159\u00e1du.<\/em> Proto n\u011bkter\u00e9 st\u00e1ty se sna\u017eily ozbrojenou rukou vnutit m\u00edr <em>Bonapartova z\u00e1kon\u00edku<\/em> cel\u00e9 Evrop\u011b. Sv\u011bt je nyn\u00ed v podobn\u00e9 situaci.<\/p>\n<p>Proto\u017ee star\u00fd syst\u00e9m \u2013 nadvl\u00e1da finan\u010dn\u00edho kapit\u00e1lu, zaji\u0161\u0165ovan\u00e1 americkou vojensko-politickou hegemoni\u00ed \u2013 se p\u0159e\u017eil a pomaten\u00ed politici a \u010d\u00e1st obyvatel si nem\u016f\u017ee p\u0159ipustit tot\u00e1ln\u00ed zm\u011bnu hospod\u00e1\u0159sk\u00e9ho, politick\u00e9ho a soci\u00e1ln\u00edho syst\u00e9mu, p\u0159edem zm\u00edn\u011bn\u00ed nevid\u00ed ani obrysy nov\u00e9ho syst\u00e9mu. Odtud pramen\u00ed mno\u017estv\u00ed v\u00e1h\u00e1n\u00ed v mezin\u00e1rodn\u00edch vztaz\u00edch, v dom\u00e1c\u00ed politice v\u011bt\u0161iny st\u00e1t\u016f, a mnoho n\u00e1vrh\u016f na uspo\u0159\u00e1d\u00e1n\u00ed <em>sv\u011btl\u00e9 budoucnosti<\/em>.<\/p>\n<p>V\u0161echny my\u0161lenky jsou diskutov\u00e1ny, konkuruj\u00ed si navz\u00e1jem, jejich p\u0159\u00edvr\u017eenci vstupuj\u00ed do rychle se rozpadaj\u00edc\u00edch alianc\u00ed, ale \u017e\u00e1dn\u00e1 z nich je\u0161t\u011b nem\u00e1 skute\u010dn\u00fd ekonomick\u00fd z\u00e1klad. Dokud se takov\u00e1 z\u00e1kladna neobjev\u00ed, budou p\u0159etrv\u00e1vat velk\u00e9 turbulence mezin\u00e1rodn\u00edho i dom\u00e1c\u00edho ve\u0159ejn\u00e9ho \u017eivota a dosa\u017een\u00ed trval\u00e9ho glob\u00e1ln\u00edho m\u00edru bude nemo\u017en\u00e9 vzhledem k pokra\u010dov\u00e1n\u00ed boje mezi neudr\u017eiteln\u00fdm star\u00fdm a nenapln\u011bn\u00fdm nov\u00fdm.<\/p>\n<p>Nov\u00e9 nem\u016f\u017ee zv\u00edt\u011bzit, proto\u017ee se je\u0161t\u011b neobjevilo, star\u00e9 nem\u016f\u017ee zv\u00edt\u011bzit, proto\u017ee dos\u00e1hlo hranice sv\u00fdch mo\u017enost\u00ed a p\u0159e\u0161lo do modu stagnace a permanentn\u00ed krize. Za takov\u00fdch podm\u00ednek je m\u00edr nemo\u017en\u00fd, proto\u017ee p\u0159\u00edm\u011b\u0159\u00ed je nestabiln\u00ed stav, jak dokazuje historie revolu\u010dn\u00edch v\u00e1lek. Proto, dokud nov\u00fd syst\u00e9m nevyroste ze star\u00e9ho a definitivn\u011b nezv\u00edt\u011bz\u00ed nenastane nov\u00e1 stabilizace. Plat\u00ed to i pro Balk\u00e1n v krizi, v\u010detn\u011b Kosovo. Prezidenta Trumpa z\u00a0n\u011bho hlava nebol\u00ed, co\u017e ale neznamen\u00e1, \u017ee by \u010desk\u00e1 kotlina nem\u011bla n\u00e1sledovat snaze \u0160v\u00fdcarska v\u00a0komplexn\u00ed krizi, ji\u017e proto, \u017ee Kosovo je v\u00a0\u010cR ve st\u00ednu Ukrajiny, nehled\u011b na jeho p\u0159\u00edtomnost v\u00a0mnoha form\u00e1ch a d\u016fle\u017eit\u00fdch sf\u00e9r\u00e1ch ve\u0159ejn\u00e9ho \u017eivota.<\/p>\n<h3><strong>\u0160v\u00fdcarsko v\u00edt\u00e1 prezidenta Kosova se v\u0161emi poctami<\/strong><\/h3>\n<p>Nab\u00edz\u00ed se ot\u00e1zka: Co tyto dv\u011b zem\u011b spojuje, \u017ee pan\u00ed Vjosa Osmani-Sadriu na sv\u00e9 dvoudenn\u00ed n\u00e1v\u0161t\u011bv\u011b \u0160v\u00fdcarska v tomto t\u00fddnu se setkala s feder\u00e1ln\u00edmi radn\u00edmi, z\u00e1stupci podnikatelsk\u00e9 sf\u00e9ry, a p\u0159edev\u0161\u00edm s kosovskou diasporou a prezidentka Karin Keller-Sutterov\u00e1 uv\u00edtala v\u00a0Bernu prezidentku Kosovsk\u00e9 republiky se v\u0161emi vojensk\u00fdmi poctami.<\/p>\n<p>Kosovsk\u00e1 prezidentka Vjosa Osmani-Sadriuov\u00e1 je prvn\u00ed hlavou kosovsk\u00e9ho st\u00e1tu, kter\u00e1 vykonala ofici\u00e1ln\u00ed st\u00e1tn\u00ed n\u00e1v\u0161t\u011bvu \u0160v\u00fdcarska. Ud\u00e1lo se to rok p\u0159ed jej\u00edm mo\u017en\u00fdm znovuzvolen\u00edm v dob\u011b, kdy od \u00fanorov\u00fdch parlamentn\u00edch voleb Kosovo paralyzuje vl\u00e1dn\u00ed krize.<\/p>\n<p>\u0160v\u00fdcarsk\u00e1 prezidentka Karin Kellerov\u00e1-Sutterov\u00e1 a Spolkov\u00e1 rada ofici\u00e1ln\u011b cht\u011bj\u00ed <em>ct\u00edt a prohlubovat \u00fazk\u00e9 a rozmanit\u00e9 vztahy mezi \u0160v\u00fdcarskem a Kosovem<\/em>. Ot\u00e1zka: Chce n\u011bco podobn\u00e9ho i \u010cern\u00ednsk\u00fd pal\u00e1c a fialov\u00e1 vl\u00e1da?<\/p>\n<p>\u0160v\u00fdcarsk\u00e1 Feder\u00e1ln\u00ed rada odhaduje kosovskou diasporu ve \u0160v\u00fdcarsku na 160 000 lid\u00ed. \u0160v\u00fdcarsko bylo nav\u00edc jednou z prvn\u00edch zem\u00ed, kter\u00e9 v roce 2008 uznaly nez\u00e1vislost Kosova. Od roku 1999 se \u0160v\u00fdcarsko tak\u00e9 \u00fa\u010dastn\u00ed s kontingentem v ochrann\u00fdch sil\u00e1ch NATO KFOR. Nev\u00edm, jak velik\u00e1 je kosovsk\u00e1 diaspora v\u00a0\u010desk\u00e9 kotlin\u011b a jakou kvalitu p\u0159edstavuje pro \u010deskou spole\u010dnost. Zn\u00e1m ale n\u011bkolik \u010desk\u00fdch voj\u00e1k\u016f, kte\u0159\u00ed tam p\u016fsobili.<\/p>\n<p>V\u00fdznam kosovsk\u00e9 komunity le\u017e\u00ed v\u00a0ka\u017ed\u00e9m p\u0159\u00edpad\u011b v\u00a0demografii a funkci rodiny. Ve \u0160v\u00fdcarsku dnes mnoho \u0160v\u00fdcar\u016f druh\u00e9 a t\u0159et\u00ed generace s kosovsk\u00fdmi ko\u0159eny naz\u00fdv\u00e1 \u0160v\u00fdcarsko sv\u00fdm domovem, potvrdila dokonce pan\u00ed prezidentka Keller-Sutter v\u00fdrokem: <em>Jsou ned\u00edlnou sou\u010d\u00e1st\u00ed na\u0161\u00ed spole\u010dnosti, a\u0165 u\u017e jako fotbalist\u00e9, u\u010ditel\u00e9, mechanici, mana\u017ee\u0159i nebo politici. Ti v\u0161ichni pom\u00e1hali utv\u00e1\u0159et na\u0161i zemi po cel\u00e1 desetilet\u00ed. Jejich \u00fasp\u011bchy jsou tak\u00e9 \u00fasp\u011bchy \u0160v\u00fdcarska<\/em>.<\/p>\n<p>P\u0159ipom\u00edn\u00e1m, \u017ee vztah \u0160v\u00fdcarska a Kosovo za\u010dal p\u0159ed \u0161edes\u00e1ti lety. Od poloviny 60. let 20. stolet\u00ed \u0160v\u00fdcarsk\u00fd svaz zem\u011bd\u011blc\u016f speci\u00e1ln\u011b naj\u00edmal sez\u00f3nn\u00ed gastarbeitery z Jugosl\u00e1vie, kter\u00e1 zahrnovala tak\u00e9 Kosovo. Mnoho z des\u00edtek tis\u00edc sez\u00f3nn\u00edch pracovn\u00edk\u016f, kte\u0159\u00ed ka\u017edoro\u010dn\u011b cestovali do \u0160v\u00fdcarska, poch\u00e1zelo z Kosova, nejchud\u0161\u00edho regionu Jugosl\u00e1vie. Postupem \u010dasu je rekrutovalo i pohostinstv\u00ed a stavebnictv\u00ed. V roce 1981 vypukly nepokoje a nacionalistick\u00e9 protesty v Kosovu, kter\u00e9 bylo provinci\u00ed Srbska.<\/p>\n<p>Ve \u0160v\u00fdcarsku kosov\u0161t\u00ed Alb\u00e1nci zalo\u017eili opozi\u010dn\u00ed strany, podzemn\u00ed organizace a \u010dasopisy. Demonstrovali v Bernu, Curychu a \u017denev\u011b proti srbsk\u00e9 vl\u00e1d\u011b, po\u017eadovali samostatnou republiku v jugosl\u00e1vsk\u00e9m feder\u00e1ln\u00edm st\u00e1t\u011b nebo dokonce cht\u011bli odtrhnout se a spojit se s Alb\u00e1ni\u00ed. Kdy\u017e v roce 1991 vypukly v\u00e1lky v Jugosl\u00e1vii, \u0161v\u00fdcarsk\u00e9 \u00fa\u0159ady se ob\u00e1valy, \u017ee konflikty na Balk\u00e1n\u011b by mohly v\u00e9st k nap\u011bt\u00ed a n\u00e1sil\u00ed i v t\u00e9to oblasti. Ob\u00e1vaj\u00ed se tak\u00e9 rostouc\u00ed imigrace.<\/p>\n<p>\u0160v\u00fdcarsk\u00e1 anga\u017eovanost v Kosovu a pro Kosovo je d\u00e1na p\u0159edev\u0161\u00edm posledn\u011b jmenovan\u00fdm, \u0159\u00edk\u00e1 historik Thomas B\u00fcrgisser: <em>S mis\u00ed KFOR se \u0160v\u00fdcarsko pokusilo stabilizovat situaci na m\u00edst\u011b a t\u00edm tak\u00e9 zabr\u00e1nit tomu, aby se sem p\u0159ist\u011bhovalo v\u00edce lid\u00ed z Kosova. Rychl\u00e9 uzn\u00e1n\u00ed v roce 2008 by m\u011blo \u0160v\u00fdcarsku umo\u017enit navracet tam lidi z Kosova<\/em>\u2026 <em>Kosovsko-alb\u00e1n\u0161t\u00ed aktivist\u00e9 ze \u0160v\u00fdcarska tak\u00e9 rozhoduj\u00edc\u00edm zp\u016fsobem p\u0159isp\u011bli k nez\u00e1vislosti Kosova<\/em>.<\/p>\n<p>To odkazuje na prominentn\u00ed Kosovany, jako je b\u00fdval\u00fd premi\u00e9r Ramush Haradinaj nebo Osmaniho p\u0159edch\u016fdce a b\u00fdval\u00fd prezident Hashim Tha\u00e7i. Oba p\u0159i\u0161li do \u0160v\u00fdcarska jako uprchl\u00edci v 90. letech. Odtud se pod\u00edleli na zalo\u017een\u00ed a veden\u00ed <em>Kosovsk\u00e9 osvobozeneck\u00e9 arm\u00e1dy<\/em> (UCK). Nejsem si jist, zda \u0160v\u00fdcarsko neporu\u0161ilo podporou n\u011bkter\u00fdch osobnost\u00ed\u00a0UCK vlastn\u00ed neutralitu. Skute\u010dnost, \u017ee Tha\u00e7i je v sou\u010dasn\u00e9 dob\u011b souzen v\u00a0Haagu mluv\u00ed sama za sebe. Je obvin\u011bn z v\u00e1le\u010dn\u00fdch zlo\u010din\u016f b\u011bhem v\u00e1lky v Kosovu v letech 1998 a\u017e 1999.<\/p>\n<p>Na adresu role \u0160v\u00fdcarska b\u011bhem v\u00e1lky za nez\u00e1vislost, kterou nelze v\u00a0\u017e\u00e1dn\u00e9 ofici\u00e1ln\u00ed n\u00e1v\u0161t\u011bv\u011b ignorovat, kosovsk\u00e1 prezidentka Osmani \u0159ekla diplomaticky v Bernu: Z<em>de ve \u0160v\u00fdcarsku na\u0161lo mnoho kosovsk\u00fdch snah o svobodu jak ochranu, tak podporu. Na to nikdy nezapomeneme<\/em>.<\/p>\n<h3><strong>P\u0159edsudky a rasismus v\u016f\u010di migrant\u016fm<\/strong><\/h3>\n<p>Skute\u010dnost\u00ed je, \u017ee od 90. let byli obyvatel\u00e9 Kosova ve \u0160v\u00fdcarsku st\u00e1le v\u00edce vystaveni xenofobii a z\u00e1\u0161ti. Zpr\u00e1va feder\u00e1ln\u00ed policie z roku 1993 poukazuje na to, \u017ee <em>b\u011bhem demonstrac\u00ed v\u017edy doch\u00e1z\u00ed k boj\u016fm, obvykle mezi r\u016fzn\u00fdmi frakcemi Alb\u00e1nc\u016f, nebo \u017ee jsou po\u0161kozeny jugosl\u00e1vsk\u00e9 instituce. Kosov\u0161t\u00ed Alb\u00e1nci z b\u00fdval\u00e9 Jugosl\u00e1vie jsou zapojeni p\u0159edev\u0161\u00edm do obchodu s drogami.<\/em><\/p>\n<p>Druh\u00e1 strana mince, v\u00a0tomto p\u0159\u00edpad\u011b zpr\u00e1vy feder\u00e1ln\u00ed policie uv\u00e1d\u00ed, \u017ee <em>v\u011bt\u0161ina kosovsk\u00fdch Alb\u00e1nc\u016f vede ve \u0160v\u00fdcarsku spo\u0159\u00e1dan\u00fd \u017eivot<\/em>. <em>Mal\u00e1 \u010d\u00e1st kosovsk\u00fdch Alb\u00e1nc\u016f, kte\u0159\u00ed zde \u017eij\u00ed, jsou zlo\u010dinci, a t\u00edm po\u0161kozuj\u00ed pov\u011bst v\u0161ech.<\/em> Jsem p\u0159esv\u011bd\u010den, \u017ee ani \u0160v\u00fdca\u0159i, ani \u010ce\u0161i nejsou and\u011bl\u00e9 a svat\u00ed, spravedliv\u00ed a neutr\u00e1ln\u00ed v\u00a0hodnocen\u00ed, v\u010detn\u011b soud\u016f. Jak jinak by mohl Spolkov\u00fd nejvy\u0161\u0161\u00ed soud shledat reklamu z\u00a0roku 2011se sloganem <em>Kosovan\u00e9 slash Swiss open<\/em> rasistickou a odsoudit odpov\u011bdn\u00e9 \u010dleny SVP k podm\u00edn\u011bn\u00fdm pokut\u00e1m za rasovou diskriminaci.<\/p>\n<h3><strong>Kosovo hled\u00e1 mezin\u00e1rodn\u00ed podporu <\/strong><\/h3>\n<p>Jev\u00ed se mi, \u017ee \u0160v\u00fdcarsko v\u0161ak je a z\u016fstane jednou z nejd\u016fle\u017eit\u011bj\u0161\u00edch zem\u00ed pro Kosovo. To se uk\u00e1zalo p\u0159ed parlamentn\u00edmi volbami, kdy premi\u00e9r Albin Kurti vystoupil v p\u0159edvolebn\u00ed kampani v Curychu. Z\u00fa\u010dastnilo se ho v\u00edce ne\u017e 3000 Kosovan\u016f. V\u00a0prvn\u00ed den n\u00e1v\u0161t\u011bvy se v Bernu shrom\u00e1\u017edilo n\u011bkolik stovek lid\u00ed z kosovsk\u00e9 a alb\u00e1nsk\u00e9 diaspory, aby Osmani p\u0159iv\u00edtali. Ta se v sna\u017e\u00ed z\u00edskat pro svou zemi mezin\u00e1rodn\u00ed podporu, podobn\u011b jako se sna\u017e\u00ed velvyslankyn\u011b Kosovsk\u00e9 republiky v\u00a0\u010cR pan\u00ed Albesjana Iberhysaj-Kapitaj.<\/p>\n<p>Snaha z\u00edskat podporu pro svou zemi mezin\u00e1rodn\u00ed podporu je na b\u00edle dni: EU uvalila sankce kv\u016fli krok\u016fm Kosova proti srbsk\u00fdm instituc\u00edm a sna\u017e\u00ed se za ka\u017edou cenu dostat pod kontrolu Srbsko a vys\u00edl\u00e1 spole\u010dn\u011b s\u00a0Washingtonem m\u00e9n\u011b ne\u017e povzbudiv\u00e9 sign\u00e1ly do Pri\u0161tiny. EU si neuv\u011bdomuje konec star\u00e9 a za\u010d\u00e1tek nov\u00e9 epochy. A prezidenta Trumpa zaj\u00edmaj\u00ed p\u0159edev\u0161\u00edm obchodn\u011b lukrativn\u00ed vztahy se Srbskem. Ztr\u00e1tu americk\u00e9 podpory Kosovu ale nep\u0159epokl\u00e1d\u00e1m.<\/p>\n<p>Z\u00e1jemc\u016fm o t\u00e9ma doporu\u010duji sezn\u00e1mit se s\u00a0p\u0159\u00edsp\u011bvkem NZ nazvan\u00e9m Vjosa Osmani, p\u0159edsedkyn\u011b Demokratick\u00e9 ligy Kosova (LDK). Hovo\u0159ila na p\u0159edvolebn\u00edm shrom\u00e1\u017ed\u011bn\u00ed v Suharece v Kosovu, 27. z\u00e1\u0159\u00ed 2019 a p\u0159edstavila se jako nositelka nad\u011bje mlad\u00fdch lid\u00ed, \u017een a jako maj\u00e1k nad\u011bje. A tak\u00e9: Jak t\u0159i hv\u011bzdy alb\u00e1nsk\u00e9 komunity bojuj\u00ed proti kli\u0161\u00e9 \u2013 a p\u0159itom nastavuj\u00ed zrcadlo \u0160v\u00fdcarsku. Claudia Rey, Giorgio Scherrer (Text), Karin Hofer (Obr\u00e1zky) 11.12.2023.<\/p>\n<p>Vjosa Osmani p\u0159edstavuje sv\u011b\u017e\u00ed, ne\u010dekanou tv\u00e1\u0159 nejmlad\u0161\u00edho evropsk\u00e9ho st\u00e1tu, podobn\u011b jako p\u0159edstavuje velvyslankyn\u011b Kosovsk\u00e9 republiky v \u010cR pan\u00ed Albesjana Iberhysaj-Kapitaj a jej\u00ed mlad\u00fd a mal\u00fd t\u00fdm. Ob\u011bma d\u00e1m\u00e1m p\u0159eji, aby nad\u011bje na novou kapitolu nejenom kosovsko-\u0161v\u00fdcarsk\u00fdch, ale i kosovsko-\u010desk\u00fdch vztah\u016f, kter\u00e1 se projevila b\u011bhem st\u00e1tn\u00ed n\u00e1v\u0161t\u011bvy v Bernu, se stala realitou. P\u0159edpoklady pro zm\u011bnu existuj\u00ed, proto\u017ee za\u010d\u00edn\u00e1 nov\u00e1 epocha, star\u00e9 my\u0161len\u00ed um\u00edr\u00e1 a sou\u010dasn\u00e9 v\u00fdkonn\u00e9 loutky-politici padnou jako p\u0159ezr\u00e1l\u00e9 hru\u0161ky ze stromu.<\/p>\n<p>P\u0159ipom\u00edn\u00e1m, \u017ee mezin\u00e1rodn\u00ed uzn\u00e1n\u00ed Kosova je pouze \u010d\u00e1ste\u010dn\u00e9. K b\u0159eznu 2025 Republiku Kosovo uzn\u00e1valo 97 ze 193 (51 %) \u010dlensk\u00fdch st\u00e1t\u016f OSN, 22 z 27 (81 %) \u010dlensk\u00fdch st\u00e1t\u016f EU, 26 z 30 (86 %) \u010dlensk\u00fdch st\u00e1t\u016f NATO a 31 ze 57 (54 %) \u010dlensk\u00fdch st\u00e1t\u016f Organizace isl\u00e1msk\u00e9 spolupr\u00e1ce. Vl\u00e1da Srbska pova\u017euje Kosovo za srbskou autonomn\u00ed oblast Kosovo a Metochie, a za\u010dala normalizovat vztahy s vl\u00e1dou Kosova v souladu s tzv. bruselskou dohodou z roku 2013. Kosovo a EU podepsaly 27. \u0159\u00edjna 2015 Dohodu o stabilizaci a p\u0159idru\u017een\u00ed. OSN podle rezoluce RB \u010d. 1244 z roku 1999 Kosovo uzn\u00e1v\u00e1 jako integr\u00e1ln\u00ed sou\u010d\u00e1st Srbska pod mezin\u00e1rodn\u00ed kontrolou zast\u0159e\u0161ovanou Mis\u00ed OSN v Kosovu. Souhlasu net\u0159eba dne 24.5.2025<\/p>\n<p><strong><em>Jan Campbell<\/em><\/strong><\/p>\n<p>&nbsp;<\/p>\n","protected":false},"excerpt":{"rendered":"<p>\u00davod V\u0161ichni \u00fa\u010dastn\u00edci r\u016fzn\u00fdch konfrontac\u00ed, kter\u00e9 dnes ot\u0159\u00e1saj\u00ed sv\u011btem, tvrd\u00ed, \u017ee usiluj\u00ed o trval\u00fd, spravedliv\u00fd&#8230;<\/p>\n","protected":false},"author":2,"featured_media":47088,"comment_status":"closed","ping_status":"closed","sticky":false,"template":"","format":"standard","meta":[],"categories":[6],"tags":[1042,2181,1063],"_links":{"self":[{"href":"https:\/\/www.infokuryr.cz\/n\/wp-json\/wp\/v2\/posts\/79612"}],"collection":[{"href":"https:\/\/www.infokuryr.cz\/n\/wp-json\/wp\/v2\/posts"}],"about":[{"href":"https:\/\/www.infokuryr.cz\/n\/wp-json\/wp\/v2\/types\/post"}],"author":[{"embeddable":true,"href":"https:\/\/www.infokuryr.cz\/n\/wp-json\/wp\/v2\/users\/2"}],"replies":[{"embeddable":true,"href":"https:\/\/www.infokuryr.cz\/n\/wp-json\/wp\/v2\/comments?post=79612"}],"version-history":[{"count":0,"href":"https:\/\/www.infokuryr.cz\/n\/wp-json\/wp\/v2\/posts\/79612\/revisions"}],"wp:featuredmedia":[{"embeddable":true,"href":"https:\/\/www.infokuryr.cz\/n\/wp-json\/wp\/v2\/media\/47088"}],"wp:attachment":[{"href":"https:\/\/www.infokuryr.cz\/n\/wp-json\/wp\/v2\/media?parent=79612"}],"wp:term":[{"taxonomy":"category","embeddable":true,"href":"https:\/\/www.infokuryr.cz\/n\/wp-json\/wp\/v2\/categories?post=79612"},{"taxonomy":"post_tag","embeddable":true,"href":"https:\/\/www.infokuryr.cz\/n\/wp-json\/wp\/v2\/tags?post=79612"}],"curies":[{"name":"wp","href":"https:\/\/api.w.org\/{rel}","templated":true}]}}