{"id":79584,"date":"2025-05-25T00:21:02","date_gmt":"2025-05-24T22:21:02","guid":{"rendered":"https:\/\/www.infokuryr.cz\/n\/?p=79584"},"modified":"2025-05-24T13:22:01","modified_gmt":"2025-05-24T11:22:01","slug":"nemecko-trinactilety-arab-pobodal-v-berline-sveho-spoluzaka-o-nekolik-hodin-pozdeji-jedenactilety-iracan-pobodal-sveho-spoluzaka-v-severnim-poryni-vestfalsku","status":"publish","type":"post","link":"https:\/\/www.infokuryr.cz\/n\/2025\/05\/25\/nemecko-trinactilety-arab-pobodal-v-berline-sveho-spoluzaka-o-nekolik-hodin-pozdeji-jedenactilety-iracan-pobodal-sveho-spoluzaka-v-severnim-poryni-vestfalsku\/","title":{"rendered":"N\u011bmecko: T\u0159in\u00e1ctilet\u00fd Arab pobodal v Berl\u00edn\u011b sv\u00e9ho spolu\u017e\u00e1ka, o n\u011bkolik hodin pozd\u011bji jeden\u00e1ctilet\u00fd Ir\u00e1\u010dan pobodal sv\u00e9ho spolu\u017e\u00e1ka v Severn\u00edm Por\u00fdn\u00ed-Vestf\u00e1lsku"},"content":{"rendered":"<div id=\"fb-root\"><\/div>\n<h3 class=\"s-tagline fw-tagline\"><span>Den krveprolit\u00ed v n\u011bmeck\u00fdch \u0161kol\u00e1ch, op\u011bt d\u00edky nekontrolovan\u00e9 imigraci. Jeden t\u0159in\u00e1ctilet\u00fd podez\u0159el\u00fd je st\u00e1le na \u00fat\u011bku.<\/span><\/h3>\n<p><span>Server Remix News\u00a0<\/span><a href=\"https:\/\/rmx.news\/article\/german-school-system-overwhelmed-by-migrants-warns-president-of-german-teachers-association\/\"><span>v\u011bnoval rozs\u00e1hl\u00e9 zpravodajstv\u00ed<\/span><\/a><span>\u00a0zhor\u0161uj\u00edc\u00edmu se n\u011bmeck\u00e9mu \u0161kolsk\u00e9mu syst\u00e9mu, v\u010detn\u011b n\u00e1r\u016fstu extr\u00e9mn\u00edho n\u00e1sil\u00ed. V\u010dera tento trend zd\u016fraznil p\u0159\u00edpad, kdy byli dva studenti brut\u00e1ln\u011b pobod\u00e1ni s odstupem n\u011bkolika hodin na r\u016fzn\u00fdch m\u00edstech.<\/span><\/p>\n<p><span>V berl\u00ednsk\u00e9 multikulturn\u00ed \u010dtvrti Spandau v\u010dera t\u0159in\u00e1ctilet\u00fd arabsk\u00fd student pobodal sv\u00e9ho n\u011bmeck\u00e9ho spolu\u017e\u00e1ka a st\u00e1le je na \u00fat\u011bku.\u00a0<\/span><\/p>\n<p><a href=\"https:\/\/www.berliner-kurier.de\/berlin\/bluttat-an-berliner-grundschule-polizei-fahndet-nach-dem-13-jaehrigen-alan-said-ibrahim-li.2327566\"><span>Mlad\u00edk, identifikovan\u00fd jako Alan-Said Ibrahim, podle den\u00edku Berlin Kurier<\/span><\/a><span>\u00a0n\u011bkolikr\u00e1t bodl svou ob\u011b\u0165 kuchy\u0148sk\u00fdm no\u017eem kolem 11:30 dopoledne v z\u00e1kladn\u00ed \u0161kole Weinmeisterhorn pot\u00e9, co se v \u0161atn\u011b \u0161koly poh\u00e1dali\u00a0.<\/span><\/p>\n<p><span>Ob\u011b\u0165 krv\u00e1cela z krku a m\u00e1lem p\u0159i\u0161la o \u017eivot. Z \u0161atny utekl cel\u00fd od krve s jednou rukou p\u0159itisknutou na krk. Podez\u0159el\u00fd s no\u017eem utekl a je st\u00e1le na \u00fat\u011bku, policie varuje, \u017ee je potenci\u00e1ln\u011b ozbrojen\u00fd a nebezpe\u010dn\u00fd.<\/span><\/p>\n<p><span>Zran\u011bn\u00fd byl o\u0161et\u0159en na pohotovosti a jeho stav je nyn\u00ed stabilizovan\u00fd.<\/span><\/p>\n<p><span>Prob\u00edh\u00e1 rozs\u00e1hl\u00e9 p\u00e1tr\u00e1n\u00ed, a to i v dal\u0161\u00edch n\u011bmeck\u00fdch spolkov\u00fdch zem\u00edch, jako je Doln\u00ed Sasko, kde m\u00e1 chlapec rodinu. Vy\u0161et\u0159uje p\u0159\u00edpad i odd\u011blen\u00ed vra\u017ed.<\/span><\/p>\n<p><span>Podez\u0159el\u00fd m\u00e1 dvoj\u00ed americk\u00e9 a n\u011bmeck\u00e9 ob\u010danstv\u00ed, ale \u010detn\u00e9 zpr\u00e1vy nazna\u010duj\u00ed, \u017ee je Arab, co\u017e potvrzuje i jeho arabsk\u00e9 jm\u00e9no.<\/span><\/p>\n<p><span>Policie zve\u0159ejnila dv\u011b fotografie podez\u0159el\u00e9ho. Je vysok\u00fd 1,70 metru, m\u00e1 kr\u00e1tk\u00e9 hn\u011bd\u00e9 vlasy a silnou postavu. Naposledy byl spat\u0159en v b\u00edl\u00e9m tri\u010dku, sv\u011btle modr\u00fdch d\u017e\u00edn\u00e1ch a \u010dern\u00fdch bot\u00e1ch.<\/span><\/p>\n<p><span>Politik Alternativy pro N\u011bmecko Kurt Klaus Kleinschmidt\u00a0<\/span><a href=\"https:\/\/www.facebook.com\/kleinschmidt.afd\/photos\/bluttat-an-grundschule-arabischer-junge-13-sticht-mitsch%C3%BCler-12-niederein-arabis\/707923958428620\/\"><span>napsal<\/span><\/a><span>\u00a0na Facebooku:<\/span><\/p>\n<p><span>Krveprolit\u00ed na z\u00e1kladn\u00ed \u0161kole: 13let\u00fd arabsk\u00fd chlapec pobodal 12let\u00e9ho spolu\u017e\u00e1ka!<\/span><\/p>\n<p><span>V\u00e1\u017en\u011b zran\u011bn\u00fd chlapec je v kritick\u00e9m stavu. Podez\u0159el\u00fd pachatel: policii zn\u00e1m\u00fd, s migrantn\u00edm p\u016fvodem, op\u011bt&#8230;<\/span><\/p>\n<p><span>Co dal\u0161\u00edho se mus\u00ed st\u00e1t, ne\u017e se politika a spole\u010dnost kone\u010dn\u011b probud\u00ed? N\u00e1sil\u00ed, ne\u00facta a \u00famysln\u00e9 no\u0161en\u00ed zbran\u00ed do \u0161kol ji\u017e nejsou \u201eizolovan\u00fdmi incidenty\u201c \u2013 jsou to p\u0159\u00edznaky hlub\u0161\u00edho probl\u00e9mu: selh\u00e1n\u00ed integrace, nedostate\u010dn\u00e9ho prosazov\u00e1n\u00ed na\u0161ich hodnot a p\u0159et\u00ed\u017een\u00e9ho \u0161kolsk\u00e9ho syst\u00e9mu.\u201c<\/span><\/p>\n<p><span>Pot\u00e9 uv\u00e1d\u00ed \u0159adu po\u017eadavk\u016f, v\u010detn\u011b \u201enulov\u00e9 tolerance k n\u00e1sil\u00ed ve \u0161kol\u00e1ch a jasn\u00fdch d\u016fsledk\u016f i pro nezletil\u00e9\u201c, a tak\u00e9 \u201erepatriace n\u00e1padn\u00fdch recidivist\u016f, kter\u00fdm je odep\u0159eno pr\u00e1vo setrvat\u201c.<\/span><\/p>\n<p><span>Vzhledem k tomu, \u017ee \u00fadajn\u00fd pachatel i ob\u011b\u0165 jsou oba n\u011bme\u010dt\u00ed ob\u010dan\u00e9, bude tento \u00fatok no\u017eem ve statistik\u00e1ch trestn\u00e9 \u010dinnosti zapo\u010d\u00edt\u00e1n jako n\u011bmeck\u00fd pachatel.<\/span><\/p>\n<h2 class=\"wp-block-heading\"><span>Ir\u00e1ck\u00fd \u00fatok no\u017eem<\/span><\/h2>\n<p><span>Nebyl to jedin\u00fd \u00fatok no\u017eem ve \u0161kole, k n\u011bmu\u017e v\u010dera do\u0161lo v N\u011bmecku. V centru Remscheidu jeden\u00e1ctilet\u00e9 ir\u00e1ck\u00e9 d\u00edt\u011b pobodalo t\u0159in\u00e1ctilet\u00e9ho n\u011bmeck\u00e9ho chlapce kuchy\u0148sk\u00fdm no\u017eem pot\u00e9, co se ve \u0161kole poh\u00e1dali.<\/span><\/p>\n<p><span>Oba se d\u0159\u00edve poh\u00e1dali a po \u0161kole domluvili rva\u010dku. Migrant v\u0161ak p\u011bstmi nepou\u017eil. Pot\u00e9, co ho t\u0159in\u00e1ctilet\u00fd chlapec ude\u0159il, Ir\u00e1\u010dan vyt\u00e1hl kuchy\u0148sk\u00fd n\u016f\u017e. Sv\u00e9ho protivn\u00edka dvakr\u00e1t plnou silou bodl do nohy a pot\u00e9 z m\u00edsta \u010dinu uprchl.<\/span><\/p>\n<p><span>V\u00e1\u017en\u011b zran\u011bn\u00fd byl p\u0159evezen do nemocnice a o\u0161et\u0159en, ale neutrp\u011bl zran\u011bn\u00ed ohro\u017euj\u00edc\u00ed \u017eivot.<\/span><\/p>\n<p><span>Ir\u00e1ck\u00fd student byl zat\u010den pobl\u00ed\u017e domu sv\u00fdch rodi\u010d\u016f a jeliko\u017e mu je teprve 11 let, nebude \u010delit \u017e\u00e1dn\u00e9mu trestn\u00edmu obvin\u011bn\u00ed. St\u00edh\u00e1ny mohou b\u00fdt pouze osoby star\u0161\u00ed 14 let.<\/span><\/p>\n<p><span>Ve skute\u010dnosti je ji\u017e zp\u011bt u rodi\u010d\u016f, jeliko\u017e \u00fa\u0159ad pro p\u00e9\u010di o ml\u00e1de\u017e rozhodl o jeho propu\u0161t\u011bn\u00ed pot\u00e9, co jej neum\u00edstil do za\u0159\u00edzen\u00ed pro mladistv\u00e9. Rodi\u010de byli tak\u00e9 v minulosti sledov\u00e1ni \u00fa\u0159adem pro p\u00e9\u010di o ml\u00e1de\u017e kv\u016fli incident\u016fm, kter\u00e9 se k nim dopou\u0161t\u011bli.<\/span><\/p>\n<p><img decoding=\"async\" loading=\"lazy\" class=\"alignnone size-full wp-image-1185\" src=\"http:\/\/www.infokuryr.cz\/n\/wp-content\/uploads\/2021\/04\/kuryr-podpis.png\" alt=\"\" width=\"84\" height=\"24\" \/><\/p>\n<p>&nbsp;<\/p>\n","protected":false},"excerpt":{"rendered":"<p>Den krveprolit\u00ed v n\u011bmeck\u00fdch \u0161kol\u00e1ch, op\u011bt d\u00edky nekontrolovan\u00e9 imigraci. Jeden t\u0159in\u00e1ctilet\u00fd podez\u0159el\u00fd je st\u00e1le na&#8230;<\/p>\n","protected":false},"author":2,"featured_media":79585,"comment_status":"closed","ping_status":"closed","sticky":false,"template":"","format":"standard","meta":[],"categories":[7],"tags":[245,119,84,6742],"_links":{"self":[{"href":"https:\/\/www.infokuryr.cz\/n\/wp-json\/wp\/v2\/posts\/79584"}],"collection":[{"href":"https:\/\/www.infokuryr.cz\/n\/wp-json\/wp\/v2\/posts"}],"about":[{"href":"https:\/\/www.infokuryr.cz\/n\/wp-json\/wp\/v2\/types\/post"}],"author":[{"embeddable":true,"href":"https:\/\/www.infokuryr.cz\/n\/wp-json\/wp\/v2\/users\/2"}],"replies":[{"embeddable":true,"href":"https:\/\/www.infokuryr.cz\/n\/wp-json\/wp\/v2\/comments?post=79584"}],"version-history":[{"count":0,"href":"https:\/\/www.infokuryr.cz\/n\/wp-json\/wp\/v2\/posts\/79584\/revisions"}],"wp:featuredmedia":[{"embeddable":true,"href":"https:\/\/www.infokuryr.cz\/n\/wp-json\/wp\/v2\/media\/79585"}],"wp:attachment":[{"href":"https:\/\/www.infokuryr.cz\/n\/wp-json\/wp\/v2\/media?parent=79584"}],"wp:term":[{"taxonomy":"category","embeddable":true,"href":"https:\/\/www.infokuryr.cz\/n\/wp-json\/wp\/v2\/categories?post=79584"},{"taxonomy":"post_tag","embeddable":true,"href":"https:\/\/www.infokuryr.cz\/n\/wp-json\/wp\/v2\/tags?post=79584"}],"curies":[{"name":"wp","href":"https:\/\/api.w.org\/{rel}","templated":true}]}}