{"id":7957,"date":"2022-02-01T04:09:30","date_gmt":"2022-02-01T03:09:30","guid":{"rendered":"http:\/\/www.infokuryr.cz\/n\/?p=7957"},"modified":"2022-02-01T04:09:30","modified_gmt":"2022-02-01T03:09:30","slug":"wagnerovci-lezou-francouzum-v-sahelu-do-zeli","status":"publish","type":"post","link":"https:\/\/www.infokuryr.cz\/n\/2022\/02\/01\/wagnerovci-lezou-francouzum-v-sahelu-do-zeli\/","title":{"rendered":"Wagnerovci lezou Francouz\u016fm v Sahelu do zel\u00ed"},"content":{"rendered":"<div id=\"fb-root\"><\/div>\n<p>Zat\u00edmco z Ukrajiny toho pro Francii moc nekouk\u00e1, sahelsk\u00e9 Mali a St\u0159edoafrick\u00e1 republika znamenaj\u00ed pro Francii uran. Francouzsk\u00fd ministr zahrani\u010dn\u00edch v\u011bc\u00ed Jean-Yves Le Drian vyj\u00e1d\u0159il opakovan\u011b svou nevrlost z etablov\u00e1n\u00ed rusk\u00e9 Wagnerovk\u00e9 veter\u00e1nsk\u00e9 soukrom\u00e9 arm\u00e1dy v Sahelu.<\/p>\n<p>Vl\u00e1da v Bamaku dnes dala 72 hodin francouzsk\u00e9mu velvyslanci na opu\u0161t\u011bn\u00ed zem\u011b. Francie je v Sahelu na mrtv\u00e9m bod\u011b, a kruhy v Bamako vid\u00ed v Rusech re\u00e1ln\u011bj\u0161\u00ed nad\u011bji na potla\u010den\u00ed isl\u00e1mist\u016f a stabilizaci situace v zemi. Nav\u00edc Rusov\u00e9 na rozd\u00edl od Francouz\u016f nenesou koloni\u00e1ln\u00ed stigma a vztahy se daj\u00ed bez p\u0159edsudk\u016f ustavit na zelen\u00e9 louce.<\/p>\n<p><a href=\"https:\/\/www.lemonde.fr\/afrique\/article\/2022\/01\/31\/le-mali-decide-d-expulser-l-ambassadeur-de-france_6111729_3212.html\">ZDROJ<\/a><\/p>\n<p>&nbsp;<\/p>\n","protected":false},"excerpt":{"rendered":"<p>Zat\u00edmco z Ukrajiny toho pro Francii moc nekouk\u00e1, sahelsk\u00e9 Mali a St\u0159edoafrick\u00e1 republika znamenaj\u00ed pro&#8230;<\/p>\n","protected":false},"author":2,"featured_media":5021,"comment_status":"closed","ping_status":"closed","sticky":false,"template":"","format":"standard","meta":[],"categories":[7],"tags":[130,1254,321],"_links":{"self":[{"href":"https:\/\/www.infokuryr.cz\/n\/wp-json\/wp\/v2\/posts\/7957"}],"collection":[{"href":"https:\/\/www.infokuryr.cz\/n\/wp-json\/wp\/v2\/posts"}],"about":[{"href":"https:\/\/www.infokuryr.cz\/n\/wp-json\/wp\/v2\/types\/post"}],"author":[{"embeddable":true,"href":"https:\/\/www.infokuryr.cz\/n\/wp-json\/wp\/v2\/users\/2"}],"replies":[{"embeddable":true,"href":"https:\/\/www.infokuryr.cz\/n\/wp-json\/wp\/v2\/comments?post=7957"}],"version-history":[{"count":0,"href":"https:\/\/www.infokuryr.cz\/n\/wp-json\/wp\/v2\/posts\/7957\/revisions"}],"wp:featuredmedia":[{"embeddable":true,"href":"https:\/\/www.infokuryr.cz\/n\/wp-json\/wp\/v2\/media\/5021"}],"wp:attachment":[{"href":"https:\/\/www.infokuryr.cz\/n\/wp-json\/wp\/v2\/media?parent=7957"}],"wp:term":[{"taxonomy":"category","embeddable":true,"href":"https:\/\/www.infokuryr.cz\/n\/wp-json\/wp\/v2\/categories?post=7957"},{"taxonomy":"post_tag","embeddable":true,"href":"https:\/\/www.infokuryr.cz\/n\/wp-json\/wp\/v2\/tags?post=7957"}],"curies":[{"name":"wp","href":"https:\/\/api.w.org\/{rel}","templated":true}]}}