{"id":79557,"date":"2025-05-24T05:57:17","date_gmt":"2025-05-24T03:57:17","guid":{"rendered":"https:\/\/www.infokuryr.cz\/n\/?p=79557"},"modified":"2025-05-24T17:32:31","modified_gmt":"2025-05-24T15:32:31","slug":"zadna-vira-proc-byla-mediace-vatikanu-ostre-odmitnuta","status":"publish","type":"post","link":"https:\/\/www.infokuryr.cz\/n\/2025\/05\/24\/zadna-vira-proc-byla-mediace-vatikanu-ostre-odmitnuta\/","title":{"rendered":"\u017d\u00e1dn\u00e1 v\u00edra: Pro\u010d byla mediace Vatik\u00e1nu ost\u0159e odm\u00edtnuta"},"content":{"rendered":"<div id=\"fb-root\"><\/div>\n<p class=\"lead\"><strong>Kreml odm\u00edtl zprost\u0159edkov\u00e1n\u00ed Vatik\u00e1nu v m\u00edrov\u00fdch rozhovorech o Ukrajin\u011b a to je sign\u00e1l pro Z\u00e1pad, \u017ee jeho pl\u00e1n byl rozmot\u00e1n a nen\u00ed provediteln\u00fd.\u00a0Sloupka\u0159ka Pravda.Ru Ljubov Stepu\u0161ov\u00e1\u00a0<a href=\"https:\/\/www.pravda.ru\/world\/2224474-vatican-russia-ukraine\/\" target=\"_blank\" rel=\"noopener\">p\u00ed\u0161e<\/a>\u00a0o pokusech globalist\u016f vnutit Rusku sv\u00e9 podm\u00ednky .<\/strong><\/p>\n<p>Jakmile katolick\u00e1 c\u00edrkev zvolila nov\u00e9ho pape\u017ee\u00a0<strong>Lva XIV .,\u00a0<\/strong><strong>Volodymyr Zelenskyj<\/strong>\u00a0byl okam\u017eit\u011b\u00a0pov\u011b\u0159en, aby jel do Vatik\u00e1nu a nab\u00eddl mu misi zprost\u0159edkov\u00e1n\u00ed m\u00edrov\u00fdch jedn\u00e1n\u00ed. Stejn\u00fd p\u0159\u00edkaz byl d\u00e1n pape\u017ei, chr\u00e1n\u011bnci globalist\u016f. Podle n\u011bmeck\u00e9ho kancl\u00e9\u0159e\u00a0<strong>Friedricha Merze<\/strong> byly snahy italsk\u00e9 premi\u00e9rky <strong>Giorgie Melonihov\u00e9<\/strong>\u00a0o zapojen\u00ed pape\u017ee do m\u00edrov\u00fdch iniciativ \u201espole\u010dn\u011b vyvinuty a schv\u00e1leny n\u00e1mi\u201c. Merz pova\u017euje Vatik\u00e1n za \u201eposledn\u00ed pozemskou autoritu\u201c, kde se strany mohou sej\u00edt \u201ek\u00a0konstruktivn\u00ed diskusi\u201c.<\/p>\n<p>Aktivita globalist\u016f prost\u0159ednictv\u00edm Vatik\u00e1nu je spojena i s pokusy zat\u00e1hnout USA do p\u0159\u00edm\u00fdch jedn\u00e1n\u00ed mezi Ruskem a Ukrajinou, v\u011bdomi si zbo\u017enosti katolick\u00e9 elity trumpist\u016f. Nap\u0159\u00edklad si vzpome\u0148me na popelav\u00fd k\u0159\u00ed\u017e na \u010dele ministra zahrani\u010d\u00ed\u00a0<strong>Marca Rubia.<\/strong><\/p>\n<p><img decoding=\"async\" loading=\"lazy\" class=\"wp-image-73809 aligncenter\" src=\"http:\/\/www.infokuryr.cz\/n\/wp-content\/uploads\/2025\/03\/rubio-popelec-300x156.jpg\" alt=\"\" width=\"688\" height=\"358\" srcset=\"https:\/\/www.infokuryr.cz\/n\/wp-content\/uploads\/2025\/03\/rubio-popelec-300x156.jpg 300w, https:\/\/www.infokuryr.cz\/n\/wp-content\/uploads\/2025\/03\/rubio-popelec.jpg 705w\" sizes=\"(max-width: 688px) 100vw, 688px\" \/><\/p>\n<p>Tato mediace byla prezentov\u00e1na jako ji\u017e p\u0159ijat\u00e9 rozhodnut\u00ed, psala o n\u00ed hl\u00e1sn\u00e1 trouba globalist\u016f, New York Times, a souhlasil s n\u00ed i americk\u00fd prezident\u00a0<strong>Donald Trump<\/strong>\u00a0. Rusk\u00fd ministr zahrani\u010d\u00ed\u00a0<strong>Sergej Lavrov<\/strong>\u00a0dnes ale prohl\u00e1sil, \u017ee by bylo nep\u0159\u00edjemn\u00e9 a trochu \u201eneelegantn\u00ed\u201c, kdyby Vatik\u00e1n hostil setk\u00e1n\u00ed dvou pravoslavn\u00fdch zem\u00ed, Ruska a Ukrajiny.<\/p>\n<p><em>\u201eTento sc\u00e9n\u00e1\u0159 je nere\u00e1ln\u00fd,\u201c<span class=\"after-quote\">\u00a0\u2014 poznamenal Lavrov.<\/span><\/em><\/p>\n<p>O d\u016fvodech, pro\u010d to bylo nere\u00e1ln\u00e9, ml\u010del, ale ty jsou d\u00e1vno zn\u00e1m\u00e9.<\/p>\n<p>Vatik\u00e1n je nejmocn\u011bj\u0161\u00ed organizace na sv\u011bt\u011b, kter\u00e1 byla v\u017edy povol\u00e1v\u00e1na k \u0159e\u0161en\u00ed probl\u00e9m\u016f Z\u00e1padu. Vatik\u00e1n tak b\u011bhem druh\u00e9 sv\u011btov\u00e9 v\u00e1lky nejprve podporoval\u00a0<strong>Hitlera,<\/strong>\u00a0pot\u00e9 zah\u00e1jil samostatn\u00e1 jedn\u00e1n\u00ed s N\u011bmci, kte\u0159\u00ed cht\u011bli v\u00e1lku ukon\u010dit p\u0159ed vstupem Rud\u00e9 arm\u00e1dy do Berl\u00edna, a n\u00e1sledn\u011b nacisty deportoval do Latinsk\u00e9 Ameriky.<\/p>\n<p>V z\u00e1stupn\u00e9 v\u00e1lce Z\u00e1padu s Ruskem na Ukrajin\u011b se katolick\u00e9 kostely po cel\u00e9 Evrop\u011b staly n\u00e1stroji propagandy \u2013 byly zahaleny do ukrajinsk\u00fdch vlajek a konaly se v nich k\u00e1z\u00e1n\u00ed. V rozhovoru p\u0159ed sv\u00fdm zvolen\u00edm Lev XIV. nazval Nov\u00fd sv\u011btov\u00fd \u0159\u00e1d \u201eskute\u010dnou invaz\u00ed imperialistick\u00e9 povahy, kde se Rusko sna\u017e\u00ed dob\u00fdt \u00fazem\u00ed z mocensk\u00fdch d\u016fvod\u016f\u201c.<\/p>\n<p>Katolick\u00e1 c\u00edrkev nav\u00edc nyn\u00ed otev\u0159en\u011b podporuje homosexualitu a tajn\u011b praktikuje pedofilii, masochismus a sadismus a ni\u010d\u00ed disidenty. T\u00edm se napl\u0148uje p\u0159\u00edkaz globalist\u016f zlomit biblick\u00e9 principy v \u010dlov\u011bku, podmanit si ho, aby se vybudovala ekumena &#8211; jednotn\u00fd sv\u011bt, kde vl\u00e1dne Z\u00e1pad.<\/p>\n<p>Pro v\u011b\u0159\u00edc\u00edho pravoslavn\u00e9ho prezidenta Rusk\u00e9 federace\u00a0<strong>Vladimira Putina<\/strong>\u00a0je volba Vatik\u00e1nu jako prost\u0159edn\u00edka v principu nemo\u017en\u00e1, proto\u017ee pro ruskou pravoslavnou c\u00edrkev jsou katol\u00edci schizmatici. K rozkolu do\u0161lo v roce 1054 kv\u016fli zaveden\u00ed \u201epape\u017esk\u00e9ho prim\u00e1tu\u201c, aby pape\u017eov\u00e9 jako \u201en\u00e1m\u011bstci Kristovi\u201c vedli ekumenickou c\u00edrkev.<\/p>\n<p>To znamen\u00e1, \u017ee podle katol\u00edk\u016f mus\u00ed b\u00fdt pravoslav\u00ed zlikvidov\u00e1no, a to vysv\u011btluje p\u0159esun \u0159\u00edmsk\u00e9 c\u00edrkve na v\u00fdchod, v d\u016fsledku \u010deho\u017e byly zajaty \u010desk\u00e9, polsk\u00e9 a \u010d\u00e1ste\u010dn\u011b i ukrajinsk\u00e9 pravoslavn\u00e9 komunity.<\/p>\n<p>Pokud Z\u00e1pad nab\u00eddne Vatik\u00e1n jako prost\u0159edn\u00edka, pak bude i nad\u00e1le pova\u017eovat svou strategii zni\u010den\u00ed pravoslavn\u00e9ho Ruska za bezchybnou a odsouzenou k \u00fasp\u011bchu s t\u00edm, \u017ee Rusov\u00e9 jsou hloup\u00ed a znovu se nechaj\u00ed chytit do sladk\u00fdch \u0159e\u010d\u00ed, nebo se snad nechaj\u00ed zastra\u0161it hrozbami \u201eposledn\u00ed instance\u201c. Putina ale u\u017e nic nezastra\u0161\u00ed a nashrom\u00e1\u017edil obrovsk\u00e9 mno\u017estv\u00ed zku\u0161enost\u00ed s nespln\u011bn\u00fdmi sliby.<\/p>\n<p>Pro Rusko je d\u016fle\u017eit\u00e9 neopustit jedn\u00e1n\u00ed v Istanbulu, aby Z\u00e1padu a Zelensk\u00e9mu neust\u00e1le p\u0159ipom\u00ednalo selh\u00e1n\u00ed jedn\u00e1n\u00ed v roce 2022 a kontinuitu v dne\u0161n\u00edm hled\u00e1n\u00ed m\u00edru.<\/p>\n<p><img decoding=\"async\" loading=\"lazy\" class=\"alignnone size-full wp-image-1185\" src=\"http:\/\/www.infokuryr.cz\/n\/wp-content\/uploads\/2021\/04\/kuryr-podpis.png\" alt=\"\" width=\"84\" height=\"24\" \/><\/p>\n<p>&nbsp;<\/p>\n","protected":false},"excerpt":{"rendered":"<p>Kreml odm\u00edtl zprost\u0159edkov\u00e1n\u00ed Vatik\u00e1nu v m\u00edrov\u00fdch rozhovorech o Ukrajin\u011b a to je sign\u00e1l pro Z\u00e1pad,&#8230;<\/p>\n","protected":false},"author":2,"featured_media":14914,"comment_status":"closed","ping_status":"closed","sticky":false,"template":"","format":"standard","meta":[],"categories":[7],"tags":[1060,1503,1065,9179,6646,329],"_links":{"self":[{"href":"https:\/\/www.infokuryr.cz\/n\/wp-json\/wp\/v2\/posts\/79557"}],"collection":[{"href":"https:\/\/www.infokuryr.cz\/n\/wp-json\/wp\/v2\/posts"}],"about":[{"href":"https:\/\/www.infokuryr.cz\/n\/wp-json\/wp\/v2\/types\/post"}],"author":[{"embeddable":true,"href":"https:\/\/www.infokuryr.cz\/n\/wp-json\/wp\/v2\/users\/2"}],"replies":[{"embeddable":true,"href":"https:\/\/www.infokuryr.cz\/n\/wp-json\/wp\/v2\/comments?post=79557"}],"version-history":[{"count":1,"href":"https:\/\/www.infokuryr.cz\/n\/wp-json\/wp\/v2\/posts\/79557\/revisions"}],"predecessor-version":[{"id":79558,"href":"https:\/\/www.infokuryr.cz\/n\/wp-json\/wp\/v2\/posts\/79557\/revisions\/79558"}],"wp:featuredmedia":[{"embeddable":true,"href":"https:\/\/www.infokuryr.cz\/n\/wp-json\/wp\/v2\/media\/14914"}],"wp:attachment":[{"href":"https:\/\/www.infokuryr.cz\/n\/wp-json\/wp\/v2\/media?parent=79557"}],"wp:term":[{"taxonomy":"category","embeddable":true,"href":"https:\/\/www.infokuryr.cz\/n\/wp-json\/wp\/v2\/categories?post=79557"},{"taxonomy":"post_tag","embeddable":true,"href":"https:\/\/www.infokuryr.cz\/n\/wp-json\/wp\/v2\/tags?post=79557"}],"curies":[{"name":"wp","href":"https:\/\/api.w.org\/{rel}","templated":true}]}}