{"id":79550,"date":"2025-05-24T05:18:52","date_gmt":"2025-05-24T03:18:52","guid":{"rendered":"https:\/\/www.infokuryr.cz\/n\/?p=79550"},"modified":"2025-05-24T05:18:52","modified_gmt":"2025-05-24T03:18:52","slug":"alastair-crooke-prechod-k-novemu-svetovemu-radu-je-pro-vetsinu-na-zapade-nad-ramec-ocekavani","status":"publish","type":"post","link":"https:\/\/www.infokuryr.cz\/n\/2025\/05\/24\/alastair-crooke-prechod-k-novemu-svetovemu-radu-je-pro-vetsinu-na-zapade-nad-ramec-ocekavani\/","title":{"rendered":"Alastair Crooke: \u201eP\u0159echod\u201c k nov\u00e9mu sv\u011btov\u00e9mu \u0159\u00e1du je pro v\u011bt\u0161inu na Z\u00e1pad\u011b nad r\u00e1mec o\u010dek\u00e1v\u00e1n\u00ed"},"content":{"rendered":"<div id=\"fb-root\"><\/div>\n<p><strong>Nov\u00e1 \u00e9ra znamen\u00e1 konec \u201estar\u00e9 politiky\u201c: ozna\u010den\u00ed \u201e\u010derven\u00ed proti modr\u00fdm\u201c nebo \u201epravice proti levici\u201c ztr\u00e1c\u00ed na v\u00fdznamu.<\/strong><\/p>\n<p>Aby bylo jasno, pot\u0159eba transformace se v USA teprve za\u010d\u00edn\u00e1 uzn\u00e1vat.<\/p>\n<p>Evrop\u0161t\u00ed l\u00edd\u0159i a ti, kdo profituj\u00ed z finan\u010dn\u00ed globalizace a pov\u00fd\u0161en\u011b lamentuj\u00ed nad \u201ebou\u0159\u00ed\u201c, kterou Trump nerozumn\u011b rozpoutal na sv\u011bt, v\u0161ak Trumpovy z\u00e1kladn\u00ed ekonomick\u00e9 teze zesm\u011b\u0161\u0148uj\u00ed jako bizarn\u00ed p\u0159edstavy zcela odtr\u017een\u00e9 od ekonomick\u00e9 \u201ereality\u201c.<\/p>\n<p>To je v\u0161ak naprost\u00fd nesmysl.<\/p>\n<p>Jak\u00a0<a href=\"https:\/\/www.youtube.com\/watch?v=VUBTHQ11G8M\" target=\"_blank\" rel=\"external noopener\">poukazuje<\/a>\u00a0\u0159eck\u00fd ekonom Yanis Varoufakis, realitu z\u00e1padn\u00ed situace a pot\u0159ebu transformace jasn\u011b vyj\u00e1d\u0159il ji\u017e v roce 2005 Paul Volcker, b\u00fdval\u00fd p\u0159edseda Feder\u00e1ln\u00edho rezervn\u00edho syst\u00e9mu.<\/p>\n<div class=\"ramecek\">\n<p>Tvrd\u00e1 \u201eskute\u010dnost\u201c liber\u00e1ln\u00edho globalistick\u00e9ho ekonomick\u00e9ho paradigmatu byla patrn\u00e1 ji\u017e tehdy:<\/p>\n<p>\u201eTo, co dr\u017e\u00ed globalistick\u00fd syst\u00e9m pohromad\u011b, je masivn\u00ed a rostouc\u00ed tok kapit\u00e1lu ze zahrani\u010d\u00ed, kter\u00fd dosahuje v\u00edce ne\u017e 2 miliardy dolar\u016f ka\u017ed\u00fd pracovn\u00ed den \u2013 a st\u00e1le roste. Neexistuje \u017e\u00e1dn\u00fd pocit nap\u011bt\u00ed. Jako n\u00e1rod si v\u011bdom\u011b nep\u016fj\u010dujeme ani ne\u017eebr\u00e1me. Nenab\u00edz\u00edme ani atraktivn\u00ed \u00farokov\u00e9 sazby, ani nemus\u00edme na\u0161im v\u011b\u0159itel\u016fm nab\u00edzet ochranu p\u0159ed rizikem poklesu dolaru\u201c.<\/p>\n<p>\u201ePro n\u00e1s je to v\u0161echno docela pohodln\u00e9. Napl\u0148ujeme na\u0161e obchody a gar\u00e1\u017ee zbo\u017e\u00edm ze zahrani\u010d\u00ed a konkurence siln\u011b brzd\u00ed na\u0161e vnit\u0159n\u00ed ceny. To jist\u011b pomohlo udr\u017eet \u00farokov\u00e9 sazby na mimo\u0159\u00e1dn\u011b n\u00edzk\u00e9 \u00farovni navzdory mizej\u00edc\u00edm \u00faspor\u00e1m a rychl\u00e9mu r\u016fstu.\u201c<\/p>\n<p>\u201eA pohodln\u00e9 to [bylo] i pro na\u0161e obchodn\u00ed partnery a pro ty, kte\u0159\u00ed dod\u00e1vaj\u00ed kapit\u00e1l. N\u011bkte\u0159\u00ed, jako \u010c\u00edna [a Evropa, zejm\u00e9na N\u011bmecko], jsou siln\u011b z\u00e1visl\u00ed na na\u0161ich roz\u0161i\u0159uj\u00edc\u00edch se dom\u00e1c\u00edch trz\u00edch. A centr\u00e1ln\u00ed banky rozv\u00edjej\u00edc\u00edch se zem\u00ed jsou z v\u011bt\u0161\u00ed \u010d\u00e1sti ochotn\u00e9 dr\u017eet st\u00e1le v\u00edce dolar\u016f, kter\u00e9 jsou koneckonc\u016f nejbli\u017e\u0161\u00ed v\u011bc\u00ed, kterou sv\u011bt m\u00e1 k skute\u010dn\u011b mezin\u00e1rodn\u00ed m\u011bn\u011b.\u201e<\/p>\n<p>\u201cProbl\u00e9m je v tom, \u017ee tento zd\u00e1nliv\u011b pohodln\u00fd model nem\u016f\u017ee pokra\u010dovat donekone\u010dna.\u201c<\/p>\n<\/div>\n<p>P\u0159esn\u011b tak. A Trump pr\u00e1v\u011b ni\u010d\u00ed sv\u011btov\u00fd obchodn\u00ed syst\u00e9m, aby ho mohl nastavit znovu. Z\u00e1padn\u00ed liber\u00e1lov\u00e9, kte\u0159\u00ed dnes sk\u0159\u00edpaj\u00ed zuby a lamentuj\u00ed nad p\u0159\u00edchodem \u201etrumpovsk\u00e9 ekonomiky\u201c, prost\u011b odm\u00edtaj\u00ed uznat, \u017ee Trump alespo\u0148 uznal nejd\u016fle\u017eit\u011bj\u0161\u00ed americkou realitu \u2013 tj. \u017ee tento model nem\u016f\u017ee pokra\u010dovat donekone\u010dna a \u017ee dluhem poh\u00e1n\u011bn\u00e1 spot\u0159eba u\u017e d\u00e1vno p\u0159ekro\u010dila svou expira\u010dn\u00ed dobu.<\/p>\n<p>Vzpome\u0148me si, \u017ee v\u011bt\u0161ina \u00fa\u010dastn\u00edk\u016f z\u00e1padn\u00edho finan\u010dn\u00edho syst\u00e9mu nezn\u00e1 cel\u00fd sv\u016fj \u017eivot nic jin\u00e9ho ne\u017e Volcker\u016fv \u201epohodln\u00fd sv\u011bt\u201c. Nen\u00ed divu, \u017ee maj\u00ed pot\u00ed\u017ee myslet mimo svou uzav\u0159enou retortu.<\/p>\n<p>To samoz\u0159ejm\u011b neznamen\u00e1, \u017ee Trumpovo \u0159e\u0161en\u00ed probl\u00e9mu bude fungovat. Je mo\u017en\u00e9, \u017ee Trumpova specifick\u00e1 forma struktur\u00e1ln\u00ed rebalancov\u00e1n\u00ed situaci je\u0161t\u011b zhor\u0161\u00ed.<\/p>\n<p>Nicm\u00e9n\u011b n\u011bjak\u00e1 forma restrukturalizace je zjevn\u011b nevyhnuteln\u00e1. Jinak se jedn\u00e1 o volbu mezi pomal\u00fdm bankrotem a rychl\u00fdm a chaotick\u00fdm bankrotem.<\/p>\n<p>Dolarov\u00fd globalistick\u00fd syst\u00e9m zpo\u010d\u00e1tku fungoval dob\u0159e \u2013 alespo\u0148 z pohledu USA. USA exportovaly sv\u00e9 v\u00fdrobn\u00ed nadkapacity z obdob\u00ed po druh\u00e9 sv\u011btov\u00e9 v\u00e1lce do nov\u011b dolarizovan\u00e9 Evropy, kter\u00e1 spot\u0159ebov\u00e1vala p\u0159ebytky. A Evropa tak\u00e9 t\u011b\u017e\u00ed z v\u00fdhod sv\u00e9ho makroekonomick\u00e9ho prost\u0159ed\u00ed (modely zalo\u017een\u00e9 na v\u00fdvozu, garantovan\u00e9 americk\u00fdm trhem).<\/p>\n<p>Sou\u010dasn\u00e1 krize v\u0161ak za\u010dala, kdy\u017e se paradigma obr\u00e1tilo \u2013 kdy\u017e USA vstoupily do \u00e9ry neudr\u017eiteln\u00fdch struktur\u00e1ln\u00edch rozpo\u010dtov\u00fdch deficit\u016f a kdy\u017e finan\u010dn\u00edkizace vedla Wall Street k vybudov\u00e1n\u00ed obr\u00e1cen\u00e9 pyramidy deriv\u00e1tov\u00fdch \u201eaktiv\u201c, spo\u010d\u00edvaj\u00edc\u00ed na mal\u00e9m pil\u00ed\u0159i re\u00e1ln\u00fdch aktiv.<\/p>\n<p>Samotn\u00e1 skute\u010dnost struktur\u00e1ln\u00ed nerovnov\u00e1hy je dost \u0161patn\u00e1. Ale z\u00e1padn\u00ed geostrategick\u00e1 krize sah\u00e1 mnohem hloub\u011bji ne\u017e jen ke struktur\u00e1ln\u00edmu rozporu mezi vnit\u0159n\u00edmi toky kapit\u00e1lu a \u201esiln\u00fdm\u201c dolarem, kter\u00fd vys\u00e1v\u00e1 srdce americk\u00e9ho v\u00fdrobn\u00edho sektoru. Je toti\u017e spjata tak\u00e9 s doprovodn\u00fdm kolapsem z\u00e1kladn\u00edch ideologi\u00ed, na nich\u017e stoj\u00ed liber\u00e1ln\u00ed globalismus.<\/p>\n<p>Pr\u00e1v\u011b kv\u016fli t\u00e9to hlubok\u00e9 oddanosti ideologii (stejn\u011b jako \u201epohodl\u00ed\u201c poskytovan\u00e9mu syst\u00e9mem Volker) se spustila takov\u00e1 vlna hn\u011bvu a otev\u0159en\u00e9ho posm\u011bchu v\u016f\u010di Trumpov\u00fdm pl\u00e1n\u016fm \u201evyrovn\u00e1n\u00ed\u201c. Sotva jeden z\u00e1padn\u00ed ekonom m\u00e1 na jeho adresu dobr\u00e9 slovo \u2013 a p\u0159esto nen\u00ed nab\u00eddnuta \u017e\u00e1dn\u00e1 p\u0159ijateln\u00e1 alternativa. Jejich v\u00e1\u0161e\u0148 nam\u00ed\u0159en\u00e1 proti Trumpovi jen podtrhuje, \u017ee z\u00e1padn\u00ed ekonomick\u00e1 teorie je tak\u00e9 v bankrotu.<\/p>\n<p>To znamen\u00e1, \u017ee hlub\u0161\u00ed geostrategick\u00e1 krize Z\u00e1padu spo\u010d\u00edv\u00e1 jak v kolapsu archetyp\u00e1ln\u00ed ideologie, tak v paral\u00fdze elitn\u00edho \u0159\u00e1du.<\/p>\n<p>T\u0159icet let Wall Street prod\u00e1vala fantazii (dluhy nevad\u00ed) &#8230; a tato iluze se pr\u00e1v\u011b rozpadla.<\/p>\n<p>Ano, n\u011bkte\u0159\u00ed ch\u00e1pou, \u017ee z\u00e1padn\u00ed ekonomick\u00fd model zalo\u017een\u00fd na dluz\u00edch a hyperfinancov\u00e1n\u00ed spot\u0159ebitelstv\u00ed dos\u00e1hl sv\u00e9ho konce a \u017ee zm\u011bna je nevyhnuteln\u00e1. Z\u00e1pad je v\u0161ak do \u201eangloamerick\u00e9ho\u201c ekonomick\u00e9ho modelu investov\u00e1n natolik, \u017ee ekonomov\u00e9 z v\u011bt\u0161\u00ed \u010d\u00e1sti z\u016fst\u00e1vaj\u00ed paralyzov\u00e1ni v pavu\u010din\u011b. Neexistuje alternativa (TINA) je heslo dne.<\/p>\n<p>Ideologick\u00fdm z\u00e1kladem americk\u00e9ho ekonomick\u00e9ho modelu je p\u0159edev\u0161\u00edm kniha Friedricha von Hayeka Cesta do otroctv\u00ed, kter\u00e1 byla ch\u00e1p\u00e1na tak, \u017ee jak\u00fdkoli z\u00e1sah vl\u00e1dy do \u0159\u00edzen\u00ed ekonomiky je poru\u0161en\u00edm \u201esvobody\u201c \u2013 a rovn\u00e1 se socialismu. A za druh\u00e9, po spojen\u00ed Hayeka s chicagskou \u0161kolou monetarismu v osob\u011b Miltona Friedmana, kter\u00fd sepsal \u201eamerickou verzi\u201c knihy Cesta do otroctv\u00ed (kter\u00e1 (ironicky) dostala n\u00e1zev Kapitalismus a svoboda), byl archetyp stanoven.<\/p>\n<p>Ekonom Philip Pilkington\u00a0<a href=\"https:\/\/www.nakedcapitalism.com\/2013\/01\/philip-pilkington-the-origins-of-neoliberalism-part-iii-europe-and-the-centre-left-fall-under-hayeks-spell.html\" target=\"_blank\" rel=\"external noopener\">p\u00ed\u0161e<\/a>, \u017ee Hayekova iluze, \u017ee trhy jsou rovny \u201esvobod\u011b\u201c a jsou proto v souladu s hluboce zako\u0159en\u011bn\u00fdm americk\u00fdm libertari\u00e1nsk\u00fdm proudem, \u201ese roz\u0161\u00ed\u0159ila do t\u00e9 m\u00edry, \u017ee zcela nasytila ve\u0161kerou diskusi\u201c:<\/p>\n<div class=\"ramecek\">\n<p>\u201eVe slu\u0161n\u00e9 spole\u010dnosti a na ve\u0159ejnosti m\u016f\u017eete b\u00fdt samoz\u0159ejm\u011b levicov\u00fd nebo pravicov\u00fd, ale v\u017edy budete v n\u011bjak\u00e9 form\u011b neoliber\u00e1ln\u00ed; jinak v\u00e1m prost\u011b nebude dovoleno \u00fa\u010dastnit se diskuse\u201c.<\/p>\n<p>\u201eKa\u017ed\u00e1 zem\u011b m\u016f\u017ee m\u00edt sv\u00e9 vlastn\u00ed zvl\u00e1\u0161tnosti \u2026 ale v z\u00e1sad\u011b se \u0159\u00edd\u00ed podobn\u00fdm vzorem: dluhem \u0159\u00edzen\u00fd neoliberalismus je p\u0159edev\u0161\u00edm teori\u00ed, jak p\u0159etvo\u0159it st\u00e1t, aby byl zaru\u010den \u00fasp\u011bch trh\u016f \u2013 a jejich nejd\u016fle\u017eit\u011bj\u0161\u00edho \u00fa\u010dastn\u00edka: modern\u00edch korporac\u00ed\u201c.<\/p>\n<\/div>\n<p>Zde je tedy z\u00e1sadn\u00ed bod: Krize liber\u00e1ln\u00edho globalismu nen\u00ed jen ot\u00e1zkou vyv\u00e1\u017een\u00ed selh\u00e1vaj\u00edc\u00ed struktury. Nerovnov\u00e1ha je stejn\u011b nevyhnuteln\u00e1, pokud v\u0161echny ekonomiky spole\u010dn\u011b a najednou sleduj\u00ed \u201eotev\u0159en\u00fd\u201c anglosask\u00fd model zalo\u017een\u00fd na exportu.<\/p>\n<p>Ne, v\u011bt\u0161\u00edm probl\u00e9mem je, \u017ee archetyp\u00e1ln\u00ed m\u00fdtus o jednotlivc\u00edch (a oligarch\u00e1ch), kte\u0159\u00ed d\u00edky skryt\u00e9 ruce tr\u017en\u00ed magie sleduj\u00ed vlastn\u00ed maxim\u00e1ln\u00ed u\u017eitek, je takov\u00fd, \u017ee v souhrnu budou jejich spole\u010dn\u00e9 \u00fasil\u00ed ku prosp\u011bchu cel\u00e9 spole\u010dnosti (Adam Smith), tak\u00e9 selhal.<\/p>\n<p>Ideologie, kter\u00e9 se Z\u00e1pad tak hou\u017eevnat\u011b dr\u017e\u00ed \u2013 \u017ee lidsk\u00e1 motivace je utilit\u00e1rn\u00ed (a pouze utilit\u00e1rn\u00ed) \u2013 je ve skute\u010dnosti iluz\u00ed. Jak pouk\u00e1zali filozofov\u00e9 v\u011bdy jako Hans Albert, teorie maximalizace u\u017eitku a priori vylu\u010duje mapov\u00e1n\u00ed re\u00e1ln\u00e9ho sv\u011bta, \u010d\u00edm\u017e se st\u00e1v\u00e1 neov\u011b\u0159itelnou.<\/p>\n<p>Paradoxn\u011b je v\u0161ak Trump samoz\u0159ejm\u011b hlavn\u00edm p\u0159edstavitelem v\u0161ech utilit\u00e1rn\u00edch maximalist\u016f! Je tedy prorokem n\u00e1vratu do \u00e9ry dobrodru\u017en\u00fdch americk\u00fdch magn\u00e1t\u016f devaten\u00e1ct\u00e9ho stolet\u00ed, nebo je stoupencem z\u00e1sadn\u011bj\u0161\u00edho p\u0159ehodnocen\u00ed?<\/p>\n<p>Zjednodu\u0161en\u011b \u0159e\u010deno, Z\u00e1pad nem\u016f\u017ee p\u0159ej\u00edt k alternativn\u00ed ekonomick\u00e9 struktu\u0159e (nap\u0159\u00edklad k \u201euzav\u0159en\u00e9mu\u201c modelu vnit\u0159n\u00edho ob\u011bhu) pr\u00e1v\u011b proto, \u017ee je ideologicky tak siln\u011b zakotven v filozofick\u00fdch z\u00e1kladech t\u00e9 sou\u010dasn\u00e9 \u2013 zpochyb\u0148ovat tyto ko\u0159eny se jev\u00ed jako zrada evropsk\u00fdch hodnot a z\u00e1kladn\u00edch libertari\u00e1nsk\u00fdch hodnot Ameriky (vych\u00e1zej\u00edc\u00edch z francouzsk\u00e9 revoluce).<\/p>\n<p>Realita je takov\u00e1, \u017ee dnes je z\u00e1padn\u00ed vize sv\u00fdch \u00fadajn\u00fdch ath\u00e9nsk\u00fdch \u201ehodnot\u201c stejn\u011b diskreditovan\u00e1 jako jeho ekonomick\u00e1 teorie ve zbytku sv\u011bta, stejn\u011b jako mezi v\u00fdznamnou \u010d\u00e1st\u00ed vlastn\u00edho rozhn\u011bvan\u00e9ho a nespokojen\u00e9ho obyvatelstva!<\/p>\n<p>Z\u00e1v\u011br je tedy n\u00e1sleduj\u00edc\u00ed: Nehledejte u evropsk\u00fdch elit \u017e\u00e1dn\u00fd koherentn\u00ed pohled na vznikaj\u00edc\u00ed sv\u011btov\u00fd \u0159\u00e1d. Jsou v rozkladu a jsou pln\u011b zam\u011bstn\u00e1ny snahou zachr\u00e1nit se uprost\u0159ed rozpadu z\u00e1padn\u00ed sf\u00e9ry a strachem z odplaty ze strany sv\u00fdch voli\u010d\u016f.<\/p>\n<p>Tato nov\u00e1 \u00e9ra v\u0161ak tak\u00e9 znamen\u00e1 konec \u201estar\u00e9 politiky\u201c: ozna\u010den\u00ed \u201e\u010derven\u00ed proti modr\u00fdm\u201c a \u201epravice proti levici\u201c ztr\u00e1c\u00ed na v\u00fdznamu. Ji\u017e se formuj\u00ed nov\u00e9 politick\u00e9 identity a seskupen\u00ed, i kdy\u017e jejich obrysy je\u0161t\u011b nejsou jasn\u011b definov\u00e1ny.<\/p>\n<div class=\"podcarou\">\n<p><a href=\"https:\/\/strategic-culture.su\/news\/2025\/05\/19\/transition-to-new-world-order-beyond-most-in-west\/\" target=\"_blank\" rel=\"external noopener\">\u2018Transition\u2019 to a new world order is beyond most in the West<\/a> vy\u0161el 19.5.2025 naStategic Culture. P\u0159eklad <a href=\"https:\/\/zvedavec.news\/komentare\/2025\/05\/10519-prechod-k-novemu-svetovemu-radu-je-pro-vetsinu-na-zapade-nad-ramec-ocekavani.htm\">Zv\u011bdavec<\/a><\/p>\n<p>&nbsp;<\/p>\n<\/div>\n","protected":false},"excerpt":{"rendered":"<p>Nov\u00e1 \u00e9ra znamen\u00e1 konec \u201estar\u00e9 politiky\u201c: ozna\u010den\u00ed \u201e\u010derven\u00ed proti modr\u00fdm\u201c nebo \u201epravice proti levici\u201c ztr\u00e1c\u00ed&#8230;<\/p>\n","protected":false},"author":2,"featured_media":34734,"comment_status":"closed","ping_status":"closed","sticky":false,"template":"","format":"standard","meta":[],"categories":[7],"tags":[1042,2181,2190],"_links":{"self":[{"href":"https:\/\/www.infokuryr.cz\/n\/wp-json\/wp\/v2\/posts\/79550"}],"collection":[{"href":"https:\/\/www.infokuryr.cz\/n\/wp-json\/wp\/v2\/posts"}],"about":[{"href":"https:\/\/www.infokuryr.cz\/n\/wp-json\/wp\/v2\/types\/post"}],"author":[{"embeddable":true,"href":"https:\/\/www.infokuryr.cz\/n\/wp-json\/wp\/v2\/users\/2"}],"replies":[{"embeddable":true,"href":"https:\/\/www.infokuryr.cz\/n\/wp-json\/wp\/v2\/comments?post=79550"}],"version-history":[{"count":0,"href":"https:\/\/www.infokuryr.cz\/n\/wp-json\/wp\/v2\/posts\/79550\/revisions"}],"wp:featuredmedia":[{"embeddable":true,"href":"https:\/\/www.infokuryr.cz\/n\/wp-json\/wp\/v2\/media\/34734"}],"wp:attachment":[{"href":"https:\/\/www.infokuryr.cz\/n\/wp-json\/wp\/v2\/media?parent=79550"}],"wp:term":[{"taxonomy":"category","embeddable":true,"href":"https:\/\/www.infokuryr.cz\/n\/wp-json\/wp\/v2\/categories?post=79550"},{"taxonomy":"post_tag","embeddable":true,"href":"https:\/\/www.infokuryr.cz\/n\/wp-json\/wp\/v2\/tags?post=79550"}],"curies":[{"name":"wp","href":"https:\/\/api.w.org\/{rel}","templated":true}]}}