{"id":79543,"date":"2025-05-24T00:44:53","date_gmt":"2025-05-23T22:44:53","guid":{"rendered":"https:\/\/www.infokuryr.cz\/n\/?p=79543"},"modified":"2025-05-23T19:07:52","modified_gmt":"2025-05-23T17:07:52","slug":"izraelska-nenavist-k-detem-v-gaze-je-sokujici","status":"publish","type":"post","link":"https:\/\/www.infokuryr.cz\/n\/2025\/05\/24\/izraelska-nenavist-k-detem-v-gaze-je-sokujici\/","title":{"rendered":"Izraelsk\u00e1 nen\u00e1vist k d\u011btem v Gaze je \u0161okuj\u00edc\u00ed"},"content":{"rendered":"<div id=\"fb-root\"><\/div>\n<div class=\"elementor-element elementor-element-1fb4c2c elementor-widget elementor-widget-theme-post-content\" data-id=\"1fb4c2c\" data-element_type=\"widget\" data-widget_type=\"theme-post-content.default\">\n<div class=\"elementor-widget-container\">\n<h4><span>Nen\u00e1vist n\u011bkter\u00fdch lid\u00ed v Izraeli v\u016f\u010di obyvatel\u016fm Gazy \u2013 dokonce i v\u016f\u010di mal\u00fdm d\u011btem \u2013 je prost\u011b ohromuj\u00edc\u00ed. Pokud maj\u00ed by\u0165 jen \u0161petku v\u00edry v Boha, m\u011bli by se modlit za odpu\u0161t\u011bn\u00ed.<\/span><\/h4>\n<p><span>NPR minul\u00fd \u010dtvrtek (15. kv\u011btna) informovalo o \u201esmrt\u00edc\u00edch leteck\u00fdch \u00fatoc\u00edch, kter\u00e9 v posledn\u00edch dnech zabily v\u00edce ne\u017e 150 lid\u00ed, v\u010detn\u011b des\u00edtek d\u011bt\u00ed\u201c.<\/span><\/p>\n<p><span>Izraelsk\u00e9 noviny Haaretz a mnoho dal\u0161\u00edch publikac\u00ed 9. kv\u011btna informovaly o zased\u00e1n\u00ed podv\u00fdboru Izraelsk\u00e9ho v\u00fdboru pro zahrani\u010dn\u00ed v\u011bci a obranu.<\/span><\/p>\n<p><span>Sly\u0161en\u00ed v Knesetu, izraelsk\u00e9m parlamentu, se net\u00fdkalo obav o d\u011bti, kter\u00e9 hladov\u00ed nebo mus\u00ed podstoupit amputace bez anestezie. Obavy se t\u00fdkaly po\u0161kozen\u00ed izraelsk\u00fdch ve\u0159ejn\u00fdch vztah\u016f.<\/span><\/p>\n<p><span>Jednou ze sv\u011bdk\u016f byla Dr. Sharon Shaulov\u00e1 z NATAN, glob\u00e1ln\u00ed humanit\u00e1rn\u00ed organizace.<\/span><\/p>\n<p><span>Dr. Shaul \u0159ekl: \u201eNemysl\u00edm si, \u017ee by se n\u011bkdo z lid\u00ed sed\u00edc\u00edch u tohoto stolu ob\u00e1val, \u017ee trp\u00edc\u00ed d\u00edt\u011b nem\u016f\u017ee dostat l\u00e9ky proti bolesti nebo by\u0165 jen minim\u00e1ln\u00ed l\u00e9ka\u0159skou p\u00e9\u010di.\u201c<\/span><\/p>\n<p><span>Zpr\u00e1va pot\u00e9 uvedla, \u017ee \u010dlen Knesetu Amit Halevi z Netanjahuovy strany Likud \u201eje rozzloben\u011b p\u0159eru\u0161il a \u0159ekl: \u201aNejsem si jist\u00fd, jestli mluv\u00edte za n\u00e1s, kdy\u017e \u0159\u00edk\u00e1te, \u017ee chceme zach\u00e1zet se ka\u017ed\u00fdm d\u00edt\u011btem a ka\u017edou \u017eenou.\u2018\u201c<\/span><\/p>\n<p><span>L\u00e9ka\u0159ka pot\u00e9 odpov\u011bd\u011bla, \u017ee douf\u00e1, \u017ee poslankyn\u011b nebude m\u00edt n\u00e1mitky proti tomu, aby \u201e\u010dty\u0159let\u00e9 d\u00edt\u011b\u201c, kter\u00e9 m\u00e1 podstoupit amputaci, dost\u00e1valo l\u00e9ky proti bolesti. \u201eDouf\u00e1m, \u017ee m\u00e1te tento soucit,\u201c \u0159ekl doktor Shaul.<\/span><\/p>\n<p><span>Poslanec Knesetu Limor Son Har-Melech v\u0161ak \u201euk\u00e1zal na l\u00e9ka\u0159e a \u0159ekl: \u201aJedin\u00e1 l\u00e9\u010dba, kterou byste m\u011bl dostat, je pro v\u00e1s.\u2018\u201c Jin\u00fd poslanec zvolal: \u201eJste ten nejnezdrav\u011bj\u0161\u00ed l\u00e9ka\u0159, jak\u00e9ho jsem kdy vid\u011bl.\u201c<\/span><\/p>\n<p><span>Elad Barashi, producent izraelsk\u00e9ho Channel 14, tuto nen\u00e1vist dokonce p\u0159ekonal, kdy\u017e za\u010d\u00e1tkem kv\u011btna na soci\u00e1ln\u00edch s\u00edt\u00edch napsal: \u201eDobr\u00e9 r\u00e1no. K\u00e9\u017e by v Gaze byl holocaust.\u201c<\/span><\/p>\n<p><span>V jin\u00e9m p\u0159\u00edsp\u011bvku napsal: \u201eNech\u00e1pu lidi tady ve St\u00e1tu Izrael, kte\u0159\u00ed necht\u011bj\u00ed zaplnit Gazu plynov\u00fdmi komorami&#8230; nebo vagony&#8230; a ukon\u010dit tento p\u0159\u00edb\u011bh. V Gaze by m\u011bl prob\u011bhnout holocaust.\u201c<\/span><\/p>\n<p><span>Dodal: \u201eMu\u017ei, \u017eeny a d\u011bti \u2013 v\u0161emi mo\u017en\u00fdmi prost\u0159edky mus\u00edme proti nim jednodu\u0161e prov\u00e9st holokaust \u2013 ano, p\u0159e\u010dt\u011bte si to znovu \u2013 HOLOKAUST!\u201c<\/span><\/p>\n<p><span>\u0158ekl, \u017ee v Gaze je 2,6 milionu terorist\u016f, a napsal: \u201eBez strachu, bez slabosti \u2013 jednodu\u0161e zni\u010dit. Eliminovat. Povrazit. Srovnat se zem\u00ed. Rozebrat. Rozb\u00edt.\u201c<\/span><\/p>\n<p><span>Fanatik Netanjahu byl obvi\u0148ov\u00e1n z v\u00e1le\u010dn\u00fdch zlo\u010din\u016f a zlo\u010din\u016f proti lidskosti, p\u0159esto je v na\u0161em Kongresu hrdinou d\u00edky p\u0159\u00edsp\u011bvk\u016fm na kampa\u0148. Zbytek sv\u011bta je drtivou v\u011bt\u0161inou proti genocid\u011b v Gaze.<\/span><\/p>\n<p><span>Ve sv\u00e9m sloupku p\u0159ed dv\u011bma t\u00fddny jsem psal o dopise podepsan\u00e9m 36 \u010dleny Rady z\u00e1stupc\u016f britsk\u00fdch \u017did\u016f, kter\u00fd kritizoval tuto \u201enejextr\u00e9mn\u011bj\u0161\u00ed ze v\u0161ech izraelsk\u00fdch vl\u00e1d\u201c a uv\u00e1d\u011bl: \u201eJsme proti v\u00e1lce.\u201c<\/span><\/p>\n<p><span>Je\u0161t\u011b v\u00fdznamn\u011bj\u0161\u00ed \u2013 t\u00e9m\u011b\u0159 \u0161okuj\u00edc\u00ed \u2013 je sloupek Thomase Friedmana, dlouholet\u00e9ho publicisty New York Times, kter\u00fd publikoval 9. kv\u011btna pod n\u00e1zvem \u201eTato izraelsk\u00e1 vl\u00e1da nen\u00ed na\u0161\u00edm spojencem\u201c.<\/span><\/p>\n<p><span>Friedman uvedl, \u017ee Netanjahu up\u0159ednostnil sv\u00e9 osobn\u00ed politick\u00e9 p\u0159e\u017eit\u00ed p\u0159ed z\u00e1jmy sv\u00e9 zem\u011b a Spojen\u00fdch st\u00e1t\u016f, a napsal: \u201eNetanjahu nen\u00ed n\u00e1\u0161 p\u0159\u00edtel.\u201c<\/span><\/p>\n<p><span>Dodal, \u017ee \u201epermanentn\u00ed izraelsk\u00e1 vojensk\u00e1 okupace, jej\u00edm\u017e nevysloven\u00fdm c\u00edlem je donutit v\u0161echny Palestince opustit zemi, je receptem na permanentn\u00ed povst\u00e1n\u00ed \u2013 Vietnam ve St\u0159edomo\u0159\u00ed.\u201c<\/span><\/p>\n<p><span>Izrael nikdy nem\u011bl v m\u00e9di\u00edch v\u00fdrazn\u011bj\u0161\u00ed hlas, kter\u00fd by ho podporoval v\u00edce ne\u017e Friedman. Od roku 1981 p\u00ed\u0161e pro New York Times.<\/span><\/p>\n<p><span>Prezident Trump napsal, \u017ee propu\u0161t\u011bn\u00ed americk\u00e9ho rukojm\u00edho Edana Alexandera p\u0159ed n\u011bkolika dny bylo \u201ekrokem, kter\u00fd Spojen\u00e9 st\u00e1ty americk\u00e9 u\u010dinily v dobr\u00e9 v\u00ed\u0159e a ve snaze\u2026 ukon\u010dit tuto velmi brut\u00e1ln\u00ed v\u00e1lku\u201c.<\/span><\/p>\n<p><span>Axios uvedl, \u017ee \u201eIzrael nebyl p\u0159\u00edmo zapojen&#8230; a p\u016fvodn\u011b se o tom dozv\u011bd\u011bl od sv\u00fdch zpravodajsk\u00fdch slu\u017eeb, kter\u00e9 \u0161pehuj\u00ed Ham\u00e1s.\u201c To posiluje \u010detn\u00e9 zpr\u00e1vy o tom, \u017ee Trump je unaven\u00fd z manipulace Netanjahuem.<\/span><\/p>\n<p><span>CNN 12. kv\u011btna informovala, \u017ee Trump \u201eji\u017e n\u011bkolikr\u00e1t Izrael zasko\u010dil \u2013 ozn\u00e1men\u00edm rozhovor\u016f s \u00cdr\u00e1nem, uzav\u0159en\u00edm dohody s jemensk\u00fdmi H\u00fat\u00edjsk\u00fdmi rebely a p\u0159\u00edm\u00fdmi rozhovory s Ham\u00e1sem\u201c a \u017ee prezidentova ned\u00e1vn\u00e1 cesta na Bl\u00edzk\u00fd v\u00fdchod se Izraelem neskon\u010dila.<\/span><\/p>\n<p><span>Mo\u017en\u00e1, \u017ee Friedman\u016fv sloupek a n\u011bkter\u00e1 Trumpova prohl\u00e1\u0161en\u00ed a \u010diny kone\u010dn\u011b dodaj\u00ed n\u011bkter\u00fdm \u010dlen\u016fm Kongresu odvahu ozvat se proti izraelsk\u00e9 krutosti v Gaze.<\/span><\/p>\n<p><em>Autor: John J. Duncan ml.<\/em><\/p>\n<\/div>\n<\/div>\n<div class=\"elementor-element elementor-element-8c57238 quelle dc-has-condition dc-condition-empty elementor-widget elementor-widget-heading\" data-id=\"8c57238\" data-element_type=\"widget\" data-widget_type=\"heading.default\">\n<div class=\"elementor-widget-container\">\n<h3 class=\"elementor-heading-title elementor-size-default\"><span style=\"font-size: 10pt;\"><a href=\"https:\/\/ronpaulinstitute.org\/israeli-hatred-for-children-in-gaza-is-shocking\/\" target=\"_blank\" rel=\"nofollow noopener\">Zdroj<\/a><\/span><\/h3>\n<p>&nbsp;<\/p>\n<\/div>\n<\/div>\n","protected":false},"excerpt":{"rendered":"<p>Nen\u00e1vist n\u011bkter\u00fdch lid\u00ed v Izraeli v\u016f\u010di obyvatel\u016fm Gazy \u2013 dokonce i v\u016f\u010di mal\u00fdm d\u011btem \u2013&#8230;<\/p>\n","protected":false},"author":2,"featured_media":79544,"comment_status":"closed","ping_status":"closed","sticky":false,"template":"","format":"standard","meta":[],"categories":[7],"tags":[245,348,178,107],"_links":{"self":[{"href":"https:\/\/www.infokuryr.cz\/n\/wp-json\/wp\/v2\/posts\/79543"}],"collection":[{"href":"https:\/\/www.infokuryr.cz\/n\/wp-json\/wp\/v2\/posts"}],"about":[{"href":"https:\/\/www.infokuryr.cz\/n\/wp-json\/wp\/v2\/types\/post"}],"author":[{"embeddable":true,"href":"https:\/\/www.infokuryr.cz\/n\/wp-json\/wp\/v2\/users\/2"}],"replies":[{"embeddable":true,"href":"https:\/\/www.infokuryr.cz\/n\/wp-json\/wp\/v2\/comments?post=79543"}],"version-history":[{"count":0,"href":"https:\/\/www.infokuryr.cz\/n\/wp-json\/wp\/v2\/posts\/79543\/revisions"}],"wp:featuredmedia":[{"embeddable":true,"href":"https:\/\/www.infokuryr.cz\/n\/wp-json\/wp\/v2\/media\/79544"}],"wp:attachment":[{"href":"https:\/\/www.infokuryr.cz\/n\/wp-json\/wp\/v2\/media?parent=79543"}],"wp:term":[{"taxonomy":"category","embeddable":true,"href":"https:\/\/www.infokuryr.cz\/n\/wp-json\/wp\/v2\/categories?post=79543"},{"taxonomy":"post_tag","embeddable":true,"href":"https:\/\/www.infokuryr.cz\/n\/wp-json\/wp\/v2\/tags?post=79543"}],"curies":[{"name":"wp","href":"https:\/\/api.w.org\/{rel}","templated":true}]}}