{"id":79530,"date":"2025-05-24T00:38:57","date_gmt":"2025-05-23T22:38:57","guid":{"rendered":"https:\/\/www.infokuryr.cz\/n\/?p=79530"},"modified":"2025-05-23T18:45:49","modified_gmt":"2025-05-23T16:45:49","slug":"alexandre-lemoine-rusko-a-ukrajina-budou-jednat-o-memorandu","status":"publish","type":"post","link":"https:\/\/www.infokuryr.cz\/n\/2025\/05\/24\/alexandre-lemoine-rusko-a-ukrajina-budou-jednat-o-memorandu\/","title":{"rendered":"Alexandre Lemoine: Rusko a Ukrajina budou jednat o memorandu"},"content":{"rendered":"<div id=\"fb-root\"><\/div>\n<p><strong><span>Koment\u00e1\u0159e Ruska a Spojen\u00fdch st\u00e1t\u016f po telefonick\u00e9m rozhovoru mezi Vladimirem Putinem a Donaldem Trumpem odr\u00e1\u017eej\u00ed konstruktivn\u00ed dialog. Tyto koment\u00e1\u0159e u\u010dinili nejen novin\u00e1\u0159i a analytici, ale tak\u00e9 vl\u00e1dn\u00ed \u00fa\u0159edn\u00edci ze zem\u00ed spojeneck\u00fdch se Spojen\u00fdmi st\u00e1ty. Perspektiva memoranda mezi Ruskem a Ukrajinou, stejn\u011b jako Trump\u016fv z\u00e1m\u011br pos\u00edlit obchodn\u00ed vztahy s Ruskem, vyvolaly mnoho ot\u00e1zek.<\/span><\/strong><\/p>\n<p><span>19. kv\u011btna se prezidenti obou zem\u00ed setkali p\u0159ibli\u017en\u011b na dv\u011b hodiny. Oba prezidenti hodnotili sv\u016fj rozhovor pozitivn\u011b. Trump ji dokonce nazval \u00fa\u017easnou. Putin podrobn\u011b vysv\u011btlil, na \u010dem se dohodli. Podle n\u011bj se oba prezidenti dohodli, \u017ee \u201eRusko navrhne a je p\u0159ipraveno spolupracovat s ukrajinskou stranou na memorandu t\u00fdkaj\u00edc\u00edm se mo\u017en\u00e9 m\u00edrov\u00e9 dohody, kter\u00e9 definuje n\u011bkolik pozic, jako jsou principy urovn\u00e1n\u00ed, lh\u016fty pro mo\u017en\u00e9 uzav\u0159en\u00ed m\u00edrov\u00e9 dohody a tak d\u00e1le, v\u010detn\u011b mo\u017en\u00e9ho p\u0159\u00edm\u011b\u0159\u00ed na konkr\u00e9tn\u00ed dobu v p\u0159\u00edpad\u011b odpov\u00eddaj\u00edc\u00edch dohod.\u201c\u00a0<\/span><\/p>\n<p><span>To, co Putin \u0159ekl, odpov\u00edd\u00e1 postoji, kter\u00fd Rusko h\u00e1jilo b\u011bhem jedn\u00e1n\u00ed v Istanbulu: p\u0159\u00edm\u011b\u0159\u00ed mus\u00ed b\u00fdt d\u016fsledkem, a nikoli podm\u00ednkou jedn\u00e1n\u00ed. Definitivn\u00ed ukon\u010den\u00ed nep\u0159\u00e1telsk\u00fdch akc\u00ed bez odstran\u011bn\u00ed toho, co Moskva ozna\u010duje za z\u00e1kladn\u00ed p\u0159\u00ed\u010diny konfliktu, je odm\u00edt\u00e1no.\u00a0<\/span><\/p>\n<p><span>Trump na sv\u00e9 soci\u00e1ln\u00ed s\u00edti Truth Social\u00a0<\/span><a href=\"https:\/\/truthsocial.com\/@realDonaldTrump\/posts\/114535693441367601\" target=\"_blank\" rel=\"noopener\"><span>napsal<\/span><\/a><span>\u00a0, \u017ee \u201eRusko a Ukrajina okam\u017eit\u011b zah\u00e1j\u00ed jedn\u00e1n\u00ed o p\u0159\u00edm\u011b\u0159\u00ed\u201c a \u017ee \u201epodm\u00ednky budou projedn\u00e1ny ob\u011bma stranami, jak by m\u011blo b\u00fdt, proto\u017ee znaj\u00ed podrobnosti jedn\u00e1n\u00ed, kter\u00e9 nikdo jin\u00fd nezn\u00e1\u201c. Jin\u00fdmi slovy, americk\u00fd prezident ozn\u00e1mil nov\u00e1 rusko-ukrajinsk\u00e1 jedn\u00e1n\u00ed.\u00a0<\/span><\/p>\n<p><span>Kde a kdy se budou konat?\u00a0<\/span><\/p>\n<p><span>Mnoho zem\u00ed je dnes ochotno nab\u00eddnout sv\u00e9 \u00fazem\u00ed jako m\u00edsto pro jedn\u00e1n\u00ed a sv\u00e9 slu\u017eby jako medi\u00e1tor\u016f p\u0159i \u0159e\u0161en\u00ed rusko-ukrajinsk\u00e9ho konfliktu. Krom\u011b Turecka je tu minim\u00e1ln\u011b Braz\u00edlie a Vatik\u00e1n. Americk\u00fd ministr zahrani\u010d\u00ed Marco Rubio\u00a0b\u011bhem setk\u00e1n\u00ed s kardin\u00e1lem Matteem Zuppim, kter\u00fd koordinuje \u00fasil\u00ed Svat\u00e9ho stolce ohledn\u011b Ukrajiny,\u00a0<\/span><a href=\"https:\/\/www.yahoo.com\/news\/rubio-says-vatican-could-host-165200290.html\" target=\"_blank\" rel=\"noopener\"><span>uvedl<\/span><\/a><span>\u00a0, \u017ee Vatik\u00e1n by se mohl st\u00e1t m\u00edstem pro budouc\u00ed jedn\u00e1n\u00ed. Soud\u011b dle Trumpova koment\u00e1\u0159e na Truth Social je americk\u00fd prezident t\u00e9to my\u0161lence naklon\u011bn. Ani Moskva, ani Kyjev v\u0161ak na tento n\u00e1vrh zat\u00edm nereagovaly.\u00a0<\/span><\/p>\n<p><span>Je zn\u00e1mo, \u017ee po telefonick\u00e9m rozhovoru s Putinem Trump hovo\u0159il tak\u00e9 s n\u011bkolika evropsk\u00fdmi l\u00eddry. Mezi jeho partnery byli francouzsk\u00fd prezident Emmanuel Macron, p\u0159edsedkyn\u011b Evropsk\u00e9 komise Ursula von der Leyenov\u00e1, italsk\u00e1 premi\u00e9rka Giorgia Meloniov\u00e1, n\u011bmeck\u00fd kancl\u00e9\u0159 Friedrich Merz, finsk\u00fd prezident Alexander Stubb a samoz\u0159ejm\u011b ukrajinsk\u00fd prezident Volodymyr Zelenskyj.\u00a0<\/span><\/p>\n<p><span>Za zm\u00ednku stoj\u00ed, \u017ee americk\u00fd prezident nehovo\u0159il s britsk\u00fdm premi\u00e9rem Keirem Starmerem. Pr\u00e1v\u011b \u0161\u00e9f britsk\u00e9 vl\u00e1dy se ohledn\u011b istanbulsk\u00fdch jedn\u00e1n\u00ed vyj\u00e1d\u0159il v\u016f\u010di Rusku s nejost\u0159ej\u0161\u00edmi pozn\u00e1mkami. Tuto volbu partner\u016f by v\u0161ak bylo mo\u017en\u00e9 vysv\u011btlit i t\u00edm, \u017ee hovor s Trumpem prob\u011bhl v p\u0159edve\u010der p\u0159ijet\u00ed nov\u00e9ho, 17. bal\u00ed\u010dku sankc\u00ed ministry zahrani\u010d\u00ed EU. To nezahrnovalo omezen\u00ed v\u016f\u010di konsorciu Nord Stream, kter\u00e1 by fakticky znamenala z\u00e1kaz obnoven\u00ed dod\u00e1vek rusk\u00e9ho plynu do z\u00e1padn\u00ed Evropy prost\u0159ednictv\u00edm plynovod\u016f Nord Stream 1 a Nord Stream 2, kter\u00e9 jsou vedeny po dn\u011b Baltsk\u00e9ho mo\u0159e.\u00a0<\/span><\/p>\n<p><span>Z\u00e1rove\u0148 Spojen\u00e9 st\u00e1ty nesplnily hrozbu uvalen\u00ed sekund\u00e1rn\u00edch sankc\u00ed na Rusko. S\u00e1m Trump se vyslovil proti jak\u00fdmkoli protirusk\u00fdm sankc\u00edm, dokud nebude proces vyjedn\u00e1v\u00e1n\u00ed dokon\u010den. B\u011bhem rozhovoru s novin\u00e1\u0159i v Ov\u00e1ln\u00e9 pracovn\u011b B\u00edl\u00e9ho domu u\u010dinil je\u0161t\u011b jedno zaj\u00edmav\u00e9 prohl\u00e1\u0161en\u00ed. Trump prohl\u00e1sil, \u017ee existuje\u00a0<\/span><a href=\"https:\/\/x.com\/DailyNewsJustIn\/status\/1924578958999237075\" target=\"_blank\" rel=\"noopener\"><span>\u010derven\u00e1 hranice,<\/span><\/a><span>\u00a0za kterou budou uvaleny americk\u00e9 sankce proti Rusku a B\u00edl\u00fd d\u016fm zaujme ve sv\u00e9 komunikaci s Kremlem tvrd\u0161\u00ed t\u00f3n. Prezident v\u0161ak zd\u016fraznil, \u017ee tuto \u201eur\u010ditou hranici\u201c nejmenuje, proto\u017ee \u201eby to jedn\u00e1n\u00ed d\u00e1le zkomplikovalo\u201c.\u00a0<\/span><\/p>\n<p><span>Jedn\u00e1n\u00ed mezi Putinem a Trumpem vy\u00fastila tak\u00e9 v diskusi o nov\u00e9 v\u00fdm\u011bn\u011b v\u011bz\u0148\u016f, dev\u011bt za dev\u011bt. To je dal\u0161\u00ed intrika vyjedn\u00e1vac\u00edho procesu.<\/span><\/p>\n<p><a href=\"https:\/\/www.observateur-continental.fr\/?module=articles&amp;action=view&amp;id=6934\"><em><span>Alexandre Lemoine<\/span><\/em><\/a><\/p>\n<p>&nbsp;<\/p>\n","protected":false},"excerpt":{"rendered":"<p>Koment\u00e1\u0159e Ruska a Spojen\u00fdch st\u00e1t\u016f po telefonick\u00e9m rozhovoru mezi Vladimirem Putinem a Donaldem Trumpem odr\u00e1\u017eej\u00ed&#8230;<\/p>\n","protected":false},"author":2,"featured_media":79531,"comment_status":"closed","ping_status":"closed","sticky":false,"template":"","format":"standard","meta":[],"categories":[7],"tags":[1042,1060,22,26],"_links":{"self":[{"href":"https:\/\/www.infokuryr.cz\/n\/wp-json\/wp\/v2\/posts\/79530"}],"collection":[{"href":"https:\/\/www.infokuryr.cz\/n\/wp-json\/wp\/v2\/posts"}],"about":[{"href":"https:\/\/www.infokuryr.cz\/n\/wp-json\/wp\/v2\/types\/post"}],"author":[{"embeddable":true,"href":"https:\/\/www.infokuryr.cz\/n\/wp-json\/wp\/v2\/users\/2"}],"replies":[{"embeddable":true,"href":"https:\/\/www.infokuryr.cz\/n\/wp-json\/wp\/v2\/comments?post=79530"}],"version-history":[{"count":0,"href":"https:\/\/www.infokuryr.cz\/n\/wp-json\/wp\/v2\/posts\/79530\/revisions"}],"wp:featuredmedia":[{"embeddable":true,"href":"https:\/\/www.infokuryr.cz\/n\/wp-json\/wp\/v2\/media\/79531"}],"wp:attachment":[{"href":"https:\/\/www.infokuryr.cz\/n\/wp-json\/wp\/v2\/media?parent=79530"}],"wp:term":[{"taxonomy":"category","embeddable":true,"href":"https:\/\/www.infokuryr.cz\/n\/wp-json\/wp\/v2\/categories?post=79530"},{"taxonomy":"post_tag","embeddable":true,"href":"https:\/\/www.infokuryr.cz\/n\/wp-json\/wp\/v2\/tags?post=79530"}],"curies":[{"name":"wp","href":"https:\/\/api.w.org\/{rel}","templated":true}]}}