{"id":79529,"date":"2025-05-24T00:38:24","date_gmt":"2025-05-23T22:38:24","guid":{"rendered":"https:\/\/www.infokuryr.cz\/n\/?p=79529"},"modified":"2025-05-23T18:43:46","modified_gmt":"2025-05-23T16:43:46","slug":"zbynek-fiala-kdo-vlastne-vladnul-v-usa","status":"publish","type":"post","link":"https:\/\/www.infokuryr.cz\/n\/2025\/05\/24\/zbynek-fiala-kdo-vlastne-vladnul-v-usa\/","title":{"rendered":"Zbyn\u011bk Fiala: Kdo vlastn\u011b vl\u00e1dnul v USA?"},"content":{"rendered":"<div id=\"fb-root\"><\/div>\n<p><strong>Ameri\u010dan\u00e9 jsou zd\u011b\u0161eni nahr\u00e1vkami z vy\u0161et\u0159en\u00ed ment\u00e1ln\u00edho stavu prezidenta Joe Bidena roku 2023, kter\u00e9 byly v p\u00e1tek zve\u0159ejn\u011bny. Kdo tedy skute\u010dn\u011b vl\u00e1dl za tuto bezmocnou loutku?<\/strong><\/p>\n<p style=\"font-weight: 400;\">M\u00e9dia po p\u00e1tku p\u0159eklopila v\u00fdhybku, kdo m\u00e1 b\u00fdt v USA hlavn\u00edm ter\u010dem jejich kritiky. Dosud \u0161ila do Trumpa a m\u011bla to snadn\u00e9. To se zm\u011bnilo. Za\u010dalo se d\u016fkladn\u011bji nahl\u00ed\u017eet do politick\u00e9ho a bezpe\u010dnostn\u00edho z\u00e1kulis\u00ed.<\/p>\n<p style=\"font-weight: 400;\">Ne\u010dekan\u00e9 nahl\u00e9dnut\u00ed do reality vl\u00e1dnut\u00ed nab\u00eddlo zve\u0159ejn\u011bn\u00ed nahr\u00e1vky ze sezen\u00ed Joe Bidena se zvl\u00e1\u0161tn\u00edm vy\u0161et\u0159ovatelem Robertem Hurem z\u00a0\u0159\u00edjna roku 2023, kter\u00fd m\u011bl zjistit, zda americk\u00fd prezident na svou funkci st\u00e1le je\u0161t\u011b sta\u010d\u00ed.. Dozv\u011bd\u011bli se n\u011bco jin\u00e9ho, ne\u017e z\u00a0dobov\u00e9 zpr\u00e1vy, podle kter\u00e9 byl Biden dobromysln\u00fd sta\u0159\u00edk s\u00a0tolerovateln\u00fdmi drobn\u00fdmi v\u00fdpadky pam\u011bti. Realita byla jin\u00e1. N\u011bkolikahodinov\u00fd poslech tohoto zmate\u010dn\u00edho rozhovoru ukazuje Bidenovu faktickou bezmoc, proto\u017ee si v\u0161echno plete, netu\u0161\u00ed, pro\u010d se mu doma povalovaly tajn\u00e9 st\u00e1tn\u00ed dokumenty a nepamatuje si ani smrt sv\u00e9ho syna.<\/p>\n<p style=\"font-weight: 400;\"><a href=\"https:\/\/www.nytimes.com\/2025\/05\/17\/us\/politics\/biden-hur-audio-interview.html\">https:\/\/www.nytimes.com\/2025\/05\/17\/us\/politics\/biden-hur-audio-interview.html<\/a><\/p>\n<p style=\"font-weight: 400;\">Dovedu se v\u017e\u00edt do jeho situace, taky m\u00e1m n\u011bjak\u00e1 leta, ale rozhoduju jen o tom, jestli nabrat benz\u00edn ve\u010der nebo r\u00e1no p\u0159ed cestou (ne u\u017e, kdo to zaplat\u00ed). D\u011bs\u00ed m\u011b p\u0159edstava, \u017ee nejmocn\u011bj\u0161\u00ed arm\u00e1dy a nejv\u011bt\u0161\u00ed ekonomickou moc m\u011bl m\u00edt pod kontrolou nejslab\u0161\u00ed mu\u017e planety. Jen\u017ee on \u017e\u00e1dnou kontrolu doopravdy nem\u011bl, vl\u00e1dli jin\u00ed, kte\u0159\u00ed sou\u010dasn\u011b zast\u00edrali prezidentovu neschopnost. To je podle Wall Street Journal skand\u00e1l historick\u00fdch rozm\u011br\u016f:<\/p>\n<p style=\"font-weight: 400;\"><em>&#8222;Zatajov\u00e1n\u00ed Bidenova du\u0161evn\u00edho \u00fapadku se zap\u00ed\u0161e jako jeden z nejv\u011bt\u0161\u00edch skand\u00e1l\u016f modern\u00ed politiky. T\u00edm, \u017ee demokrat\u00e9 odm\u00edtli p\u0159iznat to, co voli\u010di mohli jasn\u011b vid\u011bt, up\u0159eli sv\u00e9 stran\u011b otev\u0159en\u00e9 prim\u00e1rky. Jakmile prezident Biden odpadl, p\u0159edali bez debaty nominaci Kamale Harrisov\u00e9. Demokrat\u00e9 a tisk jsou nyn\u00ed zd\u011b\u0161eni druh\u00fdm funk\u010dn\u00edm obdob\u00edm Donalda Trumpa. Ud\u011blali by v\u0161ak l\u00e9pe, kdyby se zamysleli \u2013 a sna\u017eili se o pok\u00e1n\u00ed \u2013 nad svou vlastn\u00ed rol\u00ed, kter\u00e1 ho umo\u017enila.&#8220;<\/em><\/p>\n<p style=\"font-weight: 400;\">S\u00a0kritikou prezidenta Donalda Trumpa to je snadn\u00e9, jeho obl\u00edbenost kles\u00e1, jak zji\u0161\u0165uje\u00a0\u00a0t\u0159eba v\u00fdzkum Reuters\/Ipsos. Hodnota 42 procent kladn\u00fdch hlas\u016f je nejni\u017e\u0161\u00ed od za\u010d\u00e1tku jeho funk\u010dn\u00edho obdob\u00ed a reaguje na obavy z\u00a0ekonomick\u00e9ho v\u00fdvoje, zejm\u00e9na celn\u00ed v\u00e1lky. Nejistou budoucnost nazna\u010duj\u00ed stoupaj\u00edc\u00ed v\u00fdnosy dlouhodob\u00fdch st\u00e1tn\u00edch dluhopis\u016f, kter\u00e9 u\u017e p\u0159ekro\u010dily 3 procenta. D\u016fv\u011bra v\u00a0dolar kles\u00e1.<\/p>\n<p style=\"font-weight: 400;\"><a href=\"https:\/\/www.reuters.com\/world\/us\/trumps-approval-rating-ticks-lower-economic-concerns-weigh-reutersipsos-poll-2025-05-20\/\">https:\/\/www.reuters.com\/world\/us\/trumps-approval-rating-ticks-lower-economic-concerns-weigh-reutersipsos-poll-2025-05-20\/<\/a><\/p>\n<p style=\"font-weight: 400;\">Trump si to uv\u011bdomuje a sna\u017e\u00ed se z\u00a0toho vycouvat formou r\u016fzn\u00fdch do\u010dasn\u00fdch odklad\u016f pln\u00e9ho celn\u00edho \u00faderu, na kter\u00fd snad ani nem\u00e1 doj\u00edt. Spol\u00e9h\u00e1 tak\u00e9 na dopad sv\u00e9ho \u201evelk\u00e9ho kr\u00e1sn\u00e9ho z\u00e1kona\u201c, jak naz\u00fdv\u00e1 kombinaci rozpo\u010dtov\u00fdch z\u00e1kon\u016f a opat\u0159en\u00ed ve prosp\u011bch zam\u011bstnanosti a r\u016fstu, kter\u00fd u\u017e v\u00a0p\u00e1tek pro\u0161el Sn\u011bmovnou reprezentant\u016f. Je tam pokles dan\u00ed pro st\u0159edn\u00ed t\u0159\u00eddu (ale ne pro nejvy\u0161\u0161\u00ed p\u0159\u00edjmovou skupinu) a podstatn\u00e1 \u00faleva pro ty nejod\u00edran\u011bj\u0161\u00ed, spo\u010d\u00edvaj\u00edc\u00ed ve zru\u0161en\u00ed dan\u00ed ze zpropitn\u00e9ho. M\u00e1 to spoustu slabin, jako je zejm\u00e9na m\u00edra zadlu\u017eenosti, ale na ty dojde jindy. Te\u010f to mus\u00ed protla\u010dit Sen\u00e1tem.<\/p>\n<p style=\"font-weight: 400;\">Douf\u00e1 tak\u00e9, \u017ee prod\u00e1 odchod z\u00a0ukrajinsk\u00e9 v\u00e1lky, o kter\u00e9m podle v\u0161eho jednal 19. kv\u011btna ve dvouhodinov\u00e9m rozhovoru s\u00a0rusk\u00fdm prezidentem Vladim\u00edrem Putinem. Spojenc\u016fm jen \u0159ekl, \u017ee Putin zat\u00edm nen\u00ed p\u0159ipraven k\u00a0m\u00edru. Mus\u00edme si to v\u0161ak zkombinovat s\u00a0vyj\u00e1d\u0159en\u00edm americk\u00e9ho viceprezidenta JD Vance, \u017ee B\u00edl\u00fd d\u016fm p\u016fjde v\u00a0takov\u00e9m p\u0159\u00edpad\u011b od toho.<\/p>\n<p style=\"font-weight: 400;\">Tedy p\u016fjde od aktivn\u00ed snahy o ukon\u010den\u00ed v\u00e1lky, nikoliv od zlep\u0161ov\u00e1n\u00ed vztah\u016f s\u00a0Ruskem. Kl\u00ed\u010dov\u00e9 jsou dv\u011b v\u011bty z\u00a0Trumpova ofici\u00e1ln\u00edho vyj\u00e1d\u0159en\u00ed bezprost\u0159edn\u011b po rozhovoru s Putinem:<\/p>\n<p style=\"font-weight: 400;\"><em>T\u00f3n a duch rozhovoru byly vynikaj\u00edc\u00ed. Kdyby tomu tak nebylo, \u0159ekl bych to rad\u011bji hned, ne\u017e pozd\u011bji. Rusko chce se Spojen\u00fdmi st\u00e1ty ve velk\u00e9m obchodovat, a\u017e skon\u010d\u00ed tato katastrof\u00e1ln\u00ed &#8222;krvav\u00e1 l\u00e1ze\u0148&#8220;, a j\u00e1 s t\u00edm souhlas\u00edm.<\/em><\/p>\n<p style=\"font-weight: 400;\">Je tu samoz\u0159ejm\u011b snadn\u00e1 cesta k\u00a0ukon\u010den\u00ed v\u00e1lky, kterou by p\u0159edstavovalo p\u0159eru\u0161en\u00ed americk\u00e9 pomoci, jeho\u017e vzorek byl nab\u00eddnut t\u00fdden po legend\u00e1rn\u00ed h\u00e1dce Trumpa se Zelensk\u00fdm v\u00a0Ov\u00e1ln\u00e9 pracovn\u011b.\u00a0\u00a0Jen\u017ee ani Trump nem\u00e1 v\u011bci pln\u011b pod kontrolou, nen\u00ed si jist\u00fd, co jeho vojensk\u00e9 a zpravodajsk\u00e9 slo\u017eky doopravdy ud\u011blaj\u00ed. Lep\u0161\u00ed je nechat situaci vyhn\u00edt, a\u0165 si to Putin vybojuje s\u00e1m, kdy\u017e Ukrajinc\u016fm (a Evrop\u011b) nesta\u010d\u00ed vysv\u011btlen\u00ed, \u017ee na tohohle protivn\u00edka prost\u011b nemaj\u00ed.<\/p>\n<p style=\"font-weight: 400;\">Jen\u017ee Bidenova v\u00e1lka s\u00a0Ruskem Evropu vy\u010derp\u00e1v\u00e1, rozvr\u00e1tila jej\u00ed schopnost logick\u00e9ho uva\u017eov\u00e1n\u00ed. Ti, kdo se zakoupili do obrovsk\u00fdch zbrojn\u00edch obchod\u016f, n\u00e1hle nevid\u00ed cestu ven. Protirusk\u00e9 sankce rozvr\u00e1tily evropsk\u00fd pr\u016fmysl i slu\u017eby astronomick\u00fdmi cenami energie a zni\u010den\u00edm dlouholet\u00fdch partnerstv\u00ed. A to hor\u0161\u00ed m\u00e1me m\u00edt p\u0159ed sebou, od celn\u00edch bari\u00e9r a\u017e po otev\u0159en\u00e9 americk\u00e9 pohrd\u00e1n\u00ed.<\/p>\n<p style=\"font-weight: 400;\">Slab\u0161\u00ed vl\u00e1dn\u00ed typy (jin\u00e9 v\u00a0\u010cesku nenajdeme) doufaj\u00ed, \u017ee Trump je jenom epizoda. Skute\u010dn\u00fd Velk\u00fd bratr, kter\u00fd se skr\u00fdv\u00e1 v\u00a0hlubin\u00e1ch\u00a0<em>Deep State<\/em>, ocen\u00ed jejich bezb\u0159eh\u00e9 rozhazov\u00e1n\u00ed stovek miliard korun za kr\u00e1sn\u00e9 americk\u00e9 zbran\u011b pro minulou v\u00e1lku, kter\u00e9 by byly v\u00a0dne\u0161n\u00edch podm\u00ednk\u00e1ch bez podobn\u00fdch troub\u016f neprodejn\u00e9. Je to tedy jedine\u010dn\u00e1 \u0161ance, jak se vet\u0159\u00edt. \u0160ance t\u011bch, kdo v\u011b\u0159\u00ed ve sv\u00e9 lep\u0161\u00ed z\u00edt\u0159ky, skryt\u00e9 pod obzorem.<\/p>\n<p style=\"font-weight: 400;\">Ale v\u00a0koho to v\u011b\u0159\u00ed? Kdo skute\u010dn\u011b vl\u00e1dne? To je zat\u00edm skryto. K\u00a0t\u011bm, kdo se to sna\u017e\u00ed zjistit, pat\u0159\u00ed Mollie Hemingwayov\u00e1, \u0161\u00e9fredaktorka listu The Federalist:<\/p>\n<p style=\"font-weight: 400;\"><em>A\u0165 u\u017e mluv\u00edte o du\u0161evn\u00edm nebo fyzick\u00e9m \u00fapadku, existovalo spiknut\u00ed, jeho\u017e c\u00edlem bylo zabr\u00e1nit tomu, aby se americk\u00fd lid dozv\u011bd\u011bl, kdo vlastn\u011b vykon\u00e1v\u00e1 funkci prezidenta.<\/em><\/p>\n<p style=\"font-weight: 400;\"><em>A to je n\u011bco, na co st\u00e1le nem\u00e1me skute\u010dn\u00e9 odpov\u011bdi. Jak\u00e9 m\u011blo b\u00fdt spr\u00e1vn\u00e9 jm\u00e9no na volebn\u00edm l\u00edstku, kter\u00fdm si lid\u00e9 zvolili prezidenta. Hlasovali pro Joe Bidena? Nebyl to Jake Sullivan, Barack Obama nebo Susan Riceov\u00e1?<\/em><\/p>\n<p style=\"font-weight: 400;\"><em>Pochopen\u00ed toho, kdo fungoval b\u011bhem tohoto obdob\u00ed du\u0161evn\u00edho i fyzick\u00e9ho \u00fapadku prezidenta, je n\u011bco, na co jsme se ani nep\u0159ibl\u00ed\u017eili k odpov\u011bd\u00edm. Ve srovn\u00e1n\u00ed s t\u00edm se jev\u00ed bled\u011b v\u0161echny ostatn\u00ed prezidentsk\u00e9 skand\u00e1ly v historii.<\/em><\/p>\n<p style=\"font-weight: 400;\"><a href=\"https:\/\/www.realclearpolitics.com\/video\/2025\/05\/20\/mollie_hemingway_conspiracy_to_hide_who_was_actually_operating_as_president_bidens.html\">https:\/\/www.realclearpolitics.com\/video\/2025\/05\/20\/mollie_hemingway_conspiracy_to_hide_who_was_actually_operating_as_president_bidens.html<\/a><\/p>\n<p style=\"font-weight: 400;\">Jake Sullivan byl Bidenov\u00fdm poradcem pro ot\u00e1zky n\u00e1rodn\u00ed bezpe\u010dnosti. Suzan Riceov\u00e1 m\u011bla stejnou funkci v\u00a0Obamov\u011b vl\u00e1d\u011b. Vliv Baracka Obamy na sv\u00e9ho b\u00fdval\u00e9ho viceprezidenta mo\u017en\u00e1 nahrazoval nemo\u017enost b\u00fdt zvolen do stejn\u00e9 funkce pot\u0159et\u00ed.<\/p>\n<p style=\"font-weight: 400;\">Mo\u017en\u00e1 v\u0161ak, \u017ee Trumpa podce\u0148ujeme. Thierry Meyssan na Voltairnet si mysl\u00ed, \u017ee to postupuje docela rychle:<\/p>\n<p style=\"font-weight: 400;\"><em>Mnoho novin\u00e1\u0159\u016f p\u0159edst\u00edr\u00e1, \u017ee nerozum\u00ed tomu, co se ve Washingtonu d\u011bje. Elon Musk a Donald Trump si podle nich p\u0159ivlast\u0148uj\u00ed, co se d\u00e1, ani\u017e by cokoli zm\u011bnili. Skute\u010dnost je v\u0161ak zcela jin\u00e1: prezident Spojen\u00fdch st\u00e1t\u016f se sna\u017e\u00ed odstranit imperialismus, kter\u00fd jeho zem\u011b vykazuje. Ni\u010d\u00ed tajn\u00e9 i ve\u0159ejn\u00e9 agentury, kter\u00e9 pod r\u016fzn\u00fdmi z\u00e1minkami leg\u00e1ln\u011b financuj\u00ed ty, kdo prov\u00e1d\u011bj\u00ed barevn\u00e9 revoluce a jin\u00e9 st\u00e1tn\u00ed p\u0159evraty.<\/em><\/p>\n<p style=\"font-weight: 400;\"><a href=\"https:\/\/www.voltairenet.org\/article222285.html\">https:\/\/www.voltairenet.org\/article222285.html<\/a><\/p>\n<p style=\"font-weight: 400;\">Detaily a\u0165 si ka\u017ed\u00fd p\u0159e\u010dte s\u00e1m. Je to trnit\u00e9 hou\u0161t\u00ed, do kter\u00e9ho se zt\u011b\u017eka pronik\u00e1. Nediv\u00edm se Trumpovi, \u017ee tolik podporuje investice do um\u011bl\u00e9 inteligence. Bez n\u00ed to nejde, ale jde o to, aby st\u00e1la na jeho stran\u011b. V\u00ed u\u017e, jak\u00e9 to je, kdy\u017e se po n\u011bm st\u0159\u00edl\u00ed. V\u011b\u0159\u00ed v\u0161ak, jak \u0159ekl p\u0159i n\u00e1v\u0161t\u011bv\u011b Sa\u00fadsk\u00e9 Ar\u00e1bie, \u017ee obchodn\u00ed z\u00e1jmy jsou schopny p\u0159ev\u00e1\u017eit nad terorem a zab\u00edjen\u00edm.<\/p>\n<p style=\"font-weight: 400;\">Pak bychom si m\u011bli ohl\u00eddat na\u0161e obchodn\u00ed z\u00e1jmy, ne\u017e je rozd\u00e1vat v\u00a0panice podb\u00edzen\u00ed.<\/p>\n<p><a href=\"https:\/\/vasevec.info\/komentare\/kdo-vlastne-vladnul-v-usa\">Zbyn\u011bk Fiala<\/a><\/p>\n<p><img decoding=\"async\" loading=\"lazy\" class=\"alignnone size-medium wp-image-18520\" src=\"http:\/\/www.infokuryr.cz\/n\/wp-content\/uploads\/2022\/11\/zbynek-fiala-300x208.jpg\" alt=\"\" width=\"300\" height=\"208\" srcset=\"https:\/\/www.infokuryr.cz\/n\/wp-content\/uploads\/2022\/11\/zbynek-fiala-300x208.jpg 300w, https:\/\/www.infokuryr.cz\/n\/wp-content\/uploads\/2022\/11\/zbynek-fiala.jpg 318w\" sizes=\"(max-width: 300px) 100vw, 300px\" \/><\/p>\n<p>&nbsp;<\/p>\n","protected":false},"excerpt":{"rendered":"<p>Ameri\u010dan\u00e9 jsou zd\u011b\u0161eni nahr\u00e1vkami z vy\u0161et\u0159en\u00ed ment\u00e1ln\u00edho stavu prezidenta Joe Bidena roku 2023, kter\u00e9 byly&#8230;<\/p>\n","protected":false},"author":2,"featured_media":79399,"comment_status":"closed","ping_status":"closed","sticky":false,"template":"","format":"standard","meta":[],"categories":[6],"tags":[1042,72,2960,37,99],"_links":{"self":[{"href":"https:\/\/www.infokuryr.cz\/n\/wp-json\/wp\/v2\/posts\/79529"}],"collection":[{"href":"https:\/\/www.infokuryr.cz\/n\/wp-json\/wp\/v2\/posts"}],"about":[{"href":"https:\/\/www.infokuryr.cz\/n\/wp-json\/wp\/v2\/types\/post"}],"author":[{"embeddable":true,"href":"https:\/\/www.infokuryr.cz\/n\/wp-json\/wp\/v2\/users\/2"}],"replies":[{"embeddable":true,"href":"https:\/\/www.infokuryr.cz\/n\/wp-json\/wp\/v2\/comments?post=79529"}],"version-history":[{"count":0,"href":"https:\/\/www.infokuryr.cz\/n\/wp-json\/wp\/v2\/posts\/79529\/revisions"}],"wp:featuredmedia":[{"embeddable":true,"href":"https:\/\/www.infokuryr.cz\/n\/wp-json\/wp\/v2\/media\/79399"}],"wp:attachment":[{"href":"https:\/\/www.infokuryr.cz\/n\/wp-json\/wp\/v2\/media?parent=79529"}],"wp:term":[{"taxonomy":"category","embeddable":true,"href":"https:\/\/www.infokuryr.cz\/n\/wp-json\/wp\/v2\/categories?post=79529"},{"taxonomy":"post_tag","embeddable":true,"href":"https:\/\/www.infokuryr.cz\/n\/wp-json\/wp\/v2\/tags?post=79529"}],"curies":[{"name":"wp","href":"https:\/\/api.w.org\/{rel}","templated":true}]}}