{"id":79524,"date":"2025-05-24T00:36:01","date_gmt":"2025-05-23T22:36:01","guid":{"rendered":"https:\/\/www.infokuryr.cz\/n\/?p=79524"},"modified":"2025-05-23T18:38:00","modified_gmt":"2025-05-23T16:38:00","slug":"jean-francois-geneste-sestreleny-rafale-aneb-labuti-pisen","status":"publish","type":"post","link":"https:\/\/www.infokuryr.cz\/n\/2025\/05\/24\/jean-francois-geneste-sestreleny-rafale-aneb-labuti-pisen\/","title":{"rendered":"Jean-Fran\u00e7ois Geneste: Sest\u0159elen\u00fd Rafale aneb\u2026 labut\u00ed p\u00edse\u0148"},"content":{"rendered":"<div id=\"fb-root\"><\/div>\n<p><span>Patn\u00e1ct dn\u00ed po operaci Sindoor indick\u00e9 arm\u00e1dy, kter\u00e1 zam\u011b\u0159ila \u00fatok na p\u00e1kist\u00e1nsk\u00e9 lokality 22. dubna v indick\u00e9m Ka\u0161m\u00edru, je\u017e si vy\u017e\u00e1dal 26 ob\u011bt\u00ed, st\u00e1le nen\u00ed zn\u00e1mo, kolik letadel, v\u010detn\u011b francouzsk\u00fdch Rafal\u016f, p\u00e1kist\u00e1nsk\u00e9 obrann\u00e9 s\u00edly sest\u0159elily.<\/span><\/p>\n<p><span>A? T\u0159i? A pro\u010d? Ot\u00e1zka je kl\u00ed\u010dov\u00e1. Pro Indii, kter\u00e1 s flotilou 36 letoun\u016f Rafale v provozu (\u00fadaje p\u0159ed 7. kv\u011btnem) se p\u0159ipravuje na p\u0159ijet\u00ed dal\u0161\u00edch 26. Tak\u00e9 pro Dassault, zat\u00edmco Indon\u00e9sie pr\u00e1v\u011b ozn\u00e1mila\u00a0<\/span><a title=\"\" href=\"https:\/\/fr.topwar.ru\/264738-zvezdnyj-chas-rafale-proshel-indonezija-priostanavlivaet-zakupku-francuzskih-istrebitelej.html\" target=\"_blank\" rel=\"noopener\"><span>pozastaven\u00ed n\u00e1kupu 42 bojov\u00fdch letadel<\/span><\/a><span>\u00a0.<\/span><\/p>\n<p><span>Bylo by v\u0161ak zjednodu\u0161uj\u00edc\u00ed omezit tuto epizodu na prost\u00fd vojensk\u00fd fakt, i kdy\u017e se t\u00fdk\u00e1 vlajkov\u00e9 lodi francouzsk\u00e9 obrany. Pro Jeana-Fran\u00e7oise Genesteho je probl\u00e9m hlub\u0161\u00ed.<\/span><\/p>\n<p><span>\u201e\u00a0<\/span><em><span>Je to v\u00fdsledek politiky prov\u00e1d\u011bn\u00e9 po cel\u00e1 desetilet\u00ed, urychlen\u00e9 \u010dist\u011b finan\u010dn\u00edmi rozhodnut\u00edmi: konsolidace, dualita technologi\u00ed, ztr\u00e1ta nez\u00e1vislosti, vazalstv\u00ed, a\u0165 u\u017e souhlasn\u00e9 nebo vyprovokovan\u00e9, a nadm\u011brn\u00e1 financializace<\/span><\/em><span>\u00a0,\u201c zd\u016fraz\u0148uje.<\/span><\/p>\n<p><span>Jean-Fran\u00e7ois Geneste, konzultant ve spole\u010dnosti Matra Syst\u00e8mes a desetilet\u00fd v\u011bdeck\u00fd \u0159editel ve spole\u010dnosti EADS (nyn\u00ed Airbus Group), m\u00e1 t\u00e9m\u011b\u0159 \u010dty\u0159icet let zku\u0161enost\u00ed v oblasti letectv\u00ed, vesm\u00edru a obrany. Nyn\u00ed v \u010dele startupu Warpa, kter\u00fd pr\u00e1v\u011b z\u00edskal patent na sv\u016fj vesm\u00edrn\u00fd pohonn\u00fd motor s nekone\u010dn\u00fdm specifick\u00fdm impulsem, se s n\u00e1mi d\u011bl\u00ed o sv\u00e9 my\u0161lenky.<\/span><\/p>\n<h3 class=\"wp-block-heading\"><strong><span>1. \u00davod<\/span><\/strong><\/h3>\n<p><span>Francie pr\u00e1v\u011b za\u017eila psychodrama s indicko-p\u00e1kist\u00e1nsk\u00fdm konfliktem a zni\u010den\u00edm nejm\u00e9n\u011b jednoho a mo\u017en\u00e1 i t\u0159\u00ed letoun\u016f Rafale. Informuje o tom\u00a0<\/span><a title=\"\" href=\"https:\/\/armees.com\/decryptage-tactique-pourquoi-rafale-surpris\/\" target=\"_blank\" rel=\"noopener\"><span>web arm\u00e9es.com<\/span><\/a><span>\u00a0.<\/span><\/p>\n<p><span>V tomto \u010dl\u00e1nku, kter\u00fd se pokou\u0161\u00ed vysv\u011btlit ne\u00fasp\u011bchy toho, co je pova\u017eov\u00e1no za klenot na\u0161\u00ed obrany, n\u011bkolik bod\u016f sv\u011bd\u010d\u00ed o hlubok\u00fdch obav\u00e1ch. Tak\u017ee mluv\u00edme o \u010d\u00ednsk\u00fdch raket\u00e1ch, kter\u00e9 l\u00e9taj\u00ed rychlost\u00ed Mach 4. Toto \u010d\u00edslo je ohromuj\u00edc\u00ed.\u00a0<\/span><a title=\"\" href=\"https:\/\/en.wikipedia.org\/wiki\/PL-15\" target=\"_blank\" rel=\"noopener\"><span>Str\u00e1nka Wikipedie pro PL-15<\/span><\/a><span>\u00a0skute\u010dn\u011b\u00a0uv\u00e1d\u00ed Mach 5. Pro\u010d bylo toto \u010d\u00edslo minimalizov\u00e1no? Je to proto, \u017ee Mach 5 je za\u010d\u00e1tkem hypersoniky, kter\u00e9 se Z\u00e1pad zoufale sna\u017e\u00ed dos\u00e1hnout a neda\u0159\u00ed se mu to? P\u0159ipome\u0148me si, \u017ee i kdy\u017e je to trochu konven\u010dn\u00ed, existuj\u00ed v\u011bdeck\u00e9 d\u016fvody pro stanoven\u00ed bari\u00e9ry zm\u011bny na t\u00e9to \u00farovni, proto\u017ee v aerotermodynamick\u00fdch rovnic\u00edch, kter\u00e9 \u0159\u00edd\u00ed pohyb, je to rychlost, p\u0159i kter\u00e9 ur\u010dit\u00e9 aproximace ji\u017e neplat\u00ed a mus\u00ed b\u00fdt nahrazeny jin\u00fdmi. A s v\u00fdvojem receptur se m\u011bn\u00ed i zp\u016fsob jejich zpracov\u00e1n\u00ed, stejn\u011b jako odpov\u00eddaj\u00edc\u00ed technologick\u00e9 pokroky.<\/span><\/p>\n<p><span>Ale to nen\u00ed v\u0161echno! Ve stejn\u00e9m textu je vysv\u011btleno, \u017ee p\u0159i rychlosti Mach 4 tedy st\u0159ela vzduch-vzduch uraz\u00ed 50 km za 10 sekund. V\u00e1\u0161 sluha pr\u00e1v\u011b provedl v\u00fdpo\u010det. Ve skute\u010dnosti je to p\u0159i teplot\u011b -40 \u00b0C ve vysok\u00e9 nadmo\u0159sk\u00e9 v\u00fd\u0161ce p\u0159ibli\u017en\u011b 42 sekund. Na \u00farovni zem\u011b, s teplotou 15 \u00b0C, to trv\u00e1 39 sekund. V\u0161imn\u011bte si, \u017ee pokud p\u0159edpokl\u00e1d\u00e1me Mach 5, m\u00e1me za stejn\u00fdch podm\u00ednek 34 a 30 sekund. Redakto\u0159i\u00a0<\/span><a title=\"\" href=\"http:\/\/xn--armes-dsa.com\/\" target=\"_blank\" rel=\"noopener\"><span>arm\u00e9es.com<\/span><\/a><span>\u00a0se samoz\u0159ejm\u011b sna\u017eili Rafale obh\u00e1jit velmi ne\u0161ikovn\u011b, proto\u017ee i kdy\u017e m\u00e1 na reakci jen kr\u00e1tkou dobu, \u0159ekn\u011bme 40 sekund, zb\u00fdv\u00e1 je\u0161t\u011b trochu \u010dasu!<\/span><\/p>\n<p><span>Z toho v\u0161eho tedy vyvozujeme, \u017ee probl\u00e9m, se kter\u00fdm jsme se setkali, je mnohem hlub\u0161\u00ed, ne\u017e bychom cht\u011bli p\u0159iznat.<\/span><\/p>\n<p><span>V tomto \u010dl\u00e1nku, kter\u00fd za\u010d\u00edn\u00e1 energicky, se budeme zab\u00fdvat ot\u00e1zkami zbrojen\u00ed pro Francii subjektivn\u00edm filtrem, ale v nad\u011bji, \u017ee pokud n\u00e1m jednoho dne n\u011bkdo naslouch\u00e1, co\u017e se pravd\u011bpodobn\u011b nestane, budeme mo\u017en\u00e1 schopni lo\u010f napravit.<\/span><\/p>\n<h3 class=\"wp-block-heading\"><strong><span>2. Pokra\u010dujeme k Rafale<\/span><\/strong><\/h3>\n<p><span>Bojov\u00e9 letadlo m\u00e1 mezi sv\u00e9 z\u00e1kladn\u00ed vlastnosti man\u00e9vrovatelnost. To druh\u00e9 je bohu\u017eel do zna\u010dn\u00e9 m\u00edry podm\u00edn\u011bno schopnostmi pilota. Ale v s\u00e1zce je tady zrychlen\u00ed. M\u011b\u0159\u00ed se v n\u00e1sobc\u00edch zemsk\u00e9 gravitace, kter\u00e1 se ozna\u010duje \u201eg\u201c a kter\u00e1 je na \u00farovni zem\u011b 9,81 m\/s. Pilot proto m\u016f\u017ee absorbovat pouze asi 10 g a ani to ne p\u0159\u00edli\u0161 dlouho. Z\u00e1rove\u0148 je st\u0159ela schopna dos\u00e1hnout hmotnosti 50 g! Kdo si mysl\u00edte, \u017ee vyhraje?<\/span><\/p>\n<p><span>To je zn\u00e1mo u\u017e velmi dlouho. Sou\u010dasn\u00e9 st\u00edha\u010dky jsou navr\u017eeny tak, aby odolaly p\u0159et\u00ed\u017een\u00ed p\u0159ibli\u017en\u011b 13 g. Krom\u011b toho na palub\u011b nikdo nen\u00ed, a proto je to ten, kdo dr\u017e\u00ed rukoje\u0165, kdo stroj omezuje.<\/span><\/p>\n<p><span>V minulosti to n\u011bkdo musel m\u00edt na starosti, proto\u017ee jsme nem\u011bli elektronick\u00e9, po\u010d\u00edta\u010dov\u00e9 a telekomunika\u010dn\u00ed zdroje, abychom tohle dronem zvl\u00e1dli a dos\u00e1hli tak p\u0159ijateln\u00e9ho v\u00fdkonu. Dnes ale elektronika nejen\u017ee zauj\u00edm\u00e1 mizern\u00e9 m\u00edsto p\u0159i velmi n\u00edzk\u00e9 hmotnosti, ale v\u00fdpo\u010detn\u00ed technika, nap\u0159\u00edklad prost\u0159ednictv\u00edm um\u011bl\u00e9 inteligence, umo\u017e\u0148uje mimo\u0159\u00e1dnou a rychlou autonomii rozhodov\u00e1n\u00ed, kter\u00e1 bere v \u00favahu v\u00edce parametr\u016f ne\u017e \u010dlov\u011bk, a telekomunikace mohou cestovat p\u0159es satelity a lasery, a proto nejsou p\u0159\u00edli\u0161 n\u00e1chyln\u00e9 k ru\u0161en\u00ed.<\/span><\/p>\n<p><span>Francie, respektive jej\u00ed vl\u00e1da, v\u0161ak ideologicky spolupracuje s N\u011bmeckem na tzv. SCAF, co\u017e je syst\u00e9m, kter\u00fd se skl\u00e1d\u00e1 z centr\u00e1ln\u00edho letadla pilotovan\u00e9ho \u010dlov\u011bkem a obklopen\u00e9ho 4 a\u017e 6 drony, \u010d\u00edm\u017e vznik\u00e1 jak\u00e1si letka, je\u017e by byla na pap\u00ed\u0159e efektivn\u011bj\u0161\u00ed.<\/span><\/p>\n<p><span>P\u0159edstavte si, \u017ee jste soupe\u0159. Na koho se ve flotile zam\u011b\u0159\u00edte jako prvn\u00ed? Na jedn\u00e9 stran\u011b m\u016f\u017eete m\u00edt 4 a\u017e 6 dron\u016f schopn\u00fdch p\u0159et\u00ed\u017een\u00ed 50 g, ale centr\u00e1ln\u00ed letadlo, mozek syst\u00e9mu, je to, kter\u00e9 zvl\u00e1dne v nejlep\u0161\u00edm p\u0159\u00edpad\u011b pouze 10 g. D\u00edt\u011b v prvn\u00ed t\u0159\u00edd\u011b to dok\u00e1\u017ee pochopit. No, ve vy\u0161\u0161\u00edch vrstv\u00e1ch francouzsk\u00fdch zbran\u00ed se zd\u00e1, \u017ee je to intelektu\u00e1ln\u011b nep\u0159\u00edstupn\u00e9! A kdy\u017e se k tomu p\u0159id\u00e1 ideologie a politika, \u010dek\u00e1 n\u00e1s samoz\u0159ejm\u011b katastrofa!<\/span><\/p>\n<p><span>Tak\u017ee vyv\u00edj\u00edme SCAF pro rok 2040, kter\u00fd je na pap\u00ed\u0159e zastaral\u00fd&#8230; v roce 2025!<\/span><\/p>\n<h3 class=\"wp-block-heading\"><strong><span>3. Syst\u00e9mov\u00e9 aspekty<\/span><\/strong><\/h3>\n<p><span>Syst\u00e9mov\u00e9 in\u017een\u00fdrstv\u00ed je zp\u016fsob pr\u00e1ce, kter\u00fd se zrodil ve Spojen\u00fdch st\u00e1tech b\u011bhem vesm\u00edrn\u00fdch z\u00e1vod\u016f po prvn\u00edch sov\u011btsk\u00fdch letech. Byl tam z\u0159\u00edzen obrovsk\u00fd pseudov\u011bdeck\u00fd apar\u00e1t, jeho\u017e vrcholn\u00fdm \u00fasp\u011bchem byl prvn\u00ed krok na M\u011bs\u00edci. Od t\u00e9 doby se jedn\u00e1 o doktr\u00ednu, kter\u00e1 je prim\u00e1rn\u011b americk\u00e1, kter\u00e1 vzkv\u00e9t\u00e1 na mnoha vojensk\u00fdch zak\u00e1zk\u00e1ch, kter\u00e1 z\u016fst\u00e1v\u00e1 do zna\u010dn\u00e9 m\u00edry empirick\u00e1 a z n\u00ed\u017e po cel\u00e1 desetilet\u00ed t\u00e9m\u011b\u0159 nic nevze\u0161lo.<\/span><\/p>\n<p><span>Stru\u010dn\u011b \u0159e\u010deno, pokud byste m\u011bli v\u0161echna doporu\u010den\u00ed a metody aplikovat na program, nejen\u017ee byste nikdy nem\u011bli dostatek finan\u010dn\u00edch prost\u0159edk\u016f na jeho dokon\u010den\u00ed, ale i technicky vzato byste \u010delili ne\u00fasp\u011bchu.<\/span><\/p>\n<p><span>M\u011bli jsme mnohokr\u00e1t p\u0159\u00edle\u017eitost kritizovat z\u00e1padn\u00ed strukturu zbrojn\u00edho pr\u016fmyslu, zejm\u00e9na americkou, kter\u00e1 se sna\u017e\u00ed p\u0159edev\u0161\u00edm o zisk, nikoli o v\u00fdrobu kvalitn\u00edch produkt\u016f. K tomu ale mus\u00edme p\u0159idat syst\u00e9mov\u00e9 in\u017een\u00fdrstv\u00ed, kter\u00e9 siln\u011b p\u0159ipom\u00edn\u00e1 pe\u010dlivou administrativu, je\u017e v\u00e1m zp\u016fsobuje p\u0159emr\u0161t\u011bn\u00e9 n\u00e1klady za v\u00fdsledky, kter\u00e9 jsou \u010dasto \u0161patn\u00e9.<\/span><\/p>\n<p><span>Uve\u010fme jeden symbolick\u00fd p\u0159\u00edklad, o kter\u00e9m si je jen velmi m\u00e1lo lid\u00ed v\u011bdomo. U t\u011bch star\u0161\u00edch se do\u010dkali p\u0159\u00edchodu norem kvality ISO + ur\u010dit\u00e9ho \u010d\u00edsla (nap\u0159\u00edklad 9000). Stal se z toho reklamn\u00ed argument, jako by to m\u011blo zaru\u010dit skute\u010dn\u00e9 plus pro produkt. Ale to je nepochopen\u00ed anglosask\u00e9 mentality, v jej\u00edch\u017e mysl\u00edch tento zp\u016fsob jedn\u00e1n\u00ed vykl\u00ed\u010dil. Kdy\u017e si koup\u00edte certifikovan\u00fd produkt, m\u00e1te pouze jistotu, \u017ee spl\u0148uje po\u017eadavky, nem\u00e1te jistotu ohledn\u011b jeho v\u00fdkonu!<\/span><\/p>\n<p><span>M\u016fj kamar\u00e1d Daniel, kter\u00fd se v t\u011bchto \u0159\u00e1dc\u00edch jist\u011b pozn\u00e1, dr\u017eel v rukou termokameru, kter\u00e1 sice m\u011bla v\u0161echna schv\u00e1len\u00ed, ale evidentn\u011b nebyla dobr\u00e1 a na \u010do\u010dk\u00e1ch jsme dokonce objevili otisky prst\u016f.<\/span><\/p>\n<p><span>Ukazuje se, \u017ee tento zp\u016fsob jedn\u00e1n\u00ed nen\u00ed pro Francouze kulturn\u011b vhodn\u00fd! V\u0161ichni zn\u00e1me syst\u00e9m D, kter\u00fd bohu\u017eel s nov\u00fdmi generacemi ztratil sv\u016fj lesk. Ale tohle jsme m\u011bli v genech a dosahovali jsme v\u00fdjime\u010dn\u00fdch v\u00fdsledk\u016f, jak dokazuje historie na\u0161\u00ed zem\u011b. T\u00edm, \u017ee jsme se stali anglosask\u00fdmi, jsme do zna\u010dn\u00e9 m\u00edry promrhali genialitu na\u0161eho lidu. Toto je pot\u0159eba kompletn\u011b p\u0159epracovat.<\/span><\/p>\n<p><span>Ale poj\u010fme k hlavn\u00edmu t\u00e9matu tohoto odstavce, kter\u00fdm jsou syst\u00e9my, jeliko\u017e podle\u00a0<\/span><a title=\"\" href=\"http:\/\/xn--armes-dsa.com\/\" target=\"_blank\" rel=\"noopener\"><span>arm\u00e9es.com<\/span><\/a><span>\u00a0by p\u00e1kist\u00e1nsk\u00e1 p\u0159evaha byla zp\u016fsobena jeho 100% \u010d\u00ednsk\u00fdm syst\u00e9mem, a proto by byla v souladu s indickou arm\u00e1dou \u201eBabylonsk\u00e9 v\u011b\u017ee\u201c.<\/span><\/p>\n<p><span>Je to mo\u017en\u00e9! O tomto t\u00e9matu tady nejsme dob\u0159e informov\u00e1ni. Jak v\u0161ak bylo podprahov\u011b vysv\u011btleno na za\u010d\u00e1tku t\u00e9to \u010d\u00e1sti, syst\u00e9mov\u00e9 in\u017een\u00fdrstv\u00ed nev\u00ed, co je syst\u00e9m. A p\u0159esto mluv\u00ed o syst\u00e9mech syst\u00e9m\u016f atd. Cel\u00e1 hromada nabub\u0159el\u00fdch \u201ev\u011bc\u00ed\u201c, s kr\u00e1sn\u00fdmi projevy a velkolep\u00fdmi prezentacemi v PowerPointu, ale v kone\u010dn\u00e9m d\u016fsledku o vojensk\u00e9 technice, kter\u00e1 v podstat\u011b uk\u00e1zala slabiny v ukrajinsk\u00e9m konfliktu.<\/span><\/p>\n<p><span>Jedn\u00edm z d\u016fvod\u016f je nematematizace oboru. Dokud nen\u00ed discipl\u00edna formalizov\u00e1na, je skute\u010dn\u011b velmi obt\u00ed\u017en\u00e9 ji zvl\u00e1dnout. V t\u00e9to oblasti se v\u0161ak nic ned\u011bl\u00e1, jednodu\u0161e proto, \u017ee dosa\u017een\u00ed syst\u00e9mov\u00e9 funkce v kari\u00e9\u0159e trv\u00e1 roky a pak se up\u0159ednost\u0148uj\u00ed mana\u017ee\u0159i, kte\u0159\u00ed se budou v\u00edce zab\u00fdvat rozpo\u010dty ne\u017e technick\u00fdmi probl\u00e9my, kter\u00fdm obvykle nerozum\u00ed.<\/span><\/p>\n<p><span>Kdy\u017e se tedy objev\u00ed n\u011bkdo, kdo navrhne matematizaci oboru a t\u00edm implementaci efektivn\u00edch, objektivn\u00edch a logick\u00fdch p\u0159\u00edstup\u016f, vyd\u011bs\u00ed to zast\u00e1nce \u201esyst\u00e9mu\u201c a z\u00e1le\u017eitost se rychle ututl\u00e1.<\/span><\/p>\n<p><span>Empiricky je t\u00e9m\u011b\u0159 v\u0161echno syst\u00e9m. Pokud se pod\u00edv\u00e1te na bu\u0148ku v biologii, je to slo\u017eit\u00fd syst\u00e9m. Pokud se zam\u011b\u0159\u00edte na jeho j\u00e1dro, je to op\u011bt, ale na jin\u00e9 \u00farovni, syst\u00e9m atd.<\/span><\/p>\n<p><span>\u010c\u00edm v\u00edce mo\u017enost\u00ed \u010dlov\u011bk pokryje, t\u00edm v\u00edce potenci\u00e1l\u016f mus\u00ed z\u00e1kladn\u00ed matematick\u00e1 teorie zahrnout. Mus\u00edme proto vyvinout doktr\u00ednu se \u0161irok\u00fdm, velmi \u0161irok\u00fdm spektrem! A v d\u016fsledku toho se to s nejv\u011bt\u0161\u00ed pravd\u011bpodobnost\u00ed uk\u00e1\u017ee jako slo\u017eit\u00e9 a komplikovan\u00e9.<\/span><\/p>\n<p><span>Zv\u00eddav\u00e9ho \u010dten\u00e1\u0159e odkazuji na dostupnou literaturu k tomuto t\u00e9matu, ale po prostudov\u00e1n\u00ed ot\u00e1zky najdete p\u0159\u00edklad mo\u017en\u00e9ho p\u0159\u00edstupu na\u00a0<\/span><a title=\"\" href=\"https:\/\/www.researchgate.net\/publication\/391572498_Disruptive_Cryptography_A_One_Day_Class\" target=\"_blank\" rel=\"noopener\"><span>t\u00e9to adrese<\/span><\/a><span>\u00a0v kapitole 5. Text je tam pops\u00e1n v ur\u010dit\u00e9m kontextu, ale j\u00e1 jsem navrhl\u00a0<\/span><a title=\"\" href=\"https:\/\/www.incose.org\/\" target=\"_blank\" rel=\"noopener\"><span>INCOSE<\/span><\/a><span id=\"easy-footnote-1-459318\" class=\"easy-footnote-margin-adjust\"><\/span><span class=\"easy-footnote\"><a title=\"\" href=\"https:\/\/reseauinternational.net\/rafales-abattus-ou-le-chant-du-cygne\/#easy-footnote-bottom-1-459318\" data-hasqtip=\"0\" aria-describedby=\"qtip-0\"><sup><span>1<\/span><\/sup><\/a><\/span><span>\u00a0, v t\u00e9 dob\u011b, o vytvo\u0159en\u00ed pracovn\u00ed skupiny pro syst\u00e9my ze sv\u00e9 podstaty odoln\u00e9 v\u016f\u010di teroristick\u00fdm \u00fatok\u016fm, co\u017e se setkalo s mal\u00fdm ohlasem.<\/span><\/p>\n<p><span>Vyvinuli \u010c\u00ed\u0148an\u00e9 skute\u010dn\u011b v\u011bdeck\u00e9, nikoli empirick\u00e9, syst\u00e9mov\u00e9 in\u017een\u00fdrstv\u00ed? Vzhledem k indicko-p\u00e1kist\u00e1nsk\u00e9mu konfliktu a projeven\u00e9 nad\u0159azenosti lze tuto ot\u00e1zku opr\u00e1vn\u011bn\u011b polo\u017eit.<\/span><\/p>\n<h3 class=\"wp-block-heading\"><strong><span>4. V\u00e1le\u010dn\u00e1 ekonomika<\/span><\/strong><\/h3>\n<p><span>V posledn\u00ed dob\u011b n\u00e1m neust\u00e1le \u0159\u00edkaj\u00ed o nutnosti p\u0159ej\u00edt k v\u00e1le\u010dn\u00e9 ekonomice, abychom \u010delili \u00fadajn\u011b agresivn\u00edmu Rusku. U\u017e jsme vysv\u011btlili, pro\u010d n\u00e1s Rusko neohro\u017euje a dlouho ohro\u017eovat nebude, a to v podstat\u011b a p\u0159inejmen\u0161\u00edm z demografick\u00fdch d\u016fvod\u016f. M\u016f\u017eeme dodat, \u017ee my Francouzi jsou frankofilov\u00e9 a miluj\u00ed kulturu na\u0161\u00ed zem\u011b, alespo\u0148 kdy\u017e jsme n\u011bjakou m\u011bli, proto\u017ee ta dne\u0161n\u00ed nelze p\u0159inejmen\u0161\u00edm \u0159\u00edct, \u017ee by byla oslniv\u00e1.<\/span><\/p>\n<p><span>Sou\u010dasn\u00fd probl\u00e9m spo\u010d\u00edv\u00e1 v tom, \u017ee my\u0161lenkou na\u0161ich v\u016fdc\u016f je p\u0159ej\u00edt k masov\u00e9 v\u00fdrob\u011b, aby se bojovalo, jak jsme pr\u00e1v\u011b vid\u011bli, proti fiktivn\u00edmu nep\u0159\u00edteli. Nav\u00edc, a to jsme tak\u00e9 uvedli,\u00a0<\/span><a title=\"\" href=\"https:\/\/cf2r.org\/rta\/comment-gagner-une-guerre-contre-leurope-avec-presque-rien\/\" target=\"_blank\" rel=\"noopener\"><span>na\u0161e st\u00e1vaj\u00edc\u00ed zbran\u011b neodpov\u00eddaj\u00ed standard\u016fm na boji\u0161ti<\/span><\/a><span>\u00a0. Jak\u00fd m\u00e1 smysl vyr\u00e1b\u011bt tento typ stroje, kdy\u017e se tam nehod\u00ed?<\/span><\/p>\n<p><span>V Evrop\u011b, ve Francii, prolezl\u00e9 korupc\u00ed, nazna\u010duje tato pl\u00e1novan\u00e1 v\u00fdroba zastaral\u00e9ho vybaven\u00ed to nejhor\u0161\u00ed.<\/span><\/p>\n<p><span>Kdyby na vrcholu st\u00e1tu existovalo alespo\u0148 trochu zdrav\u00e9ho rozumu, za\u010dali bychom seri\u00f3zn\u00edm zhodnocen\u00edm hrozeb, kter\u00e9 na na\u0161i zemi hroz\u00ed. Jasn\u011b bychom identifikovali na\u0161e nep\u0159\u00e1tele, pokud n\u011bjac\u00ed existuj\u00ed, na\u0161e geopolitick\u00e9, strategick\u00e9 protivn\u00edky atd., a na z\u00e1klad\u011b anal\u00fdzy bychom se rozhodli pro adekv\u00e1tn\u00ed form\u00e1t obrany. Tohle o\u010dividn\u011b ned\u011bl\u00e1me.<\/span><\/p>\n<p><span>Vezm\u011bme si jeden symbolick\u00fd p\u0159\u00edklad. V z\u00e1kulis\u00ed se mluv\u00ed o stavb\u011b druh\u00e9 letadlov\u00e9 lodi. Existence rusk\u00e9 st\u0159ely Zircon s rychlost\u00ed Mach 9 a doletem v\u00edce ne\u017e 1000 km v\u0161ak z t\u011bchto za\u0159\u00edzen\u00ed d\u011bl\u00e1 zastaral\u00e9 zbran\u011b z jin\u00e9ho stolet\u00ed.<\/span><\/p>\n<p><span>Poznamenejme tak\u00e9, \u017ee v p\u0159\u00edpad\u011b, \u017ee by Rusko bylo nep\u0159\u00e1telskou mocnost\u00ed, sotva bychom vid\u011bli smysl letadlov\u00e9 lodi proti n\u011bmu, proto\u017ee se jedn\u00e1 prim\u00e1rn\u011b o kontinent\u00e1ln\u00ed entitu. Nakonec se pro projekci pou\u017e\u00edv\u00e1 letadlov\u00e1 lo\u010f. Tak\u017ee u\u017e nejsme v oblasti obrany, ale sp\u00ed\u0161e v\u00e1lky, a proto\u017ee je to proti mocnosti hodn\u00e9 tohoto jm\u00e9na bezcenn\u00e9, znamen\u00e1 to, \u017ee se jedn\u00e1 o neokoloni\u00e1ln\u00ed prost\u0159edek. Francie, b\u00fdval\u00e1 koloniza\u010dn\u00ed zem\u011b, m\u00e1 neokoloni\u00e1ln\u00ed ambice? Vl\u00e1da by to m\u011bla vysv\u011btlit. Nen\u00ed jist\u00e9, zda by to obyvatelstvo ocenilo.<\/span><\/p>\n<h3 class=\"wp-block-heading\"><strong><span>5. Za\u010d\u00e1tek sout\u011b\u017ee<\/span><\/strong><\/h3>\n<p><span>Vzhledem k tomu, jak\u00fd je sv\u011bt, velmi dob\u0159e v\u00edme, \u017ee populace na planet\u011b spolu relativn\u011b konkuruj\u00ed. Odtud k tvrzen\u00ed, \u017ee to druh\u00e9 je formou v\u00e1lky, zb\u00fdv\u00e1 u\u017e jen jeden krok, kter\u00fd nev\u00e1h\u00e1me ud\u011blat.<\/span><\/p>\n<p><span>\u010clov\u011bka charakterizuje p\u0159edev\u0161\u00edm jeho intelekt. Z\u00e1vod se tedy m\u016f\u017ee b\u011b\u017eet pouze, nebo t\u00e9m\u011b\u0159 pouze, na t\u00e9to \u00farovni. A za\u010d\u00edn\u00e1 to u\u017e ve \u0161kole. V na\u0161em \u0161kolsk\u00e9m syst\u00e9mu sout\u011b\u017e\u00edme se zbytkem sv\u011bta. Pod\u00edvejte se na Ameri\u010dany (a n\u00e1s!), kte\u0159\u00ed neum\u00ed postavit hypersonick\u00e9 st\u0159ely. Je to v mozku, \u017ee to nefunguje!<\/span><\/p>\n<p><span>Co aktu\u00e1ln\u011b d\u011bl\u00e1me ve vzd\u011bl\u00e1v\u00e1n\u00ed? Nic! Nav\u00edc jsme na spodn\u00edch p\u0159\u00ed\u010dk\u00e1ch v \u017eeb\u0159\u00ed\u010dku typu PISA. Pozor! Ty druh\u00e9 m\u011b\u0159\u00ed pouze znalosti a Pavlovovy reflexy k \u0159e\u0161en\u00ed standardizovan\u00fdch ot\u00e1zek. Dnes ve Francii ve\u0161ker\u00e9 stopy u\u010den\u00ed se uva\u017eov\u00e1n\u00ed zmizely z u\u010debn\u00edch osnov, a to a\u017e po p\u0159\u00edpravn\u00e9 t\u0159\u00eddy v\u010detn\u011b. D\u0159\u00edve tomu tak nebylo. Na druhou stranu, co v masov\u00e9m vzd\u011bl\u00e1v\u00e1n\u00ed v\u017edy chyb\u011blo, je v\u00fdb\u011br inteligentn\u00edch lid\u00ed, tedy t\u011bch, kte\u0159\u00ed maj\u00ed n\u00e1pady.<\/span><\/p>\n<p><span>Abychom pou\u017eili ji\u017e v\u00fd\u0161e citovan\u00fd v\u00fdraz, m\u00e1me velkou tendenci eliminovat ty, kte\u0159\u00ed si um\u00ed dob\u0159e vysta\u010dit. To je \u0161koda, proto\u017ee jsou bezpochyby nejlep\u0161\u00ed! Pokud bychom jim dok\u00e1zali v\u0161t\u00edpit uva\u017eov\u00e1n\u00ed a znalosti, ani\u017e bychom je zkreslovali, pravd\u011bpodobn\u011b bychom dos\u00e1hli mimo\u0159\u00e1dn\u00e9ho \u00fasp\u011bchu na glob\u00e1ln\u00ed \u00farovni!<\/span><\/p>\n<p><span>Ale v tomto syst\u00e9mu je pot\u0159eba v\u0161echno p\u0159ezkoumat!<\/span><\/p>\n<h3 class=\"wp-block-heading\"><strong><span>6. Nez\u00e1vislost<\/span><\/strong><\/h3>\n<p><span>Je docela komick\u00e9 poznamenat, \u017ee \u010c\u00edna je na vrcholu na\u0161eho seznamu protivn\u00edk\u016f, ne-li nep\u0159\u00e1tel, zat\u00edmco my jsme na n\u00ed z\u00e1visl\u00ed v naprosto netu\u0161en\u00e9 m\u00ed\u0159e.<\/span><\/p>\n<p><span>K tomuto t\u00e9matu jsme se ji\u017e dob\u0159e vyj\u00e1d\u0159ili v jin\u00fdch\u00a0<\/span><a title=\"\" href=\"https:\/\/cf2r.org\/rta\/comment-gagner-une-guerre-contre-leurope-avec-presque-rien\/\" target=\"_blank\" rel=\"noopener\"><span>textech<\/span><\/a><span>\u00a0, tak\u017ee se j\u00edm nebudeme d\u00e1le zab\u00fdvat. Ale zde se zasazujeme do kontextu syst\u00e9m\u016f. Je z\u0159ejm\u00e9, \u017ee a\u010dkoliv je to prim\u00e1rn\u00ed role vl\u00e1dy, nikdo nepova\u017euje na\u0161i zemi za syst\u00e9m. Nyn\u00ed existuj\u00ed vstupy, v\u00fdstupy, z\u00e1vislosti, jejich\u017e toky lze kontrolovat, upravovat, diverzifikovat atd. Pokud jde o obranu, sm\u011b\u0159ujeme k naprost\u00e9 katastrof\u011b, proto\u017ee pokud \u010c\u00edna z\u00edtra b\u011bhem konfliktu uzav\u0159e kohoutek s drah\u00fdmi zeminami, Z\u00e1pad prost\u011b nebude existovat: \u017e\u00e1dn\u00e9 dal\u0161\u00ed mobiln\u00ed telefony, \u017e\u00e1dn\u00e9 dal\u0161\u00ed po\u010d\u00edta\u010de, \u017e\u00e1dn\u00e9 dal\u0161\u00ed elektronick\u00e9 zapalov\u00e1n\u00ed do aut, \u017e\u00e1dn\u00e9 dal\u0161\u00ed baterie atd. Tot\u00e9\u017e plat\u00ed pro l\u00e9ky, jak uk\u00e1zala krize COVID.<\/span><\/p>\n<p><span>Pouh\u00fd z\u00e1vod o pen\u00edze, vl\u00e1da samotn\u00fdch financ\u00ed po cel\u00e1 desetilet\u00ed, vedly k t\u00e9to katastrof\u00e1ln\u00ed situaci. T\u00edm se vytvo\u0159ila jak\u00e1si vl\u00e1dnouc\u00ed kasta slo\u017een\u00e1 z lid\u00ed bez st\u00e1tn\u00ed p\u0159\u00edslu\u0161nosti, jejich\u017e z\u00e1jmy se neshoduj\u00ed se z\u00e1jmy zem\u011b a kte\u0159\u00ed dnes p\u0159ij\u00edmaj\u00ed rozkazy z Washingtonu, z\u00edtra mo\u017en\u00e1 z Pekingu. A proto francouzsk\u00e1 vl\u00e1da nen\u00ed suver\u00e9nn\u00ed, a proto ani lid.<\/span><\/p>\n<p><span>Zm\u011bna bude nutn\u011b muset vzej\u00edt od obyvatelstva, ale prozat\u00edm je o to p\u0159ipraveno oligarchy, kte\u0159\u00ed disponuj\u00ed prost\u0159edky propagandy, je\u017e se bohu\u017eel ukazuj\u00ed jako velmi \u00fa\u010dinn\u00e9, a to i p\u0159es katastrof\u00e1ln\u00ed ekonomickou situaci. \u010clov\u011bk se nav\u00edc pt\u00e1, zda toto selh\u00e1n\u00ed nem\u011blo zabr\u00e1nit jak\u00e9mukoli n\u00e1vratu k nez\u00e1vislosti francouzsk\u00e9ho n\u00e1roda.<\/span><\/p>\n<p><span>Tak\u017ee, te\u010f francouzsk\u00e1 obrana? Ano, ale za podm\u00ednky, \u017ee je suver\u00e9nn\u00ed. To zjevn\u011b tak nen\u00ed. Evrop\u0161t\u00ed federalist\u00e9 \u0159eknou, \u017ee toho lze dos\u00e1hnout pouze na kontinent\u00e1ln\u00ed \u00farovni. Ale to je naprost\u00e1 le\u017e! Je to je\u0161t\u011b hor\u0161\u00ed. Kontrola elit jin\u00fdch evropsk\u00fdch zem\u00ed je je\u0161t\u011b d\u016fle\u017eit\u011bj\u0161\u00ed ne\u017e u n\u00e1s, kde st\u00e1le m\u00e1me n\u011bjak\u00e9 zbytky slavn\u00e9 minulosti.<\/span><\/p>\n<h3 class=\"wp-block-heading\"><strong><span>7. Pr\u016fmyslov\u00e1 tkanina<\/span><\/strong><\/h3>\n<p><span>Pokud ukrajinsk\u00fd konflikt n\u011bco uk\u00e1zal, pak je to d\u016fle\u017eitost pr\u016fmyslov\u00e9 struktury a schopnost lid\u00ed zasahovat do v\u00e1le\u010dn\u00e9ho \u00fasil\u00ed. U\u017e jsme hovo\u0159ili o vzd\u011bl\u00e1v\u00e1n\u00ed, kter\u00e9 je v tomto ohledu z\u00e1sadn\u00ed, a nyn\u00ed se mus\u00edme zab\u00fdvat kapit\u00e1lov\u00fdmi aspekty.<\/span><\/p>\n<p><span>To t\u00e9ma poch\u00e1z\u00ed z velk\u00e9 d\u00e1lky! Na konci druh\u00e9 sv\u011btov\u00e9 v\u00e1lky existovalo nep\u0159ebern\u00e9 mno\u017estv\u00ed podnik\u016f, nap\u0159\u00edklad v leteck\u00e9m sektoru. P\u0159edstavu o tom pro Francii z\u00edsk\u00e1me v d\u00edle s n\u00e1zvem\u00a0<\/span><em><span>D\u011bjiny letectv\u00ed<\/span><\/em><span id=\"easy-footnote-2-459318\" class=\"easy-footnote-margin-adjust\"><\/span><span class=\"easy-footnote\"><a title=\"\" href=\"https:\/\/reseauinternational.net\/rafales-abattus-ou-le-chant-du-cygne\/#easy-footnote-bottom-2-459318\" data-hasqtip=\"1\" aria-describedby=\"qtip-1\"><sup><span>2<\/span><\/sup><\/a><\/span><span>\u00a0. Vl\u00e1dy 50. a 60. let se rozhodly tuto situaci racionalizovat a z\u00e1m\u011brn\u011b dekapitovaly n\u011bkter\u00e9 spole\u010dnosti ve prosp\u011bch jin\u00fdch: Dassault a A\u00e9rospatiale zv\u00edt\u011bzily na \u00fakor n\u011bkter\u00fdch sv\u00fdch konkurent\u016f, co\u017e m\u011blo za n\u00e1sledek jednotnost n\u00e1zor\u016f.<\/span><\/p>\n<p><span>Boeing byl prvn\u00ed, kdo p\u0159i\u0161el s konceptem rodiny letadel pro civiln\u00ed letectv\u00ed, aby sn\u00ed\u017eil n\u00e1klady, a to u\u017e v\u00fdm\u011bnou za v\u00fdkon, a to kontaminovalo to, \u010demu se \u0159\u00edk\u00e1 Airbus. Porovnejte Caravelle z roku 1952 a nov\u011b uveden\u00fd A350-1000 ULR a hledejte rozd\u00edly. Pouze jsme se zlep\u0161ili, ani\u017e bychom kdy za\u010d\u00ednali od nuly. A to natolik, \u017ee dnes t\u00e9m\u011b\u0159 \u017e\u00e1dn\u00fd in\u017een\u00fdr nen\u00ed schopen postavit l\u00e9taj\u00edc\u00ed stroj od nuly, pokud nezreprodukuje to, co v\u017edy znal, tedy Airbus, Boeing nebo dokonce nyn\u00ed COMAC. Nach\u00e1z\u00edme se tedy v perspektiv\u011b hon\u011bn\u00ed se za asymptotou, kde abychom byli epsilon nad konkurenc\u00ed, je rozd\u00edl v n\u00e1kladech exponenci\u00e1ln\u00ed.<\/span><\/p>\n<p><span>Vezm\u011bme si na chv\u00edli protip\u0159\u00edklad hypersonick\u00e9 st\u0159ely, kter\u00e1 p\u0159ich\u00e1z\u00ed z jin\u00e9ho horizontu, a polo\u017eme si ot\u00e1zku, kolik in\u017een\u00fdr\u016f ve Francii navrhlo v\u00fdvoj takov\u00fdch koncept\u016f a kolik z nich bylo odm\u00edtnuto.<\/span><\/p>\n<p><span>Ale pokra\u010dujme v na\u0161\u00ed historick\u00e9 s\u00e1ze. V 90. letech se Spojen\u00e9 st\u00e1ty rozhodly konsolidovat sv\u016fj pr\u016fmysl do velk\u00fdch konglomer\u00e1t\u016f a provedly f\u00faze: Boeing, Northrop Grumman, Lockheed Martin atd. Evropa, postr\u00e1daj\u00edc\u00ed inspiraci a intelektu\u00e1ln\u011b kolonizovan\u00e1, napodobuje vl\u00e1dce a vytv\u00e1\u0159\u00ed EADS, KNDS atd. To d\u00e1le vzdaluje pracovit\u00e9 s\u00edly od rozhodovac\u00edch center a pokud by Marcel Dassault a dokonce i Serge, nebo Jean-Luc Lagard\u00e8re byli in\u017een\u00fdry, jsou nahrazov\u00e1ni mana\u017eery \u201erozen\u00fdmi \u0159editeli\u201c.<\/span><\/p>\n<p><span>Kr\u00e1tce se vr\u00e1t\u00edm k tomuto konceptu, kter\u00fd jsem rozvinul v roce 2008 a kter\u00fd je specifick\u00fd pro n\u00e1s. Typick\u00e1 kari\u00e9rn\u00ed dr\u00e1ha vedouc\u00edch velk\u00fdch skupin je ENA nebo X, p\u011bt let ministersk\u00e9ho kabinetu a pot\u00e9 seskok jako \u0159editel nebo gener\u00e1ln\u00ed \u0159editel do velk\u00e9 skupiny z\u00e1visl\u00e9 na st\u00e1tn\u00edch zak\u00e1zk\u00e1ch, kde budou t\u011bm s t\u0159icetiletou prax\u00ed vysv\u011btlovat, co je t\u0159eba d\u011blat a jak na to.<\/span><\/p>\n<p><span>Jak\u00e9 jiskry vznikly v posledn\u00edch desetilet\u00edch v t\u011bchto konsolidovan\u00fdch subjektech, kter\u00e9 jsou tedy prim\u00e1rn\u011b \u0159\u00edzeny financemi? M\u016f\u017eete jmenovat alespo\u0148 jednu, kter\u00e1 je skute\u010dnou inovac\u00ed? A GAFAM, poch\u00e1zej\u00ed z t\u011bchto konsolidac\u00ed? Samoz\u0159ejm\u011b \u017ee ne!<\/span><\/p>\n<p><span>Pro \u00favod si p\u0159ipome\u0148me dv\u011b z\u00e1sadn\u00ed ud\u00e1losti. Zat\u00edmco vesm\u00edrn\u00fd sektor rostl, kdo p\u0159i\u0161el s my\u0161lenkou konstelace satelit\u016f na n\u00edzk\u00e9 ob\u011b\u017en\u00e9 dr\u00e1ze? Motorola! Spole\u010dnost mimo obor. A kdo to vlastn\u011b implementoval? Elon Musk, kter\u00fd p\u016fvodn\u011b p\u0159i\u0161el z PayPalu. Podobn\u011b, zat\u00edmco Ariane byla sv\u011btov\u00fdm l\u00eddrem po strategick\u00e9 chyb\u011b NASA s jej\u00edm raketopl\u00e1nem, kdo za\u010dal od nuly a vyd\u011blil cenu kilogramu na ob\u011b\u017en\u00e9 dr\u00e1ze \u010d\u00edslem 12,5 za dvacet let? Znovu Elon Musk!<\/span><\/p>\n<p><span>Restrukturalizace a konsolidace sektoru proto byly provedeny sterilizac\u00ed \u017eivotn\u00edch sil n\u00e1roda. Nejhor\u0161\u00ed na tom je, \u017ee \u00fa\u0159ady, kter\u00e9 by m\u011bly na v\u011bc dohl\u00ed\u017eet, jsou naprosto slep\u00e9. Kolem roku 2020 tedy jeden startup navrhl motor pro vojensk\u00e1 vozidla, kter\u00fd by spot\u0159ebu paliva sni\u017eoval faktorem 3,5. Bylo to podporov\u00e1no institucemi z\u00e1visl\u00fdmi na arm\u00e1d\u011b. Ale nebylo pova\u017eov\u00e1no za vhodn\u00e9 program p\u0159ijmout v Agentu\u0159e pro obrann\u00e9 inovace. A mohli bychom p\u0159\u00edklady zn\u00e1sobit.<\/span><\/p>\n<p><span>Vezm\u011bme si dal\u0161\u00ed, abychom uk\u00e1zali, jak\u00e9 hloup\u00e9 chov\u00e1n\u00ed dok\u00e1\u017ee tento syst\u00e9m generovat. V roce 2019 m\u011bla DGA (opr\u00e1vn\u011bn\u00e9) obavy z potenci\u00e1ln\u00edho v\u00fdzkumu kvantov\u00fdch radar\u016f, zejm\u00e9na v \u010c\u00edn\u011b. Proto shrom\u00e1\u017edila spole\u010dnosti Dassault, CEA, ONERA a Thales, aby je nal\u00e9hav\u011b vyzvala, aby v t\u00e9to v\u011bci n\u011bco ud\u011blaly. Bez znalosti v\u0161ech detail\u016f by se zd\u00e1lo \u2013 ale jen \u017e\u00e1d\u00e1me o vyvr\u00e1cen\u00ed \u2013 \u017ee jedin\u00fdm d\u016fvodem k zrodu bylo zaplacen\u00ed \u201epostdoktorandsk\u00e9ho\u201c studia. S kvantov\u00fdm radarem to bude pravd\u011bpodobn\u011b stejn\u00e9 jako s hypersonikou; Probud\u00edme se, a\u017e protivn\u00edk prok\u00e1\u017ee sv\u00e9 mistrovstv\u00ed na jak\u00e9mkoli boji\u0161ti, a pravd\u011bpodobn\u011b op\u011bt nebudeme m\u00edt intelekt na to, abychom se s protivn\u00edkem spojili a reagovali v\u00fdzkumem a v\u00fdvojem na to, co se na druh\u00e9 stran\u011b ji\u017e masov\u011b vyr\u00e1b\u00ed.<\/span><\/p>\n<h3 class=\"wp-block-heading\"><strong><span>8. Labut\u00ed p\u00edse\u0148<\/span><\/strong><\/h3>\n<p><span>Nebyli jsme vy\u010derp\u00e1vaj\u00edc\u00ed a ani to nem\u00e1me v \u00famyslu. Douf\u00e1me, \u017ee jsme v textu, kter\u00fd je st\u00e1le relativn\u011b kr\u00e1tk\u00fd, byli dostate\u010dn\u011b demonstrativn\u00ed. Vid\u00edme, \u017ee se dost\u00e1v\u00e1me do f\u00e1ze z\u00e1niku syst\u00e9mu, a to i v sektoru zbrojen\u00ed, kter\u00fd z\u016fst\u00e1val jednou z vlajkov\u00fdch lod\u00ed Francie. To je v\u00fdsledek politiky prov\u00e1d\u011bn\u00e9 po cel\u00e1 desetilet\u00ed a bylo urychleno \u010dist\u011b finan\u010dn\u00edmi rozhodnut\u00edmi o konsolidaci, dualit\u011b technologi\u00ed, ztr\u00e1t\u011b nez\u00e1vislosti, vazalstv\u00ed, a\u0165 u\u017e souhlasn\u00e9m nebo vyprovokovan\u00e9m, nadm\u011brn\u00e9 financializaci atd.<\/span><\/p>\n<p><span>Velmi stru\u010dn\u011b zde pop\u00ed\u0161u to, co jsem ji\u017e vysv\u011btlil v pr\u00e1ci o obran\u011b<\/span><span id=\"easy-footnote-3-459318\" class=\"easy-footnote-margin-adjust\"><\/span><span class=\"easy-footnote\"><a title=\"\" href=\"https:\/\/reseauinternational.net\/rafales-abattus-ou-le-chant-du-cygne\/#easy-footnote-bottom-3-459318\" data-hasqtip=\"2\" aria-describedby=\"qtip-2\"><sup><span>3<\/span><\/sup><\/a><\/span><span>\u00a0v roce 2007. U\u0161et\u0159\u00edm v\u00e1s matematick\u00fdch detail\u016f.<\/span><\/p>\n<p><span>V civiln\u00edm \u017eivot\u011b, vzhledem k v\u00fdkonu, je d\u016fle\u017eit\u00e1 konkurence v cen\u011b. Tak\u017ee se budete sna\u017eit sn\u00ed\u017eit po\u010det komponent, zorganizovat se tak, abyste co nejv\u00edce sn\u00ed\u017eili po\u010det pracovn\u00edch sil a slo\u017eitost operac\u00ed atd.<\/span><\/p>\n<p><span>Vezm\u011bme si pou\u010dn\u00fd p\u0159\u00edklad. M\u00e1te d\u016fm sv\u00fdch sn\u016f: chcete velmi velk\u00e9 m\u00edstnosti, dob\u0159e vyt\u00e1p\u011bn\u00e9 v zim\u011b a dob\u0159e klimatizovan\u00e9 v l\u00e9t\u011b. Chcete v koupeln\u011b zlat\u00e9 baterie, mramor na podlaze, kvalitn\u00ed textiln\u00ed z\u00e1v\u011bsy a tak d\u00e1le. Ale budete se d\u00edvat na sv\u016fj rozpo\u010det a va\u0161e touhy budou omezeny va\u0161\u00ed pen\u011b\u017eenkou. Proto si vyberete pr\u016fm\u011brn\u00e9 vybaven\u00ed, s pr\u016fm\u011brn\u011b velk\u00fdmi m\u00edstnostmi, standardn\u00edm vyt\u00e1p\u011bn\u00edm atd. Tak\u017ee budete m\u00edt pr\u016fm\u011brn\u00fd d\u016fm, pokud v\u00e1\u0161 p\u0159\u00edjem nebude takov\u00fd.<\/span><\/p>\n<p><span>V obran\u011b, pokud jste pr\u016fm\u011brn\u00ed, prohr\u00e1v\u00e1te! Mus\u00edme usilovat o nadvl\u00e1du! A co se tedy po tom, co jsme pr\u00e1v\u011b \u0159ekli, ud\u011blalo? Zaveden\u00edm financ\u00ed jsme dos\u00e1hli ur\u010dit\u00e9ho pokroku a kone\u010dn\u00fd v\u00fdsledek je, \u017ee \u010c\u00ed\u0148an\u00e9 si vedli l\u00e9pe ne\u017e my nebo Rusov\u00e9! Dobr\u00e1 pr\u00e1ce! Cht\u011bli jste spravovat pen\u00edze a dostali jste\u2026 Hodnotu za sv\u00e9 pen\u00edze!<\/span><\/p>\n<p><span>Dokud to nepochop\u00ed\u0161, nem\u016f\u017eeme spolu ani mluvit!<\/span><\/p>\n<p><span>Neuva\u017eoval jsi o podstupov\u00e1n\u00ed rizik. Krom\u011b ned\u00e1vn\u00fdch hypersonick\u00fdch raket, vid\u011bli jste v\u016fbec n\u011bjak\u00fd projekt, kter\u00fd by selhal z technick\u00fdch d\u016fvod\u016f? Samoz\u0159ejm\u011b \u017ee ne! Financujete skupiny lid\u00ed s nadv\u00e1hou, kter\u00e9 v\u00e1m prod\u00e1vaj\u00ed v\u011bci za vysok\u00e9 ceny, kter\u00e9 si nevedou dob\u0159e (viz Ariane vs. Elon Musk). Zakazujete vstup nov\u011b p\u0159\u00edchoz\u00edm, na rozd\u00edl od toho, co se d\u011bje nap\u0159\u00edklad ve Spojen\u00fdch st\u00e1tech.<\/span><\/p>\n<p><span>Typickou cestou ve Francii, a v nejlep\u0161\u00edm p\u0159\u00edpad\u011b, je startup, kter\u00fd je dotov\u00e1n a o n\u011bkolik let pozd\u011bji je nucen slou\u010dit se s velkou skupinou. Kdy\u017e se n\u011bkte\u0159\u00ed vyn\u00e1lezci obr\u00e1t\u00ed na DGA, jsou jim odm\u00edtnuty smlouvy, jejich\u017e hodnota je vy\u0161\u0161\u00ed ne\u017e jejich kapit\u00e1l. Vid\u00edte, co to m\u016f\u017ee pro startup znamenat! Tak\u00e9 to br\u00e1n\u00ed financov\u00e1n\u00ed spole\u010dnost\u00ed, kter\u00e9 by za sv\u00e9 objevy nem\u011bly \u017e\u00e1dn\u00e9 ob\u010danskopr\u00e1vn\u00ed d\u016fsledky. Tady se zastav\u00edme, poh\u00e1r je tak pln\u00fd!<\/span><\/p>\n<p><span>To v\u0161e si shrneme celkem snadno. Ukrajinsk\u00fd konflikt uk\u00e1zal, \u017ee americk\u00fd syst\u00e9m nefunguje. Brzy zjist\u00edme, zda Spojen\u00e9 st\u00e1ty dok\u00e1\u017eou situaci zvr\u00e1tit. Ale kdy\u017e vazalov\u00e9 ekonomicky prosazuj\u00ed politiku vl\u00e1dce, a to je\u0161t\u011b m\u00e9n\u011b \u00fasp\u011b\u0161n\u011b, m\u016f\u017ee to v\u00e9st pouze k ne\u00fasp\u011bchu. A tady to m\u00e1me!<\/span><\/p>\n<p><a href=\"https:\/\/www.observateur-continental.fr\/?module=articles&amp;action=view&amp;id=6930\"><em>Jean-Fran\u00e7ois Geneste<\/em>\u00a0<\/a><\/p>\n<p>&nbsp;<\/p>\n","protected":false},"excerpt":{"rendered":"<p>Patn\u00e1ct dn\u00ed po operaci Sindoor indick\u00e9 arm\u00e1dy, kter\u00e1 zam\u011b\u0159ila \u00fatok na p\u00e1kist\u00e1nsk\u00e9 lokality 22. dubna&#8230;<\/p>\n","protected":false},"author":2,"featured_media":79525,"comment_status":"closed","ping_status":"closed","sticky":false,"template":"","format":"standard","meta":[],"categories":[7],"tags":[79,220,457,129,9175],"_links":{"self":[{"href":"https:\/\/www.infokuryr.cz\/n\/wp-json\/wp\/v2\/posts\/79524"}],"collection":[{"href":"https:\/\/www.infokuryr.cz\/n\/wp-json\/wp\/v2\/posts"}],"about":[{"href":"https:\/\/www.infokuryr.cz\/n\/wp-json\/wp\/v2\/types\/post"}],"author":[{"embeddable":true,"href":"https:\/\/www.infokuryr.cz\/n\/wp-json\/wp\/v2\/users\/2"}],"replies":[{"embeddable":true,"href":"https:\/\/www.infokuryr.cz\/n\/wp-json\/wp\/v2\/comments?post=79524"}],"version-history":[{"count":1,"href":"https:\/\/www.infokuryr.cz\/n\/wp-json\/wp\/v2\/posts\/79524\/revisions"}],"predecessor-version":[{"id":79526,"href":"https:\/\/www.infokuryr.cz\/n\/wp-json\/wp\/v2\/posts\/79524\/revisions\/79526"}],"wp:featuredmedia":[{"embeddable":true,"href":"https:\/\/www.infokuryr.cz\/n\/wp-json\/wp\/v2\/media\/79525"}],"wp:attachment":[{"href":"https:\/\/www.infokuryr.cz\/n\/wp-json\/wp\/v2\/media?parent=79524"}],"wp:term":[{"taxonomy":"category","embeddable":true,"href":"https:\/\/www.infokuryr.cz\/n\/wp-json\/wp\/v2\/categories?post=79524"},{"taxonomy":"post_tag","embeddable":true,"href":"https:\/\/www.infokuryr.cz\/n\/wp-json\/wp\/v2\/tags?post=79524"}],"curies":[{"name":"wp","href":"https:\/\/api.w.org\/{rel}","templated":true}]}}