{"id":79523,"date":"2025-05-24T00:35:07","date_gmt":"2025-05-23T22:35:07","guid":{"rendered":"https:\/\/www.infokuryr.cz\/n\/?p=79523"},"modified":"2025-05-23T18:31:40","modified_gmt":"2025-05-23T16:31:40","slug":"pfizergate-jak-evropsky-parlament-odmita-transparentnost-navzdory-rozhodnuti-soudu-a-obcane-za-to-plati-cenu","status":"publish","type":"post","link":"https:\/\/www.infokuryr.cz\/n\/2025\/05\/24\/pfizergate-jak-evropsky-parlament-odmita-transparentnost-navzdory-rozhodnuti-soudu-a-obcane-za-to-plati-cenu\/","title":{"rendered":"Pfizergate: Jak Evropsk\u00fd parlament odm\u00edt\u00e1 transparentnost navzdory rozhodnut\u00ed soudu \u2013 a ob\u010dan\u00e9 za to plat\u00ed cenu"},"content":{"rendered":"<div id=\"fb-root\"><\/div>\n<p><strong>Miliardov\u00e1 dohoda mezi Ursulou von der Leyen a spole\u010dnost\u00ed Pfizer \u2013 Soudn\u00ed dv\u016fr EU po\u017eaduje nahl\u00e9dnut\u00ed do dokumentu, ale Parlament blokuje jakoukoli debatu. Pou\u010den\u00ed o moci, nedostatku transparentnosti a pohrd\u00e1n\u00ed suver\u00e9nem.<\/strong><\/p>\n<p>Zat\u00edmco cel\u00e1 Evropa st\u00e9n\u00e1 pod soci\u00e1ln\u00edmi, ekonomick\u00fdmi a psychologick\u00fdmi d\u016fsledky koronavirov\u00fdch let, Evropsk\u00fd parlament blokuje kl\u00ed\u010dovou debatu o jedn\u00e9 z nejkontroverzn\u011bj\u0161\u00edch dohod pandemie: smlouv\u011b o vakc\u00edn\u011b v hodnot\u011b n\u011bkolika miliard eur mezi p\u0159edsedkyn\u00ed Evropsk\u00e9 komise Ursulou von der Leyen a gener\u00e1ln\u00edm \u0159editelem spole\u010dnosti Pfizer Albertem Bourlou.<br \/>\nS\u00e9rie textov\u00fdch zpr\u00e1v \u2013 kter\u00e9 si von der Leyenov\u00e1 a Bourla osobn\u011b vym\u011bnili \u2013 z\u016fst\u00e1v\u00e1 dodnes d\u016fv\u011brn\u00e1. A to i p\u0159esto, \u017ee Evropsk\u00fd soudn\u00ed dv\u016fr minul\u00fd t\u00fdden shledal Komisi poru\u0161en\u00edm pr\u00e1va na informace.<\/p>\n<h3><strong>\u201eHistorick\u00fd rozsudek\u201c \u2013 kter\u00fd z\u016fst\u00e1v\u00e1 bez n\u00e1sledk\u016f<\/strong><\/h3>\n<p>Transparency International hovo\u0159ila o \u201ehistorick\u00e9m v\u00edt\u011bzstv\u00ed transparentnosti v EU\u201c. Soud podpo\u0159il list New York Times, kter\u00fd podal \u017ealobu na Evropskou komisi: Komise \u201eneprok\u00e1zala, \u017ee zpr\u00e1vy neexistovaly\u201c \u2013 diplomatick\u00fd eufemismus pro zatajov\u00e1n\u00ed.<\/p>\n<p>A co d\u011bl\u00e1 Evropsk\u00fd parlament? Blokuje\u00a0to\u00a0<em>jakoukoli debatu<\/em>\u00a0o tom. N\u00e1vrh skupiny Patriots for Europe, aby se p\u0159\u00edpad kone\u010dn\u011b ve\u0159ejn\u011b projednal, selhal\u00a0<strong>kv\u016fli odporu hlavn\u00edch skupin<\/strong>\u00a0: Renew Europe a Evropsk\u00e9 lidov\u00e9 strany (EPP). Mezi n\u011b pat\u0159\u00ed nejen CDU\/CSU, ale tak\u00e9 nizozemsk\u00e9 strany BBB a NSC \u2013 ob\u011b hlasovaly\u00a0<em>proti<\/em>\u00a0vyjasn\u011bn\u00ed.<\/p>\n<p><em>Kryt\u00ed Pfizergate? EPP a levice hlasovaly proti debat\u011b o tajn\u00fdch vzkazech von der Leyenov\u00e9. Co skr\u00fdvaj\u00ed? P\u0159esn\u011b proto Patriots vytvo\u0159ili vy\u0161et\u0159ovac\u00ed v\u00fdbor TRAC \u2013 aby po\u017eadovali odpov\u011bdi a vynesli pravdu na sv\u011btlo.<\/em><\/p>\n<div class=\"twitter-tweet twitter-tweet-rendered\"><iframe id=\"twitter-widget-0\" class=\"\" title=\"X P\u0159\u00edsp\u011bvek\" src=\"https:\/\/platform.twitter.com\/embed\/Tweet.html?dnt=false&amp;embedId=twitter-widget-0&amp;features=eyJ0ZndfdGltZWxpbmVfbGlzdCI6eyJidWNrZXQiOltdLCJ2ZXJzaW9uIjpudWxsfSwidGZ3X2ZvbGxvd2VyX2NvdW50X3N1bnNldCI6eyJidWNrZXQiOnRydWUsInZlcnNpb24iOm51bGx9LCJ0ZndfdHdlZXRfZWRpdF9iYWNrZW5kIjp7ImJ1Y2tldCI6Im9uIiwidmVyc2lvbiI6bnVsbH0sInRmd19yZWZzcmNfc2Vzc2lvbiI6eyJidWNrZXQiOiJvbiIsInZlcnNpb24iOm51bGx9LCJ0ZndfZm9zbnJfc29mdF9pbnRlcnZlbnRpb25zX2VuYWJsZWQiOnsiYnVja2V0Ijoib24iLCJ2ZXJzaW9uIjpudWxsfSwidGZ3X21peGVkX21lZGlhXzE1ODk3Ijp7ImJ1Y2tldCI6InRyZWF0bWVudCIsInZlcnNpb24iOm51bGx9LCJ0ZndfZXhwZXJpbWVudHNfY29va2llX2V4cGlyYXRpb24iOnsiYnVja2V0IjoxMjA5NjAwLCJ2ZXJzaW9uIjpudWxsfSwidGZ3X3Nob3dfYmlyZHdhdGNoX3Bpdm90c19lbmFibGVkIjp7ImJ1Y2tldCI6Im9uIiwidmVyc2lvbiI6bnVsbH0sInRmd19kdXBsaWNhdGVfc2NyaWJlc190b19zZXR0aW5ncyI6eyJidWNrZXQiOiJvbiIsInZlcnNpb24iOm51bGx9LCJ0ZndfdXNlX3Byb2ZpbGVfaW1hZ2Vfc2hhcGVfZW5hYmxlZCI6eyJidWNrZXQiOiJvbiIsInZlcnNpb24iOm51bGx9LCJ0ZndfdmlkZW9faGxzX2R5bmFtaWNfbWFuaWZlc3RzXzE1MDgyIjp7ImJ1Y2tldCI6InRydWVfYml0cmF0ZSIsInZlcnNpb24iOm51bGx9LCJ0ZndfbGVnYWN5X3RpbWVsaW5lX3N1bnNldCI6eyJidWNrZXQiOnRydWUsInZlcnNpb24iOm51bGx9LCJ0ZndfdHdlZXRfZWRpdF9mcm9udGVuZCI6eyJidWNrZXQiOiJvbiIsInZlcnNpb24iOm51bGx9fQ%3D%3D&amp;frame=false&amp;hideCard=false&amp;hideThread=false&amp;id=1925192844429430828&amp;lang=de&amp;origin=https%3A%2F%2Funcutnews.ch%2Fpfizergate-wie-das-eu-parlament-transparenz-verweigert-trotz-gerichtsurteil-und-die-buerger-die-zeche-zahlen%2F&amp;sessionId=7a0cc0299323936b118ffbcb45b7fe7a7790800c&amp;theme=light&amp;widgetsVersion=2615f7e52b7e0%3A1702314776716&amp;width=550px\" frameborder=\"0\" scrolling=\"no\" allowfullscreen=\"allowfullscreen\" data-tweet-id=\"1925192844429430828\" data-mce-fragment=\"1\"><\/iframe><\/div>\n<h3><strong>Co skr\u00fdvaj\u00ed?<\/strong><\/h3>\n<p>Kl\u00ed\u010dov\u00e1 ot\u00e1zka zn\u00ed: Co tyto zpr\u00e1vy \u0159\u00edkaly? A pro\u010d je von der Leyenov\u00e1 roky odm\u00edtala zve\u0159ejnit?<br \/>\nDohoda o vakc\u00edn\u011b v hodnot\u011b p\u0159es 35 miliard eur byla vyjedn\u00e1na za zav\u0159en\u00fdmi dve\u0159mi \u2013 bez v\u00fdb\u011brov\u00e9ho \u0159\u00edzen\u00ed, bez dohledu. I ostatn\u00ed \u010dlenov\u00e9 komise se o podrobnostech dozv\u011bd\u011bli z tisku.<\/p>\n<p>\u0160lo o mno\u017estv\u00ed, ceny, odpov\u011bdnost? \u0160lo o politick\u00e9 dohody? Nebo jde o osobn\u00ed bl\u00edzkost?<\/p>\n<p>Faktem je, \u017ee\u00a0<strong>ob\u010dan\u00e9 platili \u2013 a plat\u00ed dodnes.<\/strong>\u00a0Miliardy dolar\u016f da\u0148ov\u00fdch poplatn\u00edk\u016f plynuly do americk\u00e9 farmaceutick\u00e9 spole\u010dnosti. A zat\u00edmco lid\u00e9 trp\u011bli kv\u016fli lockdown\u016fm, vedlej\u0161\u00edm \u00fa\u010dink\u016fm a rodinn\u00fdm rozpor\u016fm, nejvy\u0161\u0161\u00ed \u00fa\u0159edn\u00edk EU jednal p\u0159\u00edmo s gener\u00e1ln\u00edm \u0159editelem spole\u010dnosti Pfizer prost\u0159ednictv\u00edm textov\u00fdch zpr\u00e1v \u2013 bez jak\u00e9hokoli demokratick\u00e9ho dohledu.<\/p>\n<h3><strong>Demokracie jako fra\u0161ka<\/strong><\/h3>\n<p>To, co nyn\u00ed Evropsk\u00fd parlament p\u0159edv\u00e1d\u00ed, nen\u00ed pulzuj\u00edc\u00ed demokracie \u2013 ale jej\u00ed eroze.<br \/>\nPokud v\u011bt\u0161ina \u010dlen\u016f parlamentu, kte\u0159\u00ed maj\u00ed zastupovat ob\u010dany,\u00a0<em>\u00famysln\u011b odm\u00edtne debatu<\/em>\u00a0pot\u00e9, co soud po\u017eaduje transparentnost, pak\u00a0<strong>u\u017e nejde o z\u00e1jmy ob\u010dan\u016f, ale o sebeochranu a mocenskou politiku.<\/strong><\/p>\n<h3><strong>Z\u00e1v\u011br: Skand\u00e1l s varov\u00e1n\u00edm<\/strong><\/h3>\n<p>Ml\u010den\u00ed ve zpr\u00e1v\u00e1ch o spole\u010dnosti Pfizer nen\u00ed mali\u010dkost \u2013 je to symbol. Symbol toho, jak moc se elity EU distancovaly od lid\u00ed. Symbol toho, \u017ee i rozhodnut\u00ed v hodnot\u011b miliard \u2013 s d\u016fsledky pro zdrav\u00ed a \u017eivoty milion\u016f \u2013 lze vyjedn\u00e1vat za zav\u0159en\u00fdmi dve\u0159mi.<\/p>\n<p>A co kdy\u017e se zept\u00e1 tisk, co kdy\u017e se zeptaj\u00ed ob\u010dan\u00e9, co kdy\u017e se zeptaj\u00ed soudy?<\/p>\n<p>Pak prost\u011b \u017e\u00e1dn\u00e1 reakce nen\u00ed.<\/p>\n<p>Tohle nen\u00ed demokracie \u2013 tohle je chaos.<\/p>\n<p><img decoding=\"async\" loading=\"lazy\" class=\"alignnone size-full wp-image-1185\" src=\"http:\/\/www.infokuryr.cz\/n\/wp-content\/uploads\/2021\/04\/kuryr-podpis.png\" alt=\"\" width=\"84\" height=\"24\" \/><\/p>\n<p>&nbsp;<\/p>\n","protected":false},"excerpt":{"rendered":"<p>Miliardov\u00e1 dohoda mezi Ursulou von der Leyen a spole\u010dnost\u00ed Pfizer \u2013 Soudn\u00ed dv\u016fr EU po\u017eaduje&#8230;<\/p>\n","protected":false},"author":2,"featured_media":64474,"comment_status":"closed","ping_status":"closed","sticky":false,"template":"","format":"standard","meta":[],"categories":[7],"tags":[41,315,324,48,3251],"_links":{"self":[{"href":"https:\/\/www.infokuryr.cz\/n\/wp-json\/wp\/v2\/posts\/79523"}],"collection":[{"href":"https:\/\/www.infokuryr.cz\/n\/wp-json\/wp\/v2\/posts"}],"about":[{"href":"https:\/\/www.infokuryr.cz\/n\/wp-json\/wp\/v2\/types\/post"}],"author":[{"embeddable":true,"href":"https:\/\/www.infokuryr.cz\/n\/wp-json\/wp\/v2\/users\/2"}],"replies":[{"embeddable":true,"href":"https:\/\/www.infokuryr.cz\/n\/wp-json\/wp\/v2\/comments?post=79523"}],"version-history":[{"count":0,"href":"https:\/\/www.infokuryr.cz\/n\/wp-json\/wp\/v2\/posts\/79523\/revisions"}],"wp:featuredmedia":[{"embeddable":true,"href":"https:\/\/www.infokuryr.cz\/n\/wp-json\/wp\/v2\/media\/64474"}],"wp:attachment":[{"href":"https:\/\/www.infokuryr.cz\/n\/wp-json\/wp\/v2\/media?parent=79523"}],"wp:term":[{"taxonomy":"category","embeddable":true,"href":"https:\/\/www.infokuryr.cz\/n\/wp-json\/wp\/v2\/categories?post=79523"},{"taxonomy":"post_tag","embeddable":true,"href":"https:\/\/www.infokuryr.cz\/n\/wp-json\/wp\/v2\/tags?post=79523"}],"curies":[{"name":"wp","href":"https:\/\/api.w.org\/{rel}","templated":true}]}}