{"id":79518,"date":"2025-05-24T00:32:25","date_gmt":"2025-05-23T22:32:25","guid":{"rendered":"https:\/\/www.infokuryr.cz\/n\/?p=79518"},"modified":"2025-05-23T18:20:49","modified_gmt":"2025-05-23T16:20:49","slug":"german-gorraiz-lopez-prestal-netanjahu-v-gaze-sekat-travnik-aby-ji-mohl-srovnat-se-zemi","status":"publish","type":"post","link":"https:\/\/www.infokuryr.cz\/n\/2025\/05\/24\/german-gorraiz-lopez-prestal-netanjahu-v-gaze-sekat-travnik-aby-ji-mohl-srovnat-se-zemi\/","title":{"rendered":"Germ\u00e1n Gorraiz L\u00f3pez: P\u0159estal Netanjahu v Gaze \u201esekat tr\u00e1vn\u00edk\u201c, aby ji mohl srovnat se zem\u00ed?"},"content":{"rendered":"<div id=\"fb-root\"><\/div>\n<p><strong><span>David M. Weinberg z Jeruzal\u00e9msk\u00e9ho institutu pro strategii a bezpe\u010dnost napsal ve sloupku pro\u00a0\u00a0<\/span><em><span>Jerusalem Post<\/span><\/em><span>\u00a0: \u201eUdr\u017eovat Palestince na uzd\u011b je jako sekat tr\u00e1vn\u00edk: neust\u00e1l\u00e1 a nam\u00e1hav\u00e1 pr\u00e1ce. Kdy\u017e p\u0159estanete, plevel se rozroste a prom\u011bn\u00ed se v had\u00ed pohromu.<\/span><\/strong><\/p>\n<p><span>Proto se fr\u00e1ze \u201esek\u00e1n\u00ed tr\u00e1vn\u00edku\u201c stala\u00a0<\/span><a href=\"https:\/\/m.jpost.com\/author\/david-m-weinberg\" target=\"_blank\" rel=\"noopener\"><span>term\u00ednem,<\/span><\/a><span>\u00a0kter\u00fd izraelsk\u00e1 m\u00e9dia zavedla k popisu pravideln\u00fdch \u00fatok\u016f, kter\u00e9 prov\u00e1d\u011bj\u00ed v Gaze, aby udr\u017eeli Palestince na uzd\u011b. Netanjahu v\u0161ak p\u0159estal sekat tr\u00e1vu v Gaze, aby ji pozd\u011bji mohl srovnat se zem\u00ed.<\/span><\/p>\n<p><span>Kojil Izrael Ham\u00e1s? Podle \u017eidovsk\u00e9ho den\u00edku\u00a0\u00a0<\/span><em><span>Haaretz<\/span><\/em><span>\u00a0sou\u010dasn\u00fd izraelsk\u00fd premi\u00e9r v roce 2019 \u010dlen\u016fm sv\u00e9 strany v Knesetu skute\u010dn\u011b\u00a0<\/span><a href=\"https:\/\/www.liberation.fr\/checknews\/netanyahou-a-t-il-dit-que-transferer-de-largent-au-hamas-etait-la-bonne-strategie-pour-contrecarrer-la-creation-dun-etat-palestinien-20231011_F5AKUAMMNVENDLJ6WBXLFPJETE\/\" target=\"_blank\" rel=\"noopener\"><span>\u0159ekl<\/span><\/a><span>\u00a0\u00a0, \u017ee \u201eup\u0159ednost\u0148ov\u00e1n\u00ed teroristick\u00e9 skupiny by bylo torp\u00e9dem pro vznik mo\u017en\u00e9ho palestinsk\u00e9ho st\u00e1tu v budoucnu\u201c. Dodal tak\u00e9, \u017ee \u201eka\u017ed\u00fd, kdo chce zablokovat vznik palestinsk\u00e9ho st\u00e1tu, mus\u00ed podporovat r\u016fst Ham\u00e1su a p\u0159ev\u00e1d\u011bt do n\u011bj pen\u00edze.\u201c Toto je sou\u010d\u00e1st na\u0161\u00ed strategie: izolovat Palestince v Gaze od Palestinc\u016f na Z\u00e1padn\u00edm b\u0159ehu Jord\u00e1nu,\u201c co\u017e jen potvrdilo podez\u0159en\u00ed, \u017ee Ham\u00e1s je izraelsk\u00fdm potomkem ovl\u00e1dan\u00fdm Mossadem.<\/span><\/p>\n<p><span>8. \u0159\u00edjna 2023 Ham\u00e1s zah\u00e1jil svou nejv\u011bt\u0161\u00ed vojenskou ofenzivu od roku 2007, infiltroval des\u00edtky sv\u00fdch \u010dlen\u016f do izraelsk\u00fdch m\u011bst a vyp\u00e1lil tis\u00edce raket na rozs\u00e1hl\u00e9 oblasti, v\u010detn\u011b Tel Avivu a Jeruzal\u00e9ma, co\u017e zp\u016fsobilo t\u00e9m\u011b\u0159 1500 izraelsk\u00fdch ob\u011bt\u00ed a \u00fanos v\u00edce ne\u017e 200 izraelsk\u00fdch rukojm\u00edch. Izraelsk\u00fd novin\u00e1\u0159 Amnon Abramovi\u010d v televizi\u00a0<\/span><a href=\"https:\/\/www.resumenlatinoamericano.org\/2023\/04\/12\/israel-medios-sionistas-culpan-a-netanyahu-por-las-diversas-crisis-que-atraviesan\/\" target=\"_blank\" rel=\"noopener\"><span>obvinil<\/span><\/a><span>\u00a0Netanjahua, \u017ee \u201ev honb\u011b za vlastn\u00edmi politick\u00fdmi zisky p\u0159iv\u00edr\u00e1 o\u010di p\u0159ed Ham\u00e1sem, dokud ho vlna nep\u0159emohla, a nyn\u00ed se j\u00ed sna\u017e\u00ed \u010delit.\u201c<\/span><\/p>\n<p><span>Politika sp\u00e1len\u00e9 zem\u011b v Gaze. Krvav\u00fd \u00fatok Ham\u00e1su vyu\u017eil Netanjahu k vyhl\u00e1\u0161en\u00ed v\u00e1le\u010dn\u00e9ho stavu (na obranu bezpe\u010dnosti Izraele) a zah\u00e1jen\u00ed ni\u010div\u00e9 ofenzivy v p\u00e1smu Gazy v nad\u011bji, \u017ee zv\u00fd\u0161\u00ed svou popularitu, kterou ztratil kv\u016fli selh\u00e1n\u00ed sv\u00fdch pr\u00e1vn\u00edch reforem, a vyhne se soudn\u00edmu \u0159\u00edzen\u00ed, v n\u011bm\u017e je obvi\u0148ov\u00e1n z korupce, podvodu a poru\u0161en\u00ed d\u016fv\u011bry.<\/span><\/p>\n<p><span>Po \u0159\u00edjnu tak 8. prosince Netanjahu a izraelsk\u00e1 arm\u00e1da p\u0159ijali politiku \u201esp\u00e1len\u00e9 zem\u011b\u201c, srovnali se zem\u00ed cel\u00e9 p\u00e1smo Gazy, vyhnali Ham\u00e1s z jeho nor a provedli etnick\u00e9 \u010distky, \u010d\u00edm\u017e donutili 1,5 milionu obyvatel Gazy k p\u0159es\u00eddlen\u00ed na egyptsk\u00fd Sinajsk\u00fd poloostrov.<\/span><\/p>\n<p><span>Tanky operace Gideon. V t\u00e9to souvislosti izraelsk\u00fd bezpe\u010dnostn\u00ed kabinet jednomysln\u011b schv\u00e1lil operaci Gideonovy tanky k dokon\u010den\u00ed \u00fapln\u00e9ho p\u0159evzet\u00ed p\u00e1sma Gazy a izraelsk\u00e1 m\u00e9dia\u00a0<\/span><em><span>Kan<\/span><\/em><span>\u00a011\u00a0<\/span><a href=\"https:\/\/www.courrierinternational.com\/article\/israel-hamas-l-offensive-israelienne-a-rafah-pourrait-debuter-tres-bientot\" target=\"_blank\" rel=\"noopener\"><span>informovala\u00a0<\/span><\/a><span>\u00a0, \u017ee \u201epl\u00e1n zahrnoval evakuaci palestinsk\u00fdch civilist\u016f ze severn\u00ed a st\u0159edn\u00ed Gazy p\u0159ed roz\u0161\u00ed\u0159en\u00edm operac\u00ed v t\u011bchto oblastech\u201c. Kone\u010dn\u00fdm c\u00edlem t\u00e9to vojensk\u00e9 operace by bylo nucen\u00e9 uzav\u0159en\u00ed obyvatel Gazy v Raf\u00e1hu jako n\u00e1tlakov\u00e9 opat\u0159en\u00ed k donucen\u00ed Egypta k otev\u0159en\u00ed hranic a usazen\u00ed Palestinc\u016f na Sinajsk\u00e9m poloostrov\u011b, na\u010de\u017e by Izrael jednostrann\u011b vyhl\u00e1sil svrchovanost nad Gazou a jej\u00edmi n\u00e1mo\u0159n\u00edmi z\u00f3nami.<\/span><\/p>\n<p><em><span><a href=\"https:\/\/www.observateur-continental.fr\/?module=articles&amp;action=view&amp;id=6926\">Germ\u00e1n Gorraiz L\u00f3pez ,<\/a> politick\u00fd analytik<\/span><\/em><em>\u00a0<\/em><\/p>\n<p>&nbsp;<\/p>\n","protected":false},"excerpt":{"rendered":"<p>David M. Weinberg z Jeruzal\u00e9msk\u00e9ho institutu pro strategii a bezpe\u010dnost napsal ve sloupku pro\u00a0\u00a0Jerusalem Post\u00a0:&#8230;<\/p>\n","protected":false},"author":2,"featured_media":79519,"comment_status":"closed","ping_status":"closed","sticky":false,"template":"","format":"standard","meta":[],"categories":[7],"tags":[1042,348,178,107],"_links":{"self":[{"href":"https:\/\/www.infokuryr.cz\/n\/wp-json\/wp\/v2\/posts\/79518"}],"collection":[{"href":"https:\/\/www.infokuryr.cz\/n\/wp-json\/wp\/v2\/posts"}],"about":[{"href":"https:\/\/www.infokuryr.cz\/n\/wp-json\/wp\/v2\/types\/post"}],"author":[{"embeddable":true,"href":"https:\/\/www.infokuryr.cz\/n\/wp-json\/wp\/v2\/users\/2"}],"replies":[{"embeddable":true,"href":"https:\/\/www.infokuryr.cz\/n\/wp-json\/wp\/v2\/comments?post=79518"}],"version-history":[{"count":0,"href":"https:\/\/www.infokuryr.cz\/n\/wp-json\/wp\/v2\/posts\/79518\/revisions"}],"wp:featuredmedia":[{"embeddable":true,"href":"https:\/\/www.infokuryr.cz\/n\/wp-json\/wp\/v2\/media\/79519"}],"wp:attachment":[{"href":"https:\/\/www.infokuryr.cz\/n\/wp-json\/wp\/v2\/media?parent=79518"}],"wp:term":[{"taxonomy":"category","embeddable":true,"href":"https:\/\/www.infokuryr.cz\/n\/wp-json\/wp\/v2\/categories?post=79518"},{"taxonomy":"post_tag","embeddable":true,"href":"https:\/\/www.infokuryr.cz\/n\/wp-json\/wp\/v2\/tags?post=79518"}],"curies":[{"name":"wp","href":"https:\/\/api.w.org\/{rel}","templated":true}]}}