{"id":79516,"date":"2025-05-24T00:31:07","date_gmt":"2025-05-23T22:31:07","guid":{"rendered":"https:\/\/www.infokuryr.cz\/n\/?p=79516"},"modified":"2025-05-23T18:04:36","modified_gmt":"2025-05-23T16:04:36","slug":"michail-gamandij-jegorov-primerenost-potreby-pokracovat-ve-vystehovani-zapadu-z-afriky","status":"publish","type":"post","link":"https:\/\/www.infokuryr.cz\/n\/2025\/05\/24\/michail-gamandij-jegorov-primerenost-potreby-pokracovat-ve-vystehovani-zapadu-z-afriky\/","title":{"rendered":"Michail Gamandij-Jegorov: P\u0159im\u011b\u0159enost pot\u0159eby pokra\u010dovat ve vyst\u011bhov\u00e1n\u00ed Z\u00e1padu z Afriky"},"content":{"rendered":"<div id=\"fb-root\"><\/div>\n<p><strong><span>My\u0161lenka dvoj\u00edho metru praktikovan\u00e9ho z\u00e1padn\u00edmi re\u017eimy nen\u00ed nov\u00e1, ale v dob\u011b, kdy se dikt\u00e1torsk\u00e9 metody t\u011bchto re\u017eim\u016f st\u00e1vaj\u00ed de facto ofici\u00e1ln\u00edmi, je volba svr\u017een\u00ed z\u00e1padn\u00edch re\u017eim\u016f, kterou p\u0159ijalo n\u011bkolik africk\u00fdch n\u00e1rod\u016f, jejich veden\u00ed, obyvatelstvo a ob\u010dansk\u00e1 spole\u010dnost, opr\u00e1vn\u011bn\u011bj\u0161\u00ed ne\u017e kdy jindy.<\/span><\/strong><\/p>\n<p><span>V Africe p\u016fsob\u00ed z\u00e1padn\u00ed agenti, kte\u0159\u00ed se sna\u017e\u00ed \u0161\u00ed\u0159it, samoz\u0159ejm\u011b s vyu\u017eit\u00edm z\u00e1padn\u00edch propagandistick\u00fdch n\u00e1stroj\u016f, zpr\u00e1vu, \u017ee Rusko a \u010c\u00edna p\u0159in\u00e1\u0161ej\u00ed na kontinent \u201eautorit\u00e1\u0159sk\u00fd re\u017eim\u201c a podporuj\u00ed procesy, kter\u00e9 \u00fadajn\u011b po\u0161kozuj\u00ed \u201edemokracii\u201c. Je z\u0159ejm\u00e9, \u017ee za t\u00edmto sd\u011blen\u00edm stoj\u00ed stejn\u00e9 z\u00e1jmy z\u00e1padn\u00ed planet\u00e1rn\u00ed men\u0161iny, jej\u00ed\u017e p\u0159\u00edslu\u0161n\u00e9 re\u017eimy se sna\u017e\u00ed udr\u017eovat m\u00fdtus, \u017ee jejich prost\u0159ednictv\u00edm jsou prosazov\u00e1ny \u201edemokratick\u00e9 hodnoty\u201c.<\/span><\/p>\n<p><span>To se odr\u00e1\u017e\u00ed i v \u010detn\u00fdch z\u00e1padn\u00edch informa\u010dn\u00edch \u00fatoc\u00edch na africk\u00e9 zem\u011b, kter\u00e9 se rozhodly pro svobodn\u00fd a suver\u00e9nn\u00ed rozvoj v souladu se skute\u010dn\u00fdmi panafrick\u00fdmi hodnotami a ve spojen\u00ed s hlavn\u00edmi silami sou\u010dasn\u00e9ho multipol\u00e1rn\u00edho sv\u011btov\u00e9ho \u0159\u00e1du. Zem\u011b Aliance-Konfederace st\u00e1t\u016f Sahelu (ESA) \u2013 Mali, Burkina Faso, Niger, ale i dal\u0161\u00ed n\u00e1rody \u2013 nap\u0159\u00edklad St\u0159edoafrick\u00e1 republika a Zimbabwe \u2013 jsou t\u00e9m\u011b\u0159 neust\u00e1le v hled\u00e1\u010dku z\u00e1padn\u00edch propagandist\u016f a m\u00edstn\u00edch poskok\u016f Z\u00e1padu.<\/span><\/p>\n<p><span>Nicm\u00e9n\u011b v\u0161echny ned\u00e1vn\u00e9 ud\u00e1losti potvrzuj\u00ed, \u017ee prostory pat\u0159\u00edc\u00ed z\u00e1padn\u00ed planet\u00e1rn\u00ed men\u0161in\u011b, zejm\u00e9na EU, dnes st\u00e1le v\u00edce zjevn\u011bji p\u0159edstavuj\u00ed dikt\u00e1torsk\u00fd subjekt bez respektu k demokratick\u00fdm volb\u00e1m obyvatelstva, pokud tyto volby jdou proti z\u00e1jm\u016fm tzv. men\u0161iny zvan\u00e9 kolektivn\u00ed Z\u00e1pad.<\/span><\/p>\n<p><span>\u010cetn\u00e9 vm\u011b\u0161ov\u00e1n\u00ed do prezidentsk\u00fdch voleb v Rumunsku potvrzuje podstatu toho, co re\u017eimy NATO a Z\u00e1padu ve skute\u010dnosti p\u0159edstavuj\u00ed. Pavel Durov, gener\u00e1ln\u00ed \u0159editel spole\u010dnosti Telegram, p\u0159edn\u00ed mezin\u00e1rodn\u00ed platformy pro instant messaging a souvisej\u00edc\u00ed slu\u017eby se s\u00eddlem v Dubaji ve Spojen\u00fdch arabsk\u00fdch emir\u00e1tech, zd\u016fraznil\u00a0<\/span><a href=\"https:\/\/t.me\/durov\/418\" target=\"_blank\" rel=\"noopener\"><span>pokusy<\/span><\/a><span>\u00a0proevropsk\u00fdch re\u017eim\u016f, zejm\u00e9na francouzsk\u00e9ho, o vm\u011b\u0161ov\u00e1n\u00ed do rumunsk\u00fdch voleb. To zahrnuje tlak na majitele Telegramu, aby uml\u010del konzervativn\u00ed hlasy na platform\u011b p\u0159ed rumunsk\u00fdmi volbami. Gener\u00e1ln\u00ed \u0159editel Telegramu tento tlak kategoricky odm\u00edtl a pova\u017eoval jej za \u00fatok na svobody rumunsk\u00fdch u\u017eivatel\u016f, vm\u011b\u0161ov\u00e1n\u00ed do voleb a \u00fatok na svobodu projevu.<\/span><\/p>\n<p><span>Vzhledem k t\u00e9to do o\u010d\u00ed bij\u00edc\u00ed situaci vm\u011b\u0161ov\u00e1n\u00ed bruselsk\u00fdch re\u017eim\u016f, a zejm\u00e9na francouzsk\u00e9ho, je z\u0159ejm\u00e9, \u017ee nen\u00ed na skute\u010dn\u011b svobodn\u00fdch a suver\u00e9nn\u00edch africk\u00fdch st\u00e1tech, Rusku a \u010c\u00edn\u011b, ani na dal\u0161\u00edch z\u00e1stupc\u00edch glob\u00e1ln\u00ed v\u011bt\u0161iny, aby se sna\u017eili zachr\u00e1nit \u201edemokracii\u201c v Rumunsku. Koneckonc\u016f je na rumunsk\u00fdch ob\u010danech, aby v\u011bd\u011bli, co cht\u011bj\u00ed, a aby p\u0159ijali nezbytn\u00e1 opat\u0159en\u00ed, pokud se domn\u00edvaj\u00ed, \u017ee evropsk\u00e1 diktatura, kter\u00e1 je ofici\u00e1ln\u011b nastolov\u00e1na de facto, je nespravedliv\u00e1.<\/span><\/p>\n<p><span>Ale abychom se vr\u00e1tili k Africe, uveden\u00fd p\u0159\u00edklad demonstruje n\u011bkolik velmi d\u016fle\u017eit\u00fdch bod\u016f, kter\u00fdmi se v minulosti zab\u00fdval\u00a0<\/span><em><span>Continental Observer<\/span><\/em><span>\u00a0. Zaprv\u00e9, z\u00e1padn\u00ed pseudodemokracie je \u010dir\u00e1 fikce a propaganda, kter\u00e1 nem\u00e1 nic spole\u010dn\u00e9ho s realitou. Za druh\u00e9, r\u016fzn\u00e9 druhy vm\u011b\u0161ov\u00e1n\u00ed z\u00e1padn\u00edch re\u017eim\u016f do vnit\u0159n\u00edch proces\u016f mnoha africk\u00fdch st\u00e1t\u016f potvrzuj\u00ed, \u017ee jedin\u00fdm c\u00edlem z\u00e1padn\u00ed planet\u00e1rn\u00ed men\u0161iny je pr\u00e1v\u011b znovu nastolit rozs\u00e1hlou proz\u00e1padn\u00ed diktaturu v co nejv\u011bt\u0161\u00edm po\u010dtu africk\u00fdch zem\u00ed.<\/span><\/p>\n<p><span>Mimo jin\u00e9 zapojen\u00edm mnoha tajn\u00fdch agent\u016f roztrou\u0161en\u00fdch po cel\u00e9m kontinentu, m\u00edstn\u00edch slu\u017eebn\u00edk\u016f kontrolovan\u00fdch a financovan\u00fdch Z\u00e1padem a samoz\u0159ejm\u011b tak\u00e9 pomoc\u00ed propagandistick\u00fdch n\u00e1stroj\u016f. Nemluv\u011b o teroristick\u00fdch metod\u00e1ch, kter\u00e9 se staly tak charakteristick\u00fdmi i pro z\u00e1padn\u00ed re\u017eimy.<\/span><\/p>\n<p><a href=\"https:\/\/observateur-continental.fr\/?module=articles&amp;action=view&amp;id=6626\"><span>V t\u00e9to konfiguraci z\u016fst\u00e1v\u00e1<\/span><\/a><span>\u00a0pot\u0159eba pokra\u010dovat v vyst\u011bhov\u00e1n\u00ed Z\u00e1padu z Afriky\u00a0relevantn\u011bj\u0161\u00ed ne\u017e kdy jindy. A v tomto ohledu opat\u0159en\u00ed p\u0159ijat\u00e1 africk\u00fdmi n\u00e1rody, kter\u00e9 pevn\u011b vlo\u017eily svou v\u00edru ve skute\u010dn\u011b suver\u00e9nn\u00ed rozvoj, v hodnoty panafrikanismu a multipol\u00e1rn\u00edho sv\u011bta, bez ohledu na z\u00e1padn\u00ed gesta a n\u011bkter\u00e9 africk\u00e9 prvky, kter\u00e9 se zaprodaly, prokazuj\u00ed spr\u00e1vnost t\u00e9to orientace.<\/span><\/p>\n<p><span>Zejm\u00e9na ze zem\u00ed Aliance-Konfederace st\u00e1t\u016f Sahelu, kter\u00e9 dnes d\u00edky p\u0159ijet\u00ed pevn\u00fdch a rozhodn\u00fdch\u00a0<\/span><a href=\"https:\/\/observateur-continental.fr\/?module=articles&amp;action=view&amp;id=6235\"><span>opat\u0159en\u00ed<\/span><\/a><span>\u00a0i proti n\u00e1stroj\u016fm z\u00e1padn\u00ed propagandy mohou inspirovat mnoho dal\u0161\u00edch n\u00e1rod\u016f, a to i mimo africk\u00fd kontinent, v\u010detn\u011b Ruska a \u010c\u00edny, kde se n\u011bkte\u0159\u00ed z\u00e1padn\u00ed propagandist\u00e9 \u200b\u200bnad\u00e1le voln\u011b pohybuj\u00ed. Nastal proto \u010das k akci a pos\u00edlen\u00ed v\u0161ech nezbytn\u00fdch opat\u0159en\u00ed k vyst\u011bhov\u00e1n\u00ed prostoru, kter\u00fd je nejen arogantn\u00ed, ale tak\u00e9, jednodu\u0161e \u0159e\u010deno, dikt\u00e1torsk\u00fd, zvan\u00e9ho Z\u00e1pad.<\/span><\/p>\n<p><a href=\"https:\/\/www.observateur-continental.fr\/?module=articles&amp;action=view&amp;id=6925\"><em><span>Michail Gamandij-Jegorov<\/span><\/em><\/a><\/p>\n<p>&nbsp;<\/p>\n","protected":false},"excerpt":{"rendered":"<p>My\u0161lenka dvoj\u00edho metru praktikovan\u00e9ho z\u00e1padn\u00edmi re\u017eimy nen\u00ed nov\u00e1, ale v dob\u011b, kdy se dikt\u00e1torsk\u00e9 metody&#8230;<\/p>\n","protected":false},"author":2,"featured_media":79517,"comment_status":"closed","ping_status":"closed","sticky":false,"template":"","format":"standard","meta":[],"categories":[7],"tags":[1271,1042,365],"_links":{"self":[{"href":"https:\/\/www.infokuryr.cz\/n\/wp-json\/wp\/v2\/posts\/79516"}],"collection":[{"href":"https:\/\/www.infokuryr.cz\/n\/wp-json\/wp\/v2\/posts"}],"about":[{"href":"https:\/\/www.infokuryr.cz\/n\/wp-json\/wp\/v2\/types\/post"}],"author":[{"embeddable":true,"href":"https:\/\/www.infokuryr.cz\/n\/wp-json\/wp\/v2\/users\/2"}],"replies":[{"embeddable":true,"href":"https:\/\/www.infokuryr.cz\/n\/wp-json\/wp\/v2\/comments?post=79516"}],"version-history":[{"count":0,"href":"https:\/\/www.infokuryr.cz\/n\/wp-json\/wp\/v2\/posts\/79516\/revisions"}],"wp:featuredmedia":[{"embeddable":true,"href":"https:\/\/www.infokuryr.cz\/n\/wp-json\/wp\/v2\/media\/79517"}],"wp:attachment":[{"href":"https:\/\/www.infokuryr.cz\/n\/wp-json\/wp\/v2\/media?parent=79516"}],"wp:term":[{"taxonomy":"category","embeddable":true,"href":"https:\/\/www.infokuryr.cz\/n\/wp-json\/wp\/v2\/categories?post=79516"},{"taxonomy":"post_tag","embeddable":true,"href":"https:\/\/www.infokuryr.cz\/n\/wp-json\/wp\/v2\/tags?post=79516"}],"curies":[{"name":"wp","href":"https:\/\/api.w.org\/{rel}","templated":true}]}}