{"id":79512,"date":"2025-05-24T00:30:36","date_gmt":"2025-05-23T22:30:36","guid":{"rendered":"https:\/\/www.infokuryr.cz\/n\/?p=79512"},"modified":"2025-05-23T18:00:36","modified_gmt":"2025-05-23T16:00:36","slug":"na-lzi-postavil-manipulator-fiala-mrakodrap-ten-moralni-patologicky-mortuus-s-diagnozou-biden-uz-to-snad-ani-nevi","status":"publish","type":"post","link":"https:\/\/www.infokuryr.cz\/n\/2025\/05\/24\/na-lzi-postavil-manipulator-fiala-mrakodrap-ten-moralni-patologicky-mortuus-s-diagnozou-biden-uz-to-snad-ani-nevi\/","title":{"rendered":"Na l\u017ei postavil manipul\u00e1tor Fiala mrakodrap! Ten mor\u00e1ln\u00ed patologick\u00fd mortuus s diagnozou &#8222;Biden&#8220; u\u017e to snad ani nev\u00ed!"},"content":{"rendered":"<div id=\"fb-root\"><\/div>\n<h4>Co je daleko hor\u0161\u00ed? Klaka tupc\u016f, poslouchaj\u00edc\u00ed \u010dlov\u011bka s degenerativn\u00edmi zm\u011bnami v mozkov\u00e9 tk\u00e1ni Petra Fialy, kter\u00fd na vy\u0161inut\u00e9 v\u00fdk\u0159iky zastupitele ODS v\u016fbec nereaguje. Ba naopak!<\/h4>\n<div style=\"width: 640px;\" class=\"wp-video\"><!--[if lt IE 9]><script>document.createElement('video');<\/script><![endif]-->\n<video class=\"wp-video-shortcode\" id=\"video-79512-1\" width=\"640\" height=\"356\" preload=\"metadata\" controls=\"controls\"><source type=\"video\/mp4\" src=\"http:\/\/www.infokuryr.cz\/n\/wp-content\/uploads\/2025\/05\/fiala-konference.mp4?_=1\" \/><a href=\"http:\/\/www.infokuryr.cz\/n\/wp-content\/uploads\/2025\/05\/fiala-konference.mp4\">http:\/\/www.infokuryr.cz\/n\/wp-content\/uploads\/2025\/05\/fiala-konference.mp4<\/a><\/video><\/div>\n<p>V\u0161\u00edmejte si reakce publika, kdy naprost\u00fd podvod a l\u017ei o plynu a rop\u011b \u010dlenem ODS jakoby z publika a n\u00e1sledn\u011b vlo\u017een\u00e9 d\u016fkazy s fakty s komedi\u00ed Fialy kon\u010d\u00edc\u00edho sest\u0159ihu. \u017de to nen\u00ed manipulace um\u011bl\u00e9 inteligence si m\u016f\u017eete dohledat u zdegenerovan\u00e9ho Fialy.<\/p>\n<p>Nebo v\u011b\u0159\u00edte, \u017ee je to skute\u010dn\u011b programov\u00fd lh\u00e1\u0159? \u017de jeho z\u00e1kladn\u00ed chorobou je choroba l\u017ei n\u011bco jako kleptom\u00e1nie &#8211; nezadr\u017eiteln\u00e1 touha po odcizov\u00e1n\u00ed v\u011bc\u00ed?<\/p>\n<p>Mo\u017en\u00e9 to je, &#8222;Bidena&#8220; udr\u017eovali v \u00fa\u0159adu za pomoci podp\u016frn\u00fdch prost\u0159edk\u016f a nyn\u00ed v\u0161e leze ven. A Fiala u\u017e nen\u00ed schopen rozeznat le\u017e od pravdy a to fin\u00e1le v set\u0159ihu je jasn\u00fdm d\u016fkazem!<\/p>\n<p>Ka\u017edop\u00e1dn\u011b zde m\u00e1te d\u016fkaz \u0161pinav\u00e9 podlosti mainstreamu proti Jind\u0159ichu Rajchlovi v\u010detn\u011b \u010cesk\u00e9 televize, Seznamu, Novinek a dal\u0161\u00edch masm\u00e9di\u00ed, kde tento podraz dohled\u00e1te.<\/p>\n<p><em>A skute\u010dnost na\u0161\u00ed zem\u011b?<\/em><\/p>\n<p><a href=\"https:\/\/www.infokuryr.cz\/n\/2025\/05\/23\/tezke-vahy-na-kandidatce-spd-uz-nahaneji-proticeske-totalitni-vlade-hruzu-a-nam-nadeji-za-rabovani-petikoalice-kriminal\/\">T\u011b\u017ek\u00e9 v\u00e1hy na kandid\u00e1tce SPD u\u017e nah\u00e1n\u011bj\u00ed proti\u010desk\u00e9 totalitn\u00ed vl\u00e1d\u011b hr\u016fzu! A n\u00e1m nad\u011bji. Za rabov\u00e1n\u00ed P\u011btikoalice krimin\u00e1l!<\/a><\/p>\n<p><a href=\"https:\/\/www.skrytapravda.cz\/z-domova\/2581-na-lzi-postavil-manipulator-fiala-mrakodrap-ten-moralni-patologicky-mortuus-s-diagnozou-biden-uz-to-snad-ani-nevi\">Petr Pokorn\u00fd<\/a><\/p>\n<p>&nbsp;<\/p>\n","protected":false},"excerpt":{"rendered":"<p>Co je daleko hor\u0161\u00ed? Klaka tupc\u016f, poslouchaj\u00edc\u00ed \u010dlov\u011bka s degenerativn\u00edmi zm\u011bnami v mozkov\u00e9 tk\u00e1ni Petra&#8230;<\/p>\n","protected":false},"author":2,"featured_media":79514,"comment_status":"closed","ping_status":"closed","sticky":false,"template":"","format":"standard","meta":[],"categories":[6],"tags":[9174,851,535,889],"_links":{"self":[{"href":"https:\/\/www.infokuryr.cz\/n\/wp-json\/wp\/v2\/posts\/79512"}],"collection":[{"href":"https:\/\/www.infokuryr.cz\/n\/wp-json\/wp\/v2\/posts"}],"about":[{"href":"https:\/\/www.infokuryr.cz\/n\/wp-json\/wp\/v2\/types\/post"}],"author":[{"embeddable":true,"href":"https:\/\/www.infokuryr.cz\/n\/wp-json\/wp\/v2\/users\/2"}],"replies":[{"embeddable":true,"href":"https:\/\/www.infokuryr.cz\/n\/wp-json\/wp\/v2\/comments?post=79512"}],"version-history":[{"count":1,"href":"https:\/\/www.infokuryr.cz\/n\/wp-json\/wp\/v2\/posts\/79512\/revisions"}],"predecessor-version":[{"id":79515,"href":"https:\/\/www.infokuryr.cz\/n\/wp-json\/wp\/v2\/posts\/79512\/revisions\/79515"}],"wp:featuredmedia":[{"embeddable":true,"href":"https:\/\/www.infokuryr.cz\/n\/wp-json\/wp\/v2\/media\/79514"}],"wp:attachment":[{"href":"https:\/\/www.infokuryr.cz\/n\/wp-json\/wp\/v2\/media?parent=79512"}],"wp:term":[{"taxonomy":"category","embeddable":true,"href":"https:\/\/www.infokuryr.cz\/n\/wp-json\/wp\/v2\/categories?post=79512"},{"taxonomy":"post_tag","embeddable":true,"href":"https:\/\/www.infokuryr.cz\/n\/wp-json\/wp\/v2\/tags?post=79512"}],"curies":[{"name":"wp","href":"https:\/\/api.w.org\/{rel}","templated":true}]}}