{"id":7951,"date":"2022-02-01T02:30:38","date_gmt":"2022-02-01T01:30:38","guid":{"rendered":"http:\/\/www.infokuryr.cz\/n\/?p=7951"},"modified":"2022-01-31T17:42:43","modified_gmt":"2022-01-31T16:42:43","slug":"nedelnik-adama-b-bartose-72-jake-jsou-sance-na-zmenu","status":"publish","type":"post","link":"https:\/\/www.infokuryr.cz\/n\/2022\/02\/01\/nedelnik-adama-b-bartose-72-jake-jsou-sance-na-zmenu\/","title":{"rendered":"NED\u011aLN\u00cdK ADAMA B. BARTO\u0160E (72): JAK\u00c9 JSOU \u0160ANCE NA ZM\u011aNU?"},"content":{"rendered":"<div id=\"fb-root\"><\/div>\n<p>Posledn\u00ed dobou hodn\u011b p\u0159em\u00fd\u0161l\u00edm. P\u0159emysl\u00edm nad demonstracemi, nad n\u00e1ladou ve spole\u010dnosti, nad bezskrupul\u00f3znost\u00ed politik\u016f, nad l\u017eivou propagandou m\u00e9di\u00ed apod. Co m\u00e1 smysl, co smysl nem\u00e1? Jakou cestou odporu j\u00edt? Jakou taktiku zvolit?<\/p>\n<p><span id=\"more-12666\"><\/span>U moci je nov\u00e1 vl\u00e1da, ale chov\u00e1 se, jak jsme p\u0159edpokl\u00e1dali \u2013 co do covidov\u00fdch nesmysl\u016f se v ni\u010dem neli\u0161\u00ed od t\u00e9 star\u00e9. Zru\u0161en\u00edm povinn\u00e9ho o\u010dkov\u00e1n\u00ed se nenechme zm\u00e1st. Je to jen \u00fakrok stranou, aby se trochu upustilo p\u00e1ry, ale novela pandemick\u00e9ho z\u00e1kona pokra\u010dov\u00e1n\u00ed covidov\u00e9ho teroru \u201ejist\u00ed\u201c. Vzpome\u0148me jen, \u017ee ho tehdy tehdej\u0161\u00ed (Babi\u0161ova) vl\u00e1da i tehdej\u0161\u00ed opozice (demoblok) upekli rukou spole\u010dnou a nerozd\u00edlnou v pr\u016fhonick\u00e9 sokolovn\u011b. Nep\u0159ekvap\u00ed proto, \u017ee dnes je situace stejn\u00e1, jen v opa\u010dn\u00e9m gardu \u2013 dne\u0161n\u00ed vl\u00e1da tehdej\u0161\u00ed Babi\u0161\u016fv pandemick\u00fd z\u00e1kon je\u0161t\u011b \u201evy\u0161perkuje\u201c a Babi\u0161, kter\u00fd je dnes v opozici, vl\u00e1du podpo\u0159\u00ed. Nic jin\u00e9ho se ani \u010dekat nedalo \u2013 p\u0159ece by ne\u0161el proti z\u00e1konu, kter\u00fd jeho kabinet s\u00e1m vymyslel. Nov\u00e1 vl\u00e1da t\u00edmto zp\u016fsobem kryje vl\u00e1du p\u0159edchoz\u00ed, toleruj\u00ed si vz\u00e1jemn\u011b sv\u00e9 \u0161pinavosti. Vz\u00e1jemn\u011b se podr\u017e\u00ed. Prost\u011b jedou v tom SPOLU.<\/p>\n<p>Z toho mus\u00edme vych\u00e1zet, kdy\u017e odhadujeme, jak\u00e1 bude situace v p\u0159\u00ed\u0161t\u00edch m\u011bs\u00edc\u00edch a letech. SPD trochu p\u0159ekvapila t\u00edm, \u017ee se po \u010dase rozhoupala a ud\u011blala n\u011bco, co m\u011bla ud\u011blat u\u017e d\u00e1vno, ale nemysl\u00edm si, \u017ee j\u00ed ten odpor proti novele pandemick\u00e9ho z\u00e1kona p\u0159\u00edli\u0161 vydr\u017e\u00ed. Sp\u00ed\u0161e za t\u00edm bude n\u011bjak\u00fd politick\u00fd kalkul, n\u011bjak\u00e1 snaha n\u011bco vyhandlovat a je\u0161t\u011b p\u0159itom z\u00edskat bod\u00edky u voli\u010d\u016f, kter\u00fdm se tento zdr\u017eovac\u00ed postoj l\u00edb\u00ed. I kdyby ale SPD jednala \u010dist\u011b ze sv\u00e9ho p\u0159esv\u011bd\u010den\u00ed a bylo jasn\u00e9, \u017ee jen tak nevym\u011bkne, na zablokov\u00e1n\u00ed z\u00e1kona nesta\u010d\u00ed. I kdyby se vydala cestou obstrukc\u00ed, z\u00edsk\u00e1 se t\u00edm pouze \u010das. Pro novelu z\u00e1kona je v\u0161ak ve Sn\u011bmovn\u011b drtiv\u00e1 v\u011bt\u0161ina 180 hlas\u016f \u2013 sou\u010dasn\u00e1 vl\u00e1da p\u011btikoalice a nejsiln\u011bj\u0161\u00ed poslaneck\u00fd klub ANO. Co by se muselo st\u00e1t, aby tento z\u00e1konn\u00fd paskvil parlamentem nepro\u0161el, kdy\u017e si ho vl\u00e1da i opozice spole\u010dn\u011b vymysleli a spole\u010dn\u011b jej nyn\u00ed \u201evylep\u0161uj\u00ed\u201c? Up\u0159\u00edmn\u011b \u0159e\u010deno \u2013 nedok\u00e1\u017eu si to p\u0159edstavit.<\/p>\n<p>Jist\u011b, kdy\u017e z\u00e1kon projde Sn\u011bmovnou, b\u00fdv\u00e1 \u0161ance ho zastavit v Sen\u00e1tu, ale i Sen\u00e1t je ovl\u00e1d\u00e1n p\u011btikoalic\u00ed, demoblokem (71 hlas\u016f, opozice m\u00e1 jen 10 hlas\u016f). A posledn\u00ed instance \u2013 prezident \u2013 je vaxer a globalista jak vy\u0161it\u00fd.<\/p>\n<p>V tom je pr\u00e1v\u011b pot\u00ed\u017e sou\u010dasn\u00e9 politiky \u2013 dnes v\u0161e ovl\u00e1d\u00e1 demoblok \u2013 m\u00e1 vl\u00e1du, m\u00e1 v\u011bt\u0161inu v doln\u00ed komo\u0159e parlamentu, m\u00e1 v\u011bt\u0161inu v horn\u00ed komo\u0159e parlamentu a nestane-li se z\u00e1zrak, bude m\u00edt za rok i prezidenta. I proto vn\u00edm\u00e1m prezidentsk\u00e9 volby jako nesm\u00edrn\u011b d\u016fle\u017eit\u00e9.<\/p>\n<p>Dnes je toti\u017e rovnov\u00e1ha moci vych\u00fdlena t\u00e9m\u011b\u0159 tot\u00e1ln\u011b sm\u011brem k havlistick\u00e9mu neomarxismu, kter\u00fd se nav\u00edc od\u011bl do b\u00edl\u00e9ho pl\u00e1\u0161t\u011b covidov\u00e9ho teroru a v politice nen\u00ed \u017e\u00e1dn\u00e1 s\u00edla, kter\u00e1 by se mu postavila. Covidov\u00e1 mafie dr\u017e\u00ed v\u0161echny trumfy, m\u00e1 obsazena v\u0161echny v\u00fdznamn\u00e9 politick\u00e9 funkce. D\u011blba moci a vz\u00e1jemn\u00e9 vyva\u017eov\u00e1n\u00ed, syst\u00e9m brzd a protivah \u2013 to u\u017e d\u00e1vno neexistuje. M\u00e9dia politiky nekontroluj\u00ed, ale adoruj\u00ed a jejich \u00fatok\u016fm na lidsk\u00e9 svobody tleskaj\u00ed. Prezident jede v covidov\u00e9m hoaxu stejn\u011b, jako vl\u00e1da. Vl\u00e1da, Sn\u011bmovna i Sen\u00e1t jsou ovl\u00e1d\u00e1ny stejnou politickou silou. Jedin\u00e1 moc, kter\u00e1 trochu oponuje, je moc soudn\u00ed, ale nen\u00ed to nic platn\u00e9 \u2013 verdikty soud\u016f jsou ignorov\u00e1ny, vl\u00e1da jeden \u0161patn\u00fd z\u00e1kon nahrad\u00ed druh\u00fdm a jede se d\u00e1l. \u00dastavn\u00ed soud, kter\u00fd d\u0159\u00edve jako \u201et\u0159et\u00ed komora parlamentu\u201c m\u011bl ambice do politiky promlouvat a m\u011bnit ji (co\u017e bylo samoz\u0159ejm\u011b \u0161patn\u011b), je ovl\u00e1d\u00e1n t\u00fdmi\u017e neomarxisty (trockisty), kte\u0159\u00ed vl\u00e1du dnes naopak podr\u017e\u00ed, tak\u017ee ani od n\u011bj se ned\u00e1 nic \u010dekat.<\/p>\n<p>Aby se toto vych\u00fdlen\u00ed pon\u011bkud upravilo, musel by b\u00fdt zvolen takov\u00fd prezident, kter\u00fd by byl silnou figurou a politicky by st\u00e1l na opa\u010dn\u00e9 stran\u011b \u2013 nemluv\u00edme ale o stran\u00e1ch ve smyslu pravice vs. levice, to u\u017e neexistuje, politika p\u0159estala existovat, jak u\u017e kdysi pouk\u00e1zal Klaus a spol., je\u0161t\u011b p\u0159ed n\u00edm Francis Fukuyama nebo jak tvrd\u00ed ve sv\u00e9 \u010ctvrt\u00e9 politick\u00e9 teorii Alexandr Geljevi\u010d Dugin. Liberalismus zv\u00edt\u011bzil na cel\u00e9 \u010d\u00e1\u0159e a\u017e dokonce rozlo\u017eil politiku jako takovou, tak\u017ee dnes u\u017e \u017e\u00e1dn\u00fd st\u0159et politick\u00fdch idej\u00ed neexistuje. Existuje jen st\u00e1tn\u00ed teror a slab\u00fd ob\u010dansk\u00fd vzdor proti n\u011bmu, kter\u00fd ale nem\u00e1 sv\u00e9 politick\u00e9 zastoupen\u00ed. Vzdor se realizuje pouze na individu\u00e1ln\u00ed \u00farovni nebo pak na ulic\u00edch, ale pokojn\u00fdmi demonstracemi, kter\u00e9 nic nezmohou.<\/p>\n<p>I kdy\u017e se zd\u00e1, \u017ee lid\u00e9 u\u017e covidov\u00fd teror \u201ened\u00e1vaj\u00ed\u201c a \u017ee Fialova vl\u00e1da nemus\u00ed m\u00edt k dispozici cel\u00e9 volebn\u00ed obdob\u00ed, ob\u00e1v\u00e1m se, \u017ee se jen tak porou\u010det nebude. Jednak m\u00e1 n\u00e1stroje, jak se dr\u017eet u moci (novela pandemick\u00e9ho z\u00e1kona je toho uk\u00e1zkov\u00fdm p\u0159\u00edkladem), m\u00e1 na sv\u00e9 stran\u011b m\u00e9dia, ovl\u00e1d\u00e1, jak jsem \u0159ekl, ob\u011b komory parlamentu, nem\u00e1 proti sob\u011b \u017e\u00e1dnou viditelnou opozici, ale hlavn\u011b \u2013 v\u011bt\u0161ina lid\u00ed je tak zblbl\u00fdch, \u017ee by i v p\u0159\u00edpadn\u00fdch p\u0159ed\u010dasn\u00fdch volb\u00e1ch rozdali karty stejn\u011b \u010di jen nepatrn\u011b jinak, ur\u010dit\u011b ale ne tak, aby se n\u011bco z\u00e1sadn\u00edho zm\u011bnilo.<\/p>\n<p>Volby jsou letos pouze komun\u00e1ln\u00ed, kter\u00e9 ve vysok\u00e9 politice nic nezm\u011bn\u00ed a ani obm\u011bna t\u0159etiny Sen\u00e1tu nic nov\u00e9ho nep\u0159inese. Maxim\u00e1ln\u011b by z opozi\u010dn\u00edch lavic mohlo usp\u011bt v\u00edce kandid\u00e1t\u016f ANO, ale ti jedou stejn\u00e9 vakcina\u010dn\u00ed teze, tak\u017ee z pohledu svobody by p\u0159\u00edpadn\u00e9 pos\u00edlen\u00ed opozice v Sen\u00e1tu skute\u010dnou zm\u011bnu nep\u0159ineslo. Vlasteneck\u00e1 mimoparlamentn\u00ed opozice se do Sen\u00e1tu prolomit nedok\u00e1\u017ee, podobn\u011b jako do Sn\u011bmovny.<\/p>\n<p>Jak jsem \u0159ekl, jedin\u00e9 volby, kter\u00e9 by mohly n\u011bco zm\u011bnit, jsou volby prezidentsk\u00e9, a to jen v p\u0159\u00edpad\u011b, \u017ee by v nich byl siln\u00fd pron\u00e1rodn\u00ed kandid\u00e1t, \u017ee by zv\u00edt\u011bzil a \u017ee by pot\u00e9 tak\u00e9 pron\u00e1rodn\u00ed politiku realizoval, \u010dili nap\u0159\u00edklad by vetoval z\u00e1kony, kter\u00e9 jsou proti lidu. Kdo by takov\u00fdm kandid\u00e1tem mohl b\u00fdt, jsem tu u\u017e napsal, tak\u017ee se nebudu opakovat. Za posledn\u00ed t\u00fdden se o post hlavy st\u00e1tu p\u0159ihl\u00e1sila tak\u00e9 Alena Vit\u00e1skov\u00e1, v\u016f\u010di n\u00ed\u017e v ND chov\u00e1me jist\u00e9 sympatie, ale je ot\u00e1zka, zda m\u00e1 \u0161anci postoupit do druh\u00e9ho kola a do jak\u00e9 m\u00edry by v p\u0159\u00edpadn\u00e9 funkci dok\u00e1zala obhajovat vlasteneck\u00e9 teze, proto\u017ee n\u011bco jin\u00e9ho je o nich mluvit v r\u00e1mci kampan\u011b a n\u011bco jin\u00e9ho pak ve chv\u00edli, kdy jde skute\u010dn\u011b do tuh\u00e9ho a na \u010dlov\u011bka jsou vyv\u00edjeny r\u016fzn\u00e9 tlaky. Vit\u00e1skov\u00e1 m\u00e1 sice bl\u00edzko k Milo\u0161i Zemanovi, ale ten v posledn\u00ed dob\u011b pron\u00e1rodn\u00ed teze hrub\u011b zradil a u\u017e se ani nenam\u00e1h\u00e1 vzbuzovat dojem, \u017ee by mu na nich je\u0161t\u011b z\u00e1le\u017eelo (pokud mu na nich v\u016fbec kdy z\u00e1le\u017eelo).<\/p>\n<p>Pr\u00e1v\u011b \u201ezrada\u201c Hradu je velk\u00fdm p\u0159ekvapen\u00edm posledn\u00ed doby. Je\u0161t\u011b p\u0159ed n\u011bkolika lety Hrad vyva\u017eoval \u010deskou zahrani\u010dn\u00ed politiku, aby nebyla \u00fapln\u011b protirusk\u00e1 a proz\u00e1padn\u00ed a zd\u00e1lo se, \u017ee to funguje. Zd\u00e1lo se, \u017ee udr\u017eet dobr\u00e9 vztahy s Ruskem, s \u010c\u00ednou apod. se i p\u0159es americkou kontrolu \u010desk\u00e9 vl\u00e1dy \u2013 by\u0165 s vyp\u011bt\u00edm v\u0161ech sil \u2013 da\u0159\u00ed vybalancovat. Od jist\u00e9 doby ale p\u0159ev\u00e1\u017eily jin\u00e9 z\u00e1jmy. A od jist\u00e9 doby se prezident stal Sv\u011bdkem Covidov\u00fdm a za\u0159adil se do jedn\u00e9 fronty s pra\u017eskou havl\u00e9rkou. A proto\u017ee covidov\u00e1 karta v\u0161echno p\u0159eb\u00edj\u00ed, je dnes \u010desk\u00e1 politika zcovidovan\u00e1 natolik, \u017ee jak\u00e9koli politick\u00e9 st\u0159ety \u010di souboje idej\u00ed vymizely nadobro. Hled\u00edme do bezedn\u00e9ho j\u00edcnu politick\u00e9 neomarxistick\u00e9 obludy, kter\u00e1 n\u00e1s co nevid\u011bt poz\u0159e. A jak\u00e9 by to bylo, kdyby nav\u00edc Hrad ovl\u00e1dla \u010derstv\u00e1 krev typu Karla Jane\u010dka, rad\u011bji u\u017e v\u016fbec nechceme dom\u00fd\u0161let.<\/p>\n<p>Pokud se politika nevr\u00e1t\u00ed ke st\u0159etu idej\u00ed, kdy jeden t\u00e1bor chce ub\u00edrat svobody a druh\u00fd t\u00e1bor svobody h\u00e1j\u00ed a br\u00e1n\u00ed, p\u0159estala politika svoji funkci plnit. V takov\u00e9 chv\u00edli snad nem\u00e1 smysl nic d\u011blat a uva\u017eovat pouze o vnit\u0159n\u00ed emigraci (proto\u017ee i vn\u011bj\u0161\u00ed je vylou\u010den\u00e1). Co by se muselo st\u00e1t, aby se politika zase politikou stala? Do politick\u00e9ho parlamentn\u00edho kolbi\u0161t\u011b nov\u00e1 s\u00edla, kter\u00e1 by byla skute\u010dn\u011b pron\u00e1rodn\u00ed, vpu\u0161t\u011bna nebude. A p\u0159edstava, \u017ee z t\u011bch st\u00e1vaj\u00edc\u00edch stran, co u\u017e v parlamentu jsou, by se n\u011bkter\u00e1 z nich probrala z covidov\u00e9ho om\u00e1men\u00ed a za\u010dala najednou h\u00e1jit zdrav\u00fd lidsk\u00fd rozum, je podobn\u011b iluzorn\u00ed. Vstup siln\u00e9ho prezidenta do politiky za pokus stoj\u00ed, ale bude to boj s nejasn\u00fdm koncem, kter\u00fd nav\u00edc prob\u011bhne a\u017e za rok, kdy u\u017e na mnoho v\u011bc\u00ed m\u016f\u017ee b\u00fdt pozd\u011b. Tak\u017ee jak\u00e9 m\u00e1me mo\u017enosti dnes?<\/p>\n<p>Demonstrov\u00e1n\u00edm se ur\u010dit\u011b nic zkazit ned\u00e1, ale nepovede-li brzy k n\u011b\u010demu jin\u00e9mu, ne\u017e k vyk\u0159i\u010den\u00ed \u0159e\u010dn\u00edk\u016f a demonstruj\u00edc\u00edch, ned\u00e1 se od n\u011bj nic moc o\u010dek\u00e1vat. Osv\u011bta, \u0161\u00ed\u0159en\u00ed informac\u00ed, odhalov\u00e1n\u00ed l\u017eiv\u00e9 propagandy a osobn\u00ed p\u0159\u00edklad maj\u00ed jist\u011b smysl, ale ve chv\u00edli, kdy nejsou na obzoru volby, kter\u00e9 by politikou mapu \u010cR p\u0159ekreslily, jsou to sp\u00ed\u0161e n\u00e1stroje ob\u010dansk\u00e9ho odporu, tedy toho individu\u00e1ln\u00edho, kter\u00fd od on\u00e9 vnit\u0159n\u00ed emigrace nen\u00ed zase a\u017e tak vzd\u00e1len. Je to to, co pan VK st\u00e1le opakuje \u2013 zam\u011b\u0159en\u00ed se na rodinu, uh\u00e1jen\u00ed rodiny, udr\u017een\u00ed rodinn\u00fdch pozic a v\u00edra, \u017ee z toho v budoucnu vyra\u0161\u00ed n\u011bco nov\u00e9ho.<\/p>\n<p>Jist\u00e9 \u0159e\u0161en\u00ed by mohlo b\u00fdt, kdyby zdola, na ulici, vyrostlo hnut\u00ed, kter\u00e9 by ovlivnilo st\u00e1vaj\u00edc\u00ed politick\u00e9 strany, t\u0159eba tak, \u017ee by v jejich r\u00e1mci vznikly n\u011bjak\u00e9 platformy, odno\u017ee, k\u0159\u00eddla, asi podobn\u011b, jako kdy\u017e americk\u00e9 Tea Party za\u010dalo ovliv\u0148ovat republik\u00e1ny \u010di pozd\u011bji to sam\u00e9 u\u010dinil trumpismus. Ale i to je b\u011bh na del\u0161\u00ed tra\u0165, proto\u017ee takov\u00e9 hnut\u00ed u n\u00e1s teprve vznik\u00e1 (a m\u00e1 \u0159adu d\u011btsk\u00fdch nemoc\u00ed) a ned\u00e1 se ani p\u0159edpokl\u00e1dat, \u017ee by k n\u011bmu mohli \u201ekonvertovat\u201c st\u00e1vaj\u00edc\u00ed poslanci \u2013 maxim\u00e1ln\u011b se m\u016f\u017ee do budoucna st\u00e1t, \u017ee by se z\u00e1stupci hnut\u00ed mohli v n\u011bjak\u00fdch p\u0159\u00ed\u0161t\u00edch volb\u00e1ch dostat na kandid\u00e1tku zaveden\u00fdch stran a nahradit n\u011bkter\u00e9 poslance st\u00e1vaj\u00edc\u00ed, ale t\u011b\u017eko po\u010d\u00edtat s t\u00edm, \u017ee by t\u0159eba v poslaneck\u00e9m klubu ODS n\u011bkdo p\u0159i\u0161el k rozumu, k odvaze a \u017ee by vystoupil ve\u0159ejn\u011b proti covidov\u00e9mu teroru.<\/p>\n<p>Okam\u017eit\u00e1 zm\u011bna tud\u00ed\u017e jen tak nep\u0159ijde a ned\u00e1 se ani o\u010dek\u00e1vat. Mohou b\u00fdt odstran\u011bny nejviditeln\u011bj\u0161\u00ed excesy a p\u0159e\u0161lapy, m\u016f\u017ee b\u00fdt upu\u0161t\u011bna p\u00e1ra, zvl\u00e1\u0161t\u011b s bl\u00ed\u017e\u00edc\u00edm se jarem a l\u00e9tem se m\u016f\u017ee dostavit chvilkov\u00e9 rozvoln\u011bn\u00ed, ale metoda z\u00e1klopek znamen\u00e1, \u017ee n\u011bkter\u00fdch v\u011bc\u00ed se jen tak nezbav\u00edme. A to je na tom to nejd\u011bsiv\u011bj\u0161\u00ed.<\/p>\n<p>M\u011bl bych v\u00e1m dodat nad\u011bji a ne\u0159\u00edk\u00e1m, \u017ee nad\u011bje neexistuje \u010di \u017ee neum\u00edr\u00e1 jako posledn\u00ed. Ale nev\u011b\u0159\u00edm v \u017e\u00e1dn\u00fd z\u00e1zra\u010dn\u00fd recept, kter\u00fd by absurdn\u00ed divadlo, ve kter\u00e9m u\u017e dva roky \u017eijeme, utnul a vy\u0159e\u0161il jako pov\u011bstn\u00fd\u00a0<em>deus ex machina<\/em>. I ony demonstrace, kter\u00e9 podporujeme, povedou \u010dasem jen k \u00fanav\u011b a roz\u010darov\u00e1n\u00ed. U\u017e nyn\u00ed jich je moc, \u017ee je t\u011b\u017ek\u00e9 o nich i jen udr\u017eet p\u0159ehled. Jako n\u00e1stroj, jak n\u00e1s udr\u017eet v bojovn\u00e9 n\u00e1lad\u011b, jsou dobr\u00e9. Ale mus\u00ed se vymyslet n\u011bco \u00fa\u010dinn\u011bj\u0161\u00edho\u2026<\/p>\n<p>Navzdory tomu v\u0161emu bu\u010fte dobr\u00e9 mysli a m\u011bjte p\u011bkn\u00fd t\u00fdden<\/p>\n<p><em>Vlasti zdar, vaxu a EU zmar!<\/em><br \/>\n<em>Adam B. Barto\u0161, p\u0159edseda N\u00e1rodn\u00ed demokracie<\/em><\/p>\n<p><img decoding=\"async\" loading=\"lazy\" class=\"alignnone size-full wp-image-678\" src=\"http:\/\/www.infokuryr.cz\/n\/wp-content\/uploads\/2021\/04\/narodni_demokracie_logo.jpg\" alt=\"\" width=\"300\" height=\"85\" \/><\/p>\n<p>&nbsp;<\/p>\n<p>&nbsp;<\/p>\n","protected":false},"excerpt":{"rendered":"<p>Posledn\u00ed dobou hodn\u011b p\u0159em\u00fd\u0161l\u00edm. P\u0159emysl\u00edm nad demonstracemi, nad n\u00e1ladou ve spole\u010dnosti, nad bezskrupul\u00f3znost\u00ed politik\u016f, nad&#8230;<\/p>\n","protected":false},"author":2,"featured_media":679,"comment_status":"closed","ping_status":"closed","sticky":false,"template":"","format":"standard","meta":[],"categories":[6],"tags":[367,29,85],"_links":{"self":[{"href":"https:\/\/www.infokuryr.cz\/n\/wp-json\/wp\/v2\/posts\/7951"}],"collection":[{"href":"https:\/\/www.infokuryr.cz\/n\/wp-json\/wp\/v2\/posts"}],"about":[{"href":"https:\/\/www.infokuryr.cz\/n\/wp-json\/wp\/v2\/types\/post"}],"author":[{"embeddable":true,"href":"https:\/\/www.infokuryr.cz\/n\/wp-json\/wp\/v2\/users\/2"}],"replies":[{"embeddable":true,"href":"https:\/\/www.infokuryr.cz\/n\/wp-json\/wp\/v2\/comments?post=7951"}],"version-history":[{"count":0,"href":"https:\/\/www.infokuryr.cz\/n\/wp-json\/wp\/v2\/posts\/7951\/revisions"}],"wp:featuredmedia":[{"embeddable":true,"href":"https:\/\/www.infokuryr.cz\/n\/wp-json\/wp\/v2\/media\/679"}],"wp:attachment":[{"href":"https:\/\/www.infokuryr.cz\/n\/wp-json\/wp\/v2\/media?parent=7951"}],"wp:term":[{"taxonomy":"category","embeddable":true,"href":"https:\/\/www.infokuryr.cz\/n\/wp-json\/wp\/v2\/categories?post=7951"},{"taxonomy":"post_tag","embeddable":true,"href":"https:\/\/www.infokuryr.cz\/n\/wp-json\/wp\/v2\/tags?post=7951"}],"curies":[{"name":"wp","href":"https:\/\/api.w.org\/{rel}","templated":true}]}}