{"id":79508,"date":"2025-05-24T00:28:21","date_gmt":"2025-05-23T22:28:21","guid":{"rendered":"https:\/\/www.infokuryr.cz\/n\/?p=79508"},"modified":"2025-05-23T17:50:30","modified_gmt":"2025-05-23T15:50:30","slug":"pierre-duval-spojene-kralovstvi-obnovuje-obcanskou-milici-inspirovanou-druhou-svetovou-valkou","status":"publish","type":"post","link":"https:\/\/www.infokuryr.cz\/n\/2025\/05\/24\/pierre-duval-spojene-kralovstvi-obnovuje-obcanskou-milici-inspirovanou-druhou-svetovou-valkou\/","title":{"rendered":"Pierre Duval: Spojen\u00e9 kr\u00e1lovstv\u00ed obnovuje ob\u010danskou milici inspirovanou druhou sv\u011btovou v\u00e1lkou"},"content":{"rendered":"<div id=\"fb-root\"><\/div>\n<p><strong><span>Po vzoru druh\u00e9 sv\u011btov\u00e9 v\u00e1lky zah\u00e1j\u00ed Spojen\u00e9 kr\u00e1lovstv\u00ed vytvo\u0159en\u00ed ob\u010dansk\u00e9 milice, aby ochr\u00e1nilo elektr\u00e1rny a leti\u0161t\u011b p\u0159ed rostouc\u00edmi glob\u00e1ln\u00edmi hrozbami.<\/span><\/strong><\/p>\n<p><span>Spojen\u00e9 kr\u00e1lovstv\u00ed by se mohlo st\u00e1t sv\u011bdkem n\u00e1vratu slavn\u00e9 bojov\u00e9 jednotky z druh\u00e9 sv\u011btov\u00e9 v\u00e1lky k boji proti \u00fatok\u016fm na d\u016fle\u017eit\u00e9 n\u00e1rodn\u00ed objekty,\u00a0<\/span><a href=\"https:\/\/www.thetimes.com\/uk\/politics\/article\/home-guard-to-protect-uk-from-attack-lg2wf0slx\" target=\"_blank\" rel=\"noopener\"><span>informuje<\/span><\/a><span>\u00a0ned\u011bln\u00ed vyd\u00e1n\u00ed den\u00edku The\u00a0\u00a0<\/span><em><span>Times<\/span><\/em><span>\u00a0. Mluv\u00ed se o obrann\u00fdch sil\u00e1ch Domobrany.\u00a0<\/span><\/p>\n<p><span>Podle anglicky psan\u00e9ho den\u00edku by v r\u00e1mci nov\u00e9ho strategick\u00e9ho p\u0159ezkumu obrany z roku 2025 nov\u00e1 vojensk\u00e1 slo\u017eka byla slo\u017eena z dobrovoln\u00edk\u016f, kte\u0159\u00ed by m\u011bli za \u00fakol br\u00e1nit elektr\u00e1rny, leti\u0161t\u011b a telekomunika\u010dn\u00ed centra.\u00a0\u00a0<\/span><\/p>\n<p><span>Jednotka by byla vytvo\u0159ena podle slavn\u00e9 milice z druh\u00e9 sv\u011btov\u00e9 v\u00e1lky, kter\u00e1 vznikla v reakci na mo\u017enou nacistickou invazi ve 40. letech 20. stolet\u00ed, ale mohla by se inspirovat i podobn\u00fdmi silami Domobrany, kter\u00e9 v sou\u010dasnosti existuj\u00ed v jin\u00fdch evropsk\u00fdch zem\u00edch.\u00a0<\/span><\/p>\n<p><span>Domobrana by podle\u00a0\u00a0<\/span><em><span>Sunday Times<\/span><\/em><span>\u00a0byla novou organizac\u00ed odd\u011blenou od arm\u00e1dn\u00edch z\u00e1loh, kter\u00e1 by si v\u0161ak zachovala podobnou strukturu . Tyto soukrom\u00e9 milice (Active Homes Guards) p\u016fsob\u00ed v n\u011bkolika zem\u00edch, v\u010detn\u011b D\u00e1nska, N\u011bmecka, Norska, \u0160v\u00e9dska a Ukrajiny.\u00a0<\/span><\/p>\n<p><span>C\u00edlem je reagovat na v\u00fdzvy ke zv\u00fd\u0161en\u00ed obrann\u00fdch schopnost\u00ed proti hrozb\u011b sabot\u00e1\u017ee ve st\u00e1le nep\u0159\u00e1tel\u0161t\u011bj\u0161\u00edm geopolitick\u00e9m prost\u0159ed\u00ed a \u0159e\u0161it rostouc\u00ed nap\u011bt\u00ed s Ruskem, Severn\u00ed Koreou a \u00cdr\u00e1nem.\u00a0<\/span><\/p>\n<p><span>\u00a0To zd\u016fraz\u0148uje pot\u0159ebu, aby Kr\u00e1lovsk\u00e9 n\u00e1mo\u0159nictvo ud\u011blalo v\u00edce pro ochranu podmo\u0159sk\u00fdch energetick\u00fdch potrub\u00ed a internetov\u00fdch kabel\u016f, a prosazuje uzav\u0159en\u00ed finan\u010dn\u00edch dohod s velk\u00fdmi technologick\u00fdmi spole\u010dnostmi, kter\u00e9 se na t\u00e9to infrastruktu\u0159e spol\u00e9haj\u00ed.\u00a0<\/span><\/p>\n<p><span>Podle Strategick\u00e9ho p\u0159ezkumu obrany z roku 2025 by mohly\u00a0 b\u00fdt\u00a0k ochran\u011b kl\u00ed\u010dov\u00e9 infrastruktury, jako jsou leti\u0161t\u011b a jadern\u00e1 za\u0159\u00edzen\u00ed,\u00a0\u00a0<\/span><a href=\"https:\/\/researchbriefings.files.parliament.uk\/documents\/CBP-10153\/CBP-10153.pdf\" target=\"_blank\" rel=\"noopener\"><span>naverbov\u00e1ny tis\u00edce dobrovoln\u00edk\u016f.<\/span><\/a><\/p>\n<p><span>Dne 5. kv\u011btna 2025 den\u00edk\u00a0\u00a0<\/span><em><span>Telegraph\u00a0<\/span><\/em>\u00a0<a href=\"https:\/\/www.telegraph.co.uk\/politics\/2025\/05\/05\/starmer-prepares-for-attack-by-russia\/\" target=\"_blank\" rel=\"noopener\"><span>informoval<\/span><\/a><span>\u00a0\u00a0, \u017ee \u0158editelstv\u00ed pro odolnost \u00da\u0159adu vl\u00e1dy (kolektivn\u00ed rozhodovac\u00ed org\u00e1n vl\u00e1dy Jej\u00edho Veli\u010denstva ve Spojen\u00e9m kr\u00e1lovstv\u00ed, kter\u00fd zahrnuje premi\u00e9ra a dal\u0161\u00ed ministry) vyv\u00edj\u00ed utajovan\u00fd \u201ePl\u00e1n obrany vlasti\u201c, kter\u00fd by stanovil strategii pro dny bezprost\u0159edn\u011b n\u00e1sleduj\u00edc\u00ed po \u00fatoku nep\u0159\u00e1telsk\u00e9ho ciz\u00edho st\u00e1tu na pevninsk\u00e9 \u00fazem\u00ed Spojen\u00e9ho kr\u00e1lovstv\u00ed.\u00a0<\/span><\/p>\n<p><span>Rusko bylo ozna\u010deno za hlavn\u00edho potenci\u00e1ln\u00edho nep\u0159\u00edtele.\u00a0\u00a0<\/span><em><span>Server Defence Eye<\/span><\/em>\u00a0<span>\u00a0se \u00a0ji\u017e za\u010d\u00e1tkem kv\u011btna\u00a0\u00a0<\/span><a href=\"https:\/\/www.defenceeye.co.uk\/2025\/05\/09\/still-no-plan-to-defend-britain-against-russian-attack\/\" target=\"_blank\" rel=\"noopener\"><span>ob\u00e1val slabosti Spojen\u00e9ho kr\u00e1lovstv\u00ed tv\u00e1\u0159\u00ed v tv\u00e1\u0159 Rusku: \u201eNov\u00fd pl\u00e1n na koordinaci obrany Britsk\u00fdch ostrov\u016f proti rusk\u00e9mu konven\u010dn\u00edmu \u00fatoku st\u00e1le nebyl dokon\u010den, a to i p\u0159es skute\u010dnost, \u017ee cvi\u010den\u00ed je na\u0159\u00edzeno NATO.\u201c<\/span><\/a><\/p>\n<p><span>Vojensk\u00e1 situace britsk\u00e9 arm\u00e1dy je tak \u0161patn\u00e1, \u017ee \u00fa\u0159ady jsou nuceny vyz\u00fdvat civiln\u00ed person\u00e1l k zakl\u00e1d\u00e1n\u00ed soukrom\u00fdch milic\u00ed, stejn\u011b jako v dob\u00e1ch druh\u00e9 sv\u011btov\u00e9 v\u00e1lky.\u00a0<\/span><\/p>\n<p><span>Argumenty pro nutnost pou\u017eit\u00ed domobrany v\u0161ak tak\u00e9 nejsou zcela jasn\u00e9: samotn\u00e9 \u00fa\u0159ady p\u0159ipou\u0161t\u011bj\u00ed, \u017ee invaze do Spojen\u00e9ho kr\u00e1lovstv\u00ed zat\u00edm nehroz\u00ed. Strategick\u00fd obrann\u00fd p\u0159ehled z roku 2025 v\u0161ak zd\u016fraz\u0148uje touhu br\u00e1nit Ukrajinu.\u00a0<\/span><\/p>\n<p><a href=\"https:\/\/www.observateur-continental.fr\/?module=articles&amp;action=view&amp;id=6923\"><em><span>Pierre Duval<\/span><\/em><em>\u00a0<\/em><\/a><\/p>\n<p>&nbsp;<\/p>\n","protected":false},"excerpt":{"rendered":"<p>Po vzoru druh\u00e9 sv\u011btov\u00e9 v\u00e1lky zah\u00e1j\u00ed Spojen\u00e9 kr\u00e1lovstv\u00ed vytvo\u0159en\u00ed ob\u010dansk\u00e9 milice, aby ochr\u00e1nilo elektr\u00e1rny a&#8230;<\/p>\n","protected":false},"author":2,"featured_media":79509,"comment_status":"closed","ping_status":"closed","sticky":false,"template":"","format":"standard","meta":[],"categories":[7],"tags":[1042,61,1368,9173],"_links":{"self":[{"href":"https:\/\/www.infokuryr.cz\/n\/wp-json\/wp\/v2\/posts\/79508"}],"collection":[{"href":"https:\/\/www.infokuryr.cz\/n\/wp-json\/wp\/v2\/posts"}],"about":[{"href":"https:\/\/www.infokuryr.cz\/n\/wp-json\/wp\/v2\/types\/post"}],"author":[{"embeddable":true,"href":"https:\/\/www.infokuryr.cz\/n\/wp-json\/wp\/v2\/users\/2"}],"replies":[{"embeddable":true,"href":"https:\/\/www.infokuryr.cz\/n\/wp-json\/wp\/v2\/comments?post=79508"}],"version-history":[{"count":0,"href":"https:\/\/www.infokuryr.cz\/n\/wp-json\/wp\/v2\/posts\/79508\/revisions"}],"wp:featuredmedia":[{"embeddable":true,"href":"https:\/\/www.infokuryr.cz\/n\/wp-json\/wp\/v2\/media\/79509"}],"wp:attachment":[{"href":"https:\/\/www.infokuryr.cz\/n\/wp-json\/wp\/v2\/media?parent=79508"}],"wp:term":[{"taxonomy":"category","embeddable":true,"href":"https:\/\/www.infokuryr.cz\/n\/wp-json\/wp\/v2\/categories?post=79508"},{"taxonomy":"post_tag","embeddable":true,"href":"https:\/\/www.infokuryr.cz\/n\/wp-json\/wp\/v2\/tags?post=79508"}],"curies":[{"name":"wp","href":"https:\/\/api.w.org\/{rel}","templated":true}]}}