{"id":79503,"date":"2025-05-24T00:26:08","date_gmt":"2025-05-23T22:26:08","guid":{"rendered":"https:\/\/www.infokuryr.cz\/n\/?p=79503"},"modified":"2025-05-23T12:16:08","modified_gmt":"2025-05-23T10:16:08","slug":"jana-markova-potemkinova-armada","status":"publish","type":"post","link":"https:\/\/www.infokuryr.cz\/n\/2025\/05\/24\/jana-markova-potemkinova-armada\/","title":{"rendered":"Jana Markov\u00e1: Pot\u011bmkinova arm\u00e1da"},"content":{"rendered":"<div id=\"fb-root\"><\/div>\n<p class=\"has-medium-font-size\"><strong>Mysl\u00edm, \u017ee p\u0159esn\u011bj\u0161\u00ed ozna\u010den\u00ed neexistuje. K\u00f3d Charlie, d\u00edl \u010dtrn\u00e1ct\u00fd.<\/strong><\/p>\n<p>Nev\u00edm, jestli existuje na sv\u011bte n\u011bjak\u00e1 arm\u00e1da, jako Arm\u00e1da \u010cesk\u00e9 republiky. Tedy takov\u00e1, kter\u00e1 dok\u00e1\u017ee i ucho\u0161\u0165our pro voj\u00e1ky (pokud by byl ve v\u00fdstroji a v\u00fdzbroji), nakoupit n\u011bkolikan\u00e1sobn\u011b p\u0159edra\u017een\u011b, ne\u0159kuli bezkonkuren\u010dn\u011b nejdr\u00e1\u017ee na cel\u00e9 planet\u011b. A\u0165 u\u017e se pod\u00edv\u00e1te na cokoliv, na co v\u00fddajov\u00e1 ruka ministerstva obrany s\u00e1hla, nikdy ta cena nen\u00ed p\u0159edra\u017een\u00e1 o p\u00e1r procent, my jedeme rovnou v n\u00e1sobc\u00edch.<\/p>\n<p>Jako je to tragick\u00e9, ale mnohem tragi\u010dt\u011bj\u0161\u00ed je to, \u017ee my to za ty pen\u00edze ani nem\u00e1me! Plat\u00edme zcela nestandardn\u00ed obrovsk\u00e9 z\u00e1lohy, podepisujeme smlouvy, ale re\u00e1ln\u011b m\u00e1me v rukou p\u00e1r, n\u011bmeckou arm\u00e1dou vy\u0159azen\u00fdch Leopard\u016f a to je v\u0161echno. Taky se s nimi voj\u00e1ci neust\u00e1le nad\u0161en\u011b fot\u00ed, \u017ee. Poj\u010fme si p\u00e1r t\u011bch uk\u00e1zkov\u00fdch selh\u00e1n\u00ed vyjmenovat. A\u0165 v\u00edme, o \u010dem Jana \u010cernochov\u00e1 sn\u00ed, kdy\u017e n\u00e1hodou bd\u00ed. Kdy\u017e sp\u00ed, si netrouf\u00e1m odhadovat.<\/p>\n<p>F-35 Net\u0159eba opakovat, opakov\u00e1no jest dost. Jen tak nam\u00e1tkou Izrael je koupil o polovinu levn\u011bji, ostatn\u00ed st\u00e1ty od koup\u011b pomalu couvaj\u00ed. My je nepot\u0159ebujeme, nicm\u00e9n\u011b to nevad\u00ed, proto\u017ee je t\u0159eba ani m\u00edt nebudeme. Pokud je m\u00edt budeme, bude to za deset let, a jak v\u00edme, do t\u00e9 doby se toho m\u016f\u017ee st\u00e1t hodn\u011b. Tak\u017ee krom\u011b vyhozen\u00fdch 350 miliard a zbyte\u010dn\u00e9 infrastruktury, se na na\u0161em nebi t\u0159eba nic nezm\u011bn\u00ed. Krom\u011b toho, \u017ee zmiz\u00ed na\u0161e funk\u010dn\u00ed Gripeny.<\/p>\n<p>Embraer C-390 Millennium. Nov\u00fd transportn\u00ed letoun, kter\u00fd n\u00e1s bude st\u00e1t 5,6 miliardy cca. Rakousko ho koupilo za zhruba 3,5 miliard a Ma\u010farsko za necel\u00e9 4. Jeho hlavn\u00ed v\u00fdhodou je, \u017ee dok\u00e1\u017ee l\u00e9tat hodn\u011b daleko, asi chceme obsazovat \u010c\u00ednu, zachra\u0148ovat odtamtud ran\u011bn\u00e9 a tankovat za letu. Ov\u0161em ne ty F-35, kter\u00e9 hodl\u00e1me m\u00edt. Ty to tankovat neum\u00ed. Ehm. Tak uvid\u00edme, jestli a co uvid\u00edme.<\/p>\n<p>Osm v\u00edce\u00fa\u010delov\u00fdch vrtuln\u00edk\u016f Venom a \u010dty\u0159i \u00fato\u010dn\u00e9 vrtuln\u00edky Viper. V roce 2022 slavn\u011b ozn\u00e1mila Jana \u010cernochov\u00e1, \u017ee k nim dostaneme je\u0161t\u011b d\u00e1rek. Jako pod\u011bkov\u00e1n\u00ed a sanaci toho, co jsme my funk\u010dn\u00ed dodali Ukrajin\u011b, n\u00e1m m\u011blo b\u00fdt d\u00e1no od USA darem dal\u0161\u00edch \u0161est viper\u016f a dva venomy. Jen\u017ee n\u00e1m nebylo d\u00e1no nic, a my st\u00e1le \u010dek\u00e1me a \u010dek\u00e1me. A asi se t\u011b\u017eko do\u010dk\u00e1me. Tak\u017ee nic. Odm\u011bna se nekon\u00e1, le\u010d cena z\u016fst\u00e1v\u00e1. My na to m\u00e1me. Tady ale m\u00e1me alespo\u0148 ty, co jsme zaplatili.<\/p>\n<p>62 nov\u00fdch samohybn\u00fdch d\u011bl Caesar na podvozku Tatra za v\u00edce ne\u017e deset miliard korun. M\u011bly b\u00fdt koncem roku, ale v\u00fdrobce se odml\u010del, zbran\u011b se pr\u00fd mus\u00ed znovu odzkou\u0161et a ve h\u0159e je polovina 2026. Ml\u010d\u00ed i obrana, ml\u010d\u00ed v\u0161ichni. Tak\u017ee v\u011b\u0159, kdo chce\u0161. A by\u0165 \u010de\u0161t\u00ed voj\u00e1ci ani po t\u00e9m\u011b\u0159 \u010dty\u0159ech letech nep\u0159ebrali ani jednu novou zbra\u0148, \u010cesk\u00e1 republika u\u017e v r\u00e1mci z\u00e1lohov\u00fdch plateb poslala na \u00fa\u010dty KNDS France n\u011bkolik miliard korun. A jen poradenstv\u00ed V\u00daT na on\u011bch nov\u00fdch zkou\u0161k\u00e1ch pr\u00fd vyleze na 7,25 milion\u016f.<\/p>\n<p>18 voz\u016f Supacat HMT Extenda 6\u00d76 za 118 milion\u016f korun za kus. Nesmysln\u00e9 voz\u00edtko ala kabriolet, kde jste v dob\u011b dronov\u00e9 jako ku\u0159e na ro\u017eni. A jsou cca t\u0159ikr\u00e1t dra\u017e\u0161\u00ed, ne\u017e je nakoupili nap\u0159\u00edklad Britov\u00e9. Hra\u010dka pro 601. jednotku, nicm\u00e9n\u011b nev\u00edm, jestli by v tom cht\u011bli fakt sed\u011bt jinde, ne\u017e na arm\u00e1dn\u00ed promo show.<\/p>\n<p>\u201ePozlacen\u00e1\u201c kontejnerov\u00e1 poln\u00ed kuchyn\u011b od firmy \u00f3d\u00e9es\u00e1ck\u00e9ho expolitika Sehnala za 66 milion\u016f. Po dvou t\u00fddnech ministerstvo p\u0159iznalo, \u017ee nem\u016f\u017ee poslat jej\u00ed fotku, proto\u017ee ji nem\u00e1.\u00a0<img decoding=\"async\" loading=\"lazy\" src=\"https:\/\/static.xx.fbcdn.net\/images\/emoji.php\/v9\/t51\/1\/16\/1f603.png\" alt=\"\ud83d\ude03\" width=\"16\" height=\"16\" \/>\u00a0tak to u\u017e je vrchol. Tady je to p\u0159edra\u017een\u00ed neskute\u010dn\u00e9, v\u0161ichni osloven\u00ed odborn\u00edci se shoduj\u00ed na tom, \u017ee to kapesn\u00ed firma s virtu\u00e1ln\u00edm s\u00eddlem p\u0159ep\u00e1lila neskute\u010dn\u011b. Co jinde stoj\u00ed statis\u00edce, tady jedeme v milionech. V\u0161ak ta 2 % d\u00e1me. To je jasn\u00fd.<\/p>\n<p>Tak\u017ee na\u0161e arm\u00e1da za na\u0161e st\u00e1le rostouc\u00ed dan\u011b nakupuje zp\u016fsobem, \u017ee by n\u00e1m to i ten Pot\u011bmkin z\u00e1vid\u011bl. Proti n\u00e1m je \u017eaba\u0159. On m\u011bl aspo\u0148 kulisy. My m\u00e1me jen d\u00edru v rozpo\u010dtu, sesekan\u00e9 d\u016fchody a da\u0148 i na vodu pro kojence.<\/p>\n<p><a href=\"https:\/\/web.litterate.cz\/potemkinova-armada\/\">Jan Markov\u00e1<\/a><\/p>\n<p><img decoding=\"async\" loading=\"lazy\" class=\"alignnone size-full wp-image-34862\" src=\"http:\/\/www.infokuryr.cz\/n\/wp-content\/uploads\/2023\/08\/jana-markova.jpg\" alt=\"\" width=\"180\" height=\"180\" srcset=\"https:\/\/www.infokuryr.cz\/n\/wp-content\/uploads\/2023\/08\/jana-markova.jpg 180w, https:\/\/www.infokuryr.cz\/n\/wp-content\/uploads\/2023\/08\/jana-markova-150x150.jpg 150w\" sizes=\"(max-width: 180px) 100vw, 180px\" \/><\/p>\n<p>&nbsp;<\/p>\n","protected":false},"excerpt":{"rendered":"<p>Mysl\u00edm, \u017ee p\u0159esn\u011bj\u0161\u00ed ozna\u010den\u00ed neexistuje. K\u00f3d Charlie, d\u00edl \u010dtrn\u00e1ct\u00fd. Nev\u00edm, jestli existuje na sv\u011bte n\u011bjak\u00e1&#8230;<\/p>\n","protected":false},"author":2,"featured_media":34198,"comment_status":"closed","ping_status":"closed","sticky":false,"template":"","format":"standard","meta":[],"categories":[6],"tags":[80,1503,338],"_links":{"self":[{"href":"https:\/\/www.infokuryr.cz\/n\/wp-json\/wp\/v2\/posts\/79503"}],"collection":[{"href":"https:\/\/www.infokuryr.cz\/n\/wp-json\/wp\/v2\/posts"}],"about":[{"href":"https:\/\/www.infokuryr.cz\/n\/wp-json\/wp\/v2\/types\/post"}],"author":[{"embeddable":true,"href":"https:\/\/www.infokuryr.cz\/n\/wp-json\/wp\/v2\/users\/2"}],"replies":[{"embeddable":true,"href":"https:\/\/www.infokuryr.cz\/n\/wp-json\/wp\/v2\/comments?post=79503"}],"version-history":[{"count":1,"href":"https:\/\/www.infokuryr.cz\/n\/wp-json\/wp\/v2\/posts\/79503\/revisions"}],"predecessor-version":[{"id":79504,"href":"https:\/\/www.infokuryr.cz\/n\/wp-json\/wp\/v2\/posts\/79503\/revisions\/79504"}],"wp:featuredmedia":[{"embeddable":true,"href":"https:\/\/www.infokuryr.cz\/n\/wp-json\/wp\/v2\/media\/34198"}],"wp:attachment":[{"href":"https:\/\/www.infokuryr.cz\/n\/wp-json\/wp\/v2\/media?parent=79503"}],"wp:term":[{"taxonomy":"category","embeddable":true,"href":"https:\/\/www.infokuryr.cz\/n\/wp-json\/wp\/v2\/categories?post=79503"},{"taxonomy":"post_tag","embeddable":true,"href":"https:\/\/www.infokuryr.cz\/n\/wp-json\/wp\/v2\/tags?post=79503"}],"curies":[{"name":"wp","href":"https:\/\/api.w.org\/{rel}","templated":true}]}}