{"id":79500,"date":"2025-05-24T00:22:03","date_gmt":"2025-05-23T22:22:03","guid":{"rendered":"https:\/\/www.infokuryr.cz\/n\/?p=79500"},"modified":"2025-05-23T12:07:40","modified_gmt":"2025-05-23T10:07:40","slug":"blba-blondyna-vi-jak-prezit-katastrofu-treba-i-takovych-rozmeru-jako-je-fialova-vlada","status":"publish","type":"post","link":"https:\/\/www.infokuryr.cz\/n\/2025\/05\/24\/blba-blondyna-vi-jak-prezit-katastrofu-treba-i-takovych-rozmeru-jako-je-fialova-vlada\/","title":{"rendered":"Blb\u00e1 blond\u00fdna v\u00ed, jak p\u0159e\u017e\u00edt katastrofu. T\u0159eba i takov\u00fdch rozm\u011br\u016f, jako je Fialova vl\u00e1da"},"content":{"rendered":"<div id=\"fb-root\"><\/div>\n<p><strong><a href=\"https:\/\/www.nespokojeny.cz\/tag\/petr-fiala\/\" target=\"_blank\" rel=\"noopener\">Petr Fiala<\/a><\/strong>\u00a0v otev\u0159en\u00e9m projevu p\u0159iznal, \u017ee v\u0161echno pokazil. Pom\u00e1hala mu v tom Pazderkov\u00e1. \u201eVy\u010d\u00edtali n\u00e1m, \u017ee jsme ne\u0159\u00edkali pravdu, \u017ee jsme mluvili o ze\u0161t\u00edhlen\u00ed st\u00e1tu a p\u0159itom n\u00e1m narostla pand\u011bra, \u017ee budeme \u0161et\u0159it na v\u00fddaj\u00edch, ale p\u0159itom jsme si hled\u011bli sv\u00fdch p\u0159\u00edjm\u016f, \u017ee nebudeme zvy\u0161ovat dan\u011b a p\u0159itom jsme nav\u00fd\u0161ili i Marii a Pep\u00edkovi. Dnes jsem zde, abych v\u00e1m s plnou odpov\u011bdnost\u00ed \u0159ekl pravdu.\u00a0<strong>Na\u0161e sliby jsme nesplnili<\/strong>.\u201c<span id=\"more-58205\"><\/span><\/p>\n<p>Premi\u00e9r Petr Fiala v pod\u00e1n\u00ed imit\u00e1tora Petra Jablonsk\u00e9ho promluvil v dal\u0161\u00edm d\u00edlu po\u0159adu To byl zase t\u00fdden a tentokr\u00e1t byl nezvykle up\u0159\u00edmn\u00fd. Jak sd\u011blil sleduj\u00edc\u00edm, jeho vl\u00e1da sv\u00e9 sliby nesplnila. Na zah\u00e1jen\u00ed kampan\u011b si pozval i \u201eblbou blond\u00fdnu\u201c v pod\u00e1n\u00ed Ivy Pazderkov\u00e9.<\/p>\n<p><iframe loading=\"lazy\" title=\"Petr Fiala v otev\u0159en\u00e9m projevu p\u0159iznal, \u017ee v\u0161echno pokazil. Pom\u00e1hala mu v tom Pazderkov\u00e1\" width=\"640\" height=\"360\" src=\"https:\/\/www.youtube.com\/embed\/ZXVspjzh__Y?feature=oembed\" frameborder=\"0\" allow=\"accelerometer; autoplay; clipboard-write; encrypted-media; gyroscope; picture-in-picture; web-share\" referrerpolicy=\"strict-origin-when-cross-origin\" allowfullscreen><\/iframe><\/p>\n<h4 id=\"arve-youtube-zxvspjzh__y683042d90002d777155532\" class=\"arve aligncenter\" data-mode=\"normal\" data-provider=\"youtube\"><em>V\u00e1\u017een\u00ed p\u0159\u00e1tel\u00e9, d\u00e1my a p\u00e1nov\u00e9,<\/em><\/h4>\n<p>tak jsme zah\u00e1jili p\u0159edvolebn\u00ed kampa\u0148. Tedy rozum\u011bjte, ofici\u00e1ln\u011b tam u\u017e padlo pen\u00edzk\u016f, ale nebojte se, my na to m\u00e1me. A u\u0161et\u0159ili jsme, a pak \u017ee nejsme dobr\u00fdmi hospod\u00e1\u0159i, dokonce i na maskota z \u0159ad kulturn\u00ed fronty.<\/p>\n<p>P\u0159edstavujeme v\u00e1m tedy kongeni\u00e1ln\u00ed dvojici, blb\u00e1 blond\u00fdna,\u00a0<em>je\u0161t\u011b ne Ivo<\/em>. Blb\u00e1 blond\u00fdna a chytr\u00fd blond\u00fdn. Ano, to jsem j\u00e1.<\/p>\n<p>Iva pro\u0161la i survivalem, tak\u017ee v\u00ed, jak p\u0159e\u017e\u00edt katastrofu, t\u0159eba i takov\u00fdch rozm\u011br\u016f, jako je na\u0161e vl\u00e1da. Proto jsme si ji vybrali. A m\u011b si vyberete vy, ob\u010dan\u00e9, proto\u017ee jsem v\u00e1\u0161 obl\u00edben\u00fd profesor Fiala,\u00a0<strong>milovn\u00edk demokracie a nerealizovan\u00fdch slib\u016f<\/strong>.<\/p>\n<p>Te\u010f je \u010das st\u00e1t na spr\u00e1vn\u00e9 stran\u011b.\u00a0<em>Ano, Ivo, stoj\u00ed\u0161 na spr\u00e1vn\u00e9 stran\u011b<\/em>. Vy\u010d\u00edtali n\u00e1m p\u0159\u00e1tel\u00e9, \u017ee jsme ne\u0159\u00edkali pravdu, \u017ee jsme mluvili o ze\u0161t\u00edhlen\u00ed st\u00e1tu a p\u0159itom n\u00e1m narostla pand\u011bra, \u017ee budeme \u0161et\u0159it na v\u00fddaj\u00edch, ale p\u0159itom jsme si hled\u011bli sv\u00fdch p\u0159\u00edjm\u016f, \u017ee nebudeme zvy\u0161ovat dan\u011b a p\u0159itom jsme nav\u00fd\u0161ili i Marii a Pep\u00edkovi.<\/p>\n<p>Dnes jsem zde, abych v\u00e1m s plnou odpov\u011bdnost\u00ed \u0159ekl pravdu.\u00a0<strong>A na\u0161e sliby jsme nesplnili<\/strong>. Ano.<\/p>\n<p>Pro\u010d? No zkr\u00e1tka to nevy\u0161lo. Rozpo\u010dtov\u00e1 zodpov\u011bdnost, cht\u011bli jsme j\u00edt d\u00e1t do \u00dastavy. Ov\u0161em n\u00e1sledn\u011b jsme zjistili, \u017ee\u00a0<strong>odpov\u011bdnost a politika to prost\u011b nejde dohromady<\/strong>.<\/p>\n<p>Je to zkr\u00e1tka blbost.\u00a0<em>Je\u0161t\u011b ne, Ivo.<\/em>\u00a0Firmy v da\u0148ov\u00fdch r\u00e1j\u00edch? Ano, to jsme cht\u011bli \u0159e\u0161it, jen\u017ee se mi ozvali skoro v\u0161ichni \u010de\u0161t\u00ed miliard\u00e1\u0159i a \u0159ekli Pet\u0159e, co blbne\u0161, \u0161et\u0159\u00edme pro na\u0161e d\u011bti.<\/p>\n<p>Krom\u011b toho jsem si uv\u011bdomil, \u017ee<strong>\u00a0v jednom takov\u00e9m da\u0148ov\u00e9m r\u00e1ji tak\u00e9 \u0161et\u0159\u00edm<\/strong>. No tak jsme to skre\u010dovali. D\u011bti si zaslou\u017e\u00ed b\u00fdt bohat\u00e9.<\/p>\n<p>D\u00e1le jsme slibovali jednotn\u00e9 inkasn\u00ed m\u00edsto. Zkr\u00e1tka, \u017ee v\u00e1s zk\u00e1sneme efektivn\u011b na jednom port\u00e1lu, aby v\u00e1s to tolik nebolelo. Ov\u0161em, jak \u0159\u00edk\u00e1 n\u00e1\u0161 aj\u0165\u00e1k z ministerstva, to by ale muselo fungovat.<\/p>\n<p>V \u010cech\u00e1ch nefunguje ani e-recept, kdy\u017e je venku vedro, tak\u017ee je to slo\u017eit\u00e9. Cokoliv digitalizujeme, okam\u017eit\u011b pad\u00e1.<\/p>\n<p>Nap\u0159\u00edklad digitalizace stavebka.\u00a0Barto\u0161, jasn\u011b, m\u011bl to skoro hotov\u00e9, ale v\u00edte co, kdyby to dot\u00e1hl, tak by se p\u0159estalo upl\u00e1cet na stavebn\u00edch \u00fa\u0159adech a to p\u0159ece nechceme.<\/p>\n<p>D\u016fchodov\u00e1 reforma, ano, d\u011bti m\u011bly p\u0159isp\u00edvat rodi\u010d\u016fm, ale pak jsme si uv\u011bdomili, \u017ee v\u011bt\u0161ina d\u011bt\u00ed u\u017e nep\u0159isp\u00edv\u00e1 ani na Netflix, tak\u017ee nebylo to realistick\u00e9.\u00a0<strong>Realisti\u010dt\u011bj\u0161\u00ed pro ob\u010dana je chodit do fabriky a\u017e do smrti a potom se d\u016fchody nemus\u00ed \u0159e\u0161it<\/strong>.<\/p>\n<p>Tich\u00e9 v\u00edno zdanit ani n\u00e1hodou. Doma na Ji\u017en\u00ed Morav\u011b by m\u011b hodili do sudu a zakopali do skl\u00edpku, tak to rad\u0161i zdan\u00edme \u010daj.<\/p>\n<p>Trestn\u00ed z\u00e1kon\u00edk jsme nestihli. Nejv\u011bt\u0161\u00ed trest pro n\u00e1s znamen\u00e1 ka\u017ed\u00fd den se d\u00edvat na ministra Bla\u017eka. Pazdr\u00e1t jeden.\u00a0<em>Ne, to nebylo na tebe, Ivo.<\/em><\/p>\n<p>Ano, Bla\u017eek tam je, p\u0159\u00e1tel\u00e9, nevym\u011bnil jsem jej, ale v\u00edte, pro\u010d j\u00e1 se ho boj\u00edm. \u0158\u00edk\u00e1me mu Don Pablo a toho prost\u011b nechcete nam\u00edchnout. Je to je\u0161t\u011b v\u011bt\u0161\u00ed pr\u016f\u0161vih, ne\u017e cel\u00e1 moje kampeli\u010dka.<\/p>\n<p>Ano, m\u00e1m tam pen\u00edze, proto\u017ee jsem cht\u011bl stejn\u011b jako ka\u017ed\u00fd br\u0148\u00e1k rychle zbohatnout. A dopadlo to jako v\u011bt\u0161ina projekt\u016f v Brn\u011b, v\u00fdkop, sliby a d\u00edra.\u00a0<em>Ne, to jsem nevolal tebe, Ivo.<\/em><\/p>\n<p>P\u0159\u00e1tel\u00e9,\u00a0<strong>je\u0161t\u011b dlouho bych mohl p\u0159izn\u00e1vat, \u017ee jsme nesplnili prakticky nic<\/strong>. Poradil mi to Jakub Hor\u00e1k, to je mu\u017e, kter\u00fd dok\u00e1\u017ee vytunelovat dopr\u010dic i pen\u011b\u017eenku Franti\u0161ka Jane\u010dka, a proto si jej v\u00e1\u017e\u00edm. A \u0159ekl, p\u0159iznej v\u0161echno, \u010ce\u0161i to ocen\u00ed.<\/p>\n<p><strong>Pravda a l\u00e1ska mus\u00ed zv\u00edt\u011bzit nad Babi\u0161em<\/strong>. A kdy\u017e tohle ch\u00e1pe i blb\u00e1 blond\u00fdna dopr\u010dic, tak to snad pochop\u00edte taky. Nebudeme v\u00e1s lakovat, ale\u00a0<strong>budeme se dr\u017eet zuby nehty<\/strong>.<\/p>\n<p>A te\u010f kone\u010dn\u011b va\u0161e a na\u0161e obl\u00edben\u00e1 Iva Pazderkov\u00e1. Ivo, je to tvoje. Kde je ta Pazderkov\u00e1? J\u00e1, \u017ee jsem j\u00ed poslal dopr\u010dic, aby si nalakovala nehty. Bo\u017ee m\u016fj.<\/p>\n<p>Bohu\u017eel volebn\u00ed pr\u00e1vo m\u00e1 ka\u017ed\u00fd. T\u011b\u017eko \u0159\u00edct, jestli je to dob\u0159e nebo \u0161patn\u011b. Ale nebudu sprost\u00fd, proto\u017ee jsem z Brna.<\/p>\n<p>A kdy\u017e n\u011bco posere Br\u0148\u00e1k, z\u016fst\u00e1v\u00e1 p\u0159itom v\u017edycky slu\u0161n\u00fd. Safra.<\/p>\n<p><img decoding=\"async\" loading=\"lazy\" class=\"alignnone size-full wp-image-1185\" src=\"http:\/\/www.infokuryr.cz\/n\/wp-content\/uploads\/2021\/04\/kuryr-podpis.png\" alt=\"\" width=\"84\" height=\"24\" \/><\/p>\n<p>&nbsp;<\/p>\n","protected":false},"excerpt":{"rendered":"<p>Petr Fiala\u00a0v otev\u0159en\u00e9m projevu p\u0159iznal, \u017ee v\u0161echno pokazil. Pom\u00e1hala mu v tom Pazderkov\u00e1. \u201eVy\u010d\u00edtali n\u00e1m,&#8230;<\/p>\n","protected":false},"author":2,"featured_media":79501,"comment_status":"closed","ping_status":"closed","sticky":false,"template":"","format":"standard","meta":[],"categories":[6],"tags":[9172,535,3584,889],"_links":{"self":[{"href":"https:\/\/www.infokuryr.cz\/n\/wp-json\/wp\/v2\/posts\/79500"}],"collection":[{"href":"https:\/\/www.infokuryr.cz\/n\/wp-json\/wp\/v2\/posts"}],"about":[{"href":"https:\/\/www.infokuryr.cz\/n\/wp-json\/wp\/v2\/types\/post"}],"author":[{"embeddable":true,"href":"https:\/\/www.infokuryr.cz\/n\/wp-json\/wp\/v2\/users\/2"}],"replies":[{"embeddable":true,"href":"https:\/\/www.infokuryr.cz\/n\/wp-json\/wp\/v2\/comments?post=79500"}],"version-history":[{"count":1,"href":"https:\/\/www.infokuryr.cz\/n\/wp-json\/wp\/v2\/posts\/79500\/revisions"}],"predecessor-version":[{"id":79502,"href":"https:\/\/www.infokuryr.cz\/n\/wp-json\/wp\/v2\/posts\/79500\/revisions\/79502"}],"wp:featuredmedia":[{"embeddable":true,"href":"https:\/\/www.infokuryr.cz\/n\/wp-json\/wp\/v2\/media\/79501"}],"wp:attachment":[{"href":"https:\/\/www.infokuryr.cz\/n\/wp-json\/wp\/v2\/media?parent=79500"}],"wp:term":[{"taxonomy":"category","embeddable":true,"href":"https:\/\/www.infokuryr.cz\/n\/wp-json\/wp\/v2\/categories?post=79500"},{"taxonomy":"post_tag","embeddable":true,"href":"https:\/\/www.infokuryr.cz\/n\/wp-json\/wp\/v2\/tags?post=79500"}],"curies":[{"name":"wp","href":"https:\/\/api.w.org\/{rel}","templated":true}]}}