{"id":79490,"date":"2025-05-24T00:24:06","date_gmt":"2025-05-23T22:24:06","guid":{"rendered":"https:\/\/www.infokuryr.cz\/n\/?p=79490"},"modified":"2025-05-23T11:09:25","modified_gmt":"2025-05-23T09:09:25","slug":"modi-prohlasuje-ze-kvuli-krizi-nebude-do-pakistanu-dodavana-voda-z-indie","status":"publish","type":"post","link":"https:\/\/www.infokuryr.cz\/n\/2025\/05\/24\/modi-prohlasuje-ze-kvuli-krizi-nebude-do-pakistanu-dodavana-voda-z-indie\/","title":{"rendered":"Modi prohla\u0161uje, \u017ee kv\u016fli krizi nebude do P\u00e1kist\u00e1nu dod\u00e1v\u00e1na voda z Indie"},"content":{"rendered":"<div id=\"fb-root\"><\/div>\n<p><strong><span>P\u00e1kist\u00e1n nebude z\u00edsk\u00e1vat vodu z \u0159ek, nad kter\u00fdmi m\u00e1 Indie kontrolu, sl\u00edbil 22. kv\u011btna indick\u00fd premi\u00e9r N\u00e1rendra M\u00f3d\u00ed v dob\u011b, kdy se nap\u011bt\u00ed mezi ob\u011bma jadern\u00fdmi mocnostmi op\u011bt za\u010dalo vyost\u0159ovat.<\/span><\/strong><\/p>\n<p><span>Pozastaven\u00ed Smlouvy o vod\u00e1ch Indu bylo jedn\u00edm z opat\u0159en\u00ed, kter\u00e1 Indie podnikla proti P\u00e1kist\u00e1nu po \u00fatoku na Pahalgam v Ka\u0161m\u00edru spravovan\u00e9m Indi\u00ed 22. dubna. Nov\u00e9 Dill\u00ed z \u00fatoku obvinilo Isl\u00e1m\u00e1b\u00e1d.<\/span><\/p>\n<p><span>Tehdy Indie poprv\u00e9 pozastavila platnost smlouvy, kterou v roce 1960 zprost\u0159edkovala Sv\u011btov\u00e1 banka. Toto opat\u0159en\u00ed nebylo p\u0159ijato ani b\u011bhem plnohodnotn\u00fdch v\u00e1lek mezi ob\u011bma zem\u011bmi. Smlouva P\u00e1kist\u00e1nu poskytuje v\u00fdhradn\u00ed u\u017e\u00edv\u00e1n\u00ed t\u0159\u00ed z\u00e1padn\u00edch \u0159ek, Indu, D\u017eel\u00e1mu a \u010cenabu. Indii tak\u00e9 umo\u017e\u0148uje vyu\u017e\u00edvat v\u00fdchodn\u00ed \u0159eky Sutled\u017e, Beas a Rav\u00ed.<\/span><\/p>\n<p><span>Smlouva o rozd\u011blen\u00ed v\u00e1le\u010dn\u00fdch v\u00fdsad je pova\u017eov\u00e1na za z\u00e1sadn\u00ed pro p\u00e1kist\u00e1nsk\u00fd zem\u011bd\u011blsk\u00fd sektor, vodn\u00ed energii a z\u00e1sobov\u00e1n\u00ed pitnou vodou.<\/span><\/p>\n<p><em>\u201eP\u00e1kist\u00e1n bude muset za ka\u017ed\u00fd teroristick\u00fd \u00fatok zaplatit vysokou cenu\u2026 Zaplat\u00ed ji p\u00e1kist\u00e1nsk\u00e1 arm\u00e1da, zaplat\u00ed ji p\u00e1kist\u00e1nsk\u00e1 ekonomika,\u201c \u0159ekl M\u00f3d\u00ed na ve\u0159ejn\u00e9 akci v severoz\u00e1padn\u00edm st\u00e1t\u011b R\u00e1d\u017easth\u00e1n, kter\u00fd hrani\u010d\u00ed s P\u00e1kist\u00e1nem.<\/em><\/p>\n<p><span>\u00datok na Pahalgam, kter\u00fd si vy\u017e\u00e1dal \u017eivoty 26 lid\u00ed, znamenal za\u010d\u00e1tek v\u00e1\u017en\u00e9 krize mezi Indi\u00ed a P\u00e1kist\u00e1nem.<\/span><\/p>\n<p><span>Situace se vyhrotila 7. kv\u011btna po smrt\u00edc\u00edch odvetn\u00fdch \u00faderech Indie proti P\u00e1kist\u00e1nu. Oba okresy si po n\u00e1sleduj\u00edc\u00ed t\u0159i dny vym\u011b\u0148ovaly \u00fadery p\u0159es kontroln\u00ed linii, de facto hranice ve sporn\u00e9m regionu Ka\u0161m\u00edru a tak\u00e9 p\u0159es mezin\u00e1rodn\u011b uznanou hranici. Do vyhl\u00e1\u0161en\u00ed p\u0159\u00edm\u011b\u0159\u00ed 10. kv\u011btna bylo na obou stran\u00e1ch zabito v\u00edce ne\u017e 70 lid\u00ed.<\/span><\/p>\n<p><span>Nap\u011bt\u00ed se za\u010dalo znovu stup\u0148ovat 21. kv\u011btna, kdy Isl\u00e1m\u00e1b\u00e1d obvinil Nov\u00e9 Dill\u00ed z \u00fa\u010dasti na sebevra\u017eedn\u00e9m bombov\u00e9m \u00fatoku, jeho\u017e c\u00edlem byl \u0161koln\u00ed autobus v jihoz\u00e1padn\u00ed provincii Bal\u00fa\u010dista, p\u0159i kter\u00e9m zahynulo nejm\u00e9n\u011b p\u011bt lid\u00ed. P\u00e1kist\u00e1nsk\u00e1 arm\u00e1da sl\u00edbila, \u017ee pachatele dopadne.<\/span><\/p>\n<p><span>Celkov\u011b vzato se zd\u00e1, \u017ee krize mezi Indi\u00ed a P\u00e1kist\u00e1nem zdaleka neskon\u010dila. Ob\u011b strany zjevn\u011b ztratily vz\u00e1jemnou d\u016fv\u011bru. Nov\u00e9 kolo boj\u016f se m\u016f\u017ee bl\u00ed\u017eit.<\/span><\/p>\n<p><img decoding=\"async\" loading=\"lazy\" class=\"alignnone size-full wp-image-1185\" src=\"http:\/\/www.infokuryr.cz\/n\/wp-content\/uploads\/2021\/04\/kuryr-podpis.png\" alt=\"\" width=\"84\" height=\"24\" \/><\/p>\n<p>&nbsp;<\/p>\n","protected":false},"excerpt":{"rendered":"<p>P\u00e1kist\u00e1n nebude z\u00edsk\u00e1vat vodu z \u0159ek, nad kter\u00fdmi m\u00e1 Indie kontrolu, sl\u00edbil 22. kv\u011btna indick\u00fd&#8230;<\/p>\n","protected":false},"author":2,"featured_media":79491,"comment_status":"closed","ping_status":"closed","sticky":false,"template":"","format":"standard","meta":[],"categories":[7],"tags":[79,220,129,1106],"_links":{"self":[{"href":"https:\/\/www.infokuryr.cz\/n\/wp-json\/wp\/v2\/posts\/79490"}],"collection":[{"href":"https:\/\/www.infokuryr.cz\/n\/wp-json\/wp\/v2\/posts"}],"about":[{"href":"https:\/\/www.infokuryr.cz\/n\/wp-json\/wp\/v2\/types\/post"}],"author":[{"embeddable":true,"href":"https:\/\/www.infokuryr.cz\/n\/wp-json\/wp\/v2\/users\/2"}],"replies":[{"embeddable":true,"href":"https:\/\/www.infokuryr.cz\/n\/wp-json\/wp\/v2\/comments?post=79490"}],"version-history":[{"count":0,"href":"https:\/\/www.infokuryr.cz\/n\/wp-json\/wp\/v2\/posts\/79490\/revisions"}],"wp:featuredmedia":[{"embeddable":true,"href":"https:\/\/www.infokuryr.cz\/n\/wp-json\/wp\/v2\/media\/79491"}],"wp:attachment":[{"href":"https:\/\/www.infokuryr.cz\/n\/wp-json\/wp\/v2\/media?parent=79490"}],"wp:term":[{"taxonomy":"category","embeddable":true,"href":"https:\/\/www.infokuryr.cz\/n\/wp-json\/wp\/v2\/categories?post=79490"},{"taxonomy":"post_tag","embeddable":true,"href":"https:\/\/www.infokuryr.cz\/n\/wp-json\/wp\/v2\/tags?post=79490"}],"curies":[{"name":"wp","href":"https:\/\/api.w.org\/{rel}","templated":true}]}}