{"id":79479,"date":"2025-05-24T00:19:18","date_gmt":"2025-05-23T22:19:18","guid":{"rendered":"https:\/\/www.infokuryr.cz\/n\/?p=79479"},"modified":"2025-05-23T10:51:58","modified_gmt":"2025-05-23T08:51:58","slug":"rakouska-vlada-se-chce-pripojit-k-obranne-unii-eu-zrada-neutrality","status":"publish","type":"post","link":"https:\/\/www.infokuryr.cz\/n\/2025\/05\/24\/rakouska-vlada-se-chce-pripojit-k-obranne-unii-eu-zrada-neutrality\/","title":{"rendered":"Rakousk\u00e1 vl\u00e1da se chce p\u0159ipojit k obrann\u00e9 unii EU: zrada neutrality!"},"content":{"rendered":"<div id=\"fb-root\"><\/div>\n<p><strong><span>Pl\u00e1ny rakousk\u00e9 spolkov\u00e9 vl\u00e1dy je\u0161t\u011b v\u00edce se zapojit do vojensk\u00fdch projekt\u016f Evropsk\u00e9 unie a st\u00e1t se \u010dlenem Obrann\u00e9 unie EU se setkaly s ostrou kritikou ze strany FP\u00d6. Europoslankyn\u011b za Stranu svobody Petra Steger to pova\u017euje za masivn\u00ed poru\u0161en\u00ed \u00fastavn\u011b zakotven\u00e9 neutrality Rakouska.<\/span><\/strong><\/p>\n<p><em><span>Na z\u00e1klad\u011b tiskov\u00e9 zpr\u00e1vy FP\u00d6:<\/span><\/em><\/p>\n<p><span>P\u0159\u00edprava na vstup do Obrann\u00e9 unie EU je zradou rakousk\u00e9 neutrality ze strany spolkov\u00e9 vl\u00e1dy \u2013 t\u011bmito jasn\u00fdmi slovy Steger reagoval na aktu\u00e1ln\u00ed v\u00fdvoj v oblasti evropsk\u00e9 bezpe\u010dnostn\u00ed a obrann\u00e9 politiky.\u00a0<\/span><strong><span>D\u016fvodem je z\u00e1m\u011br spolkov\u00e9 vl\u00e1dy ofici\u00e1ln\u011b se v budoucnu zapojit do pl\u00e1novan\u00e9 obrann\u00e9 unie EU.<\/span><\/strong><span>\u00a0Mluv\u00ed se o \u201enov\u00e9 \u00e9\u0159e\u201c. \u00c9ra, ve kter\u00e9 \u00fastavou zaru\u010den\u00e1 neutralita ji\u017e nem\u00e1 \u017e\u00e1dnou hodnotu?<\/span><\/p>\n<h3 id=\"h-regierung-handelt-gegen-interessen-des-volks\" class=\"wp-block-heading\"><span>Vl\u00e1da jedn\u00e1 proti z\u00e1jm\u016fm lidu<\/span><\/h3>\n<p><span>Stegerov\u00e1 varuje p\u0159ed bezpe\u010dnostn\u00ed a vojenskou politikou, kter\u00e1 je podle jej\u00edho n\u00e1zoru v rozporu se z\u00e1jmy rakousk\u00e9ho lidu: \u201eS p\u0159\u00edpadn\u00fdm p\u0159istoupen\u00edm k Obrann\u00e9 unii EU se Rakousko definitivn\u011b vzd\u00e1 sv\u00e9 \u00fastavn\u011b zakotven\u00e9 neutrality.\u00a0<\/span><strong><span>Koali\u010dn\u00ed vl\u00e1da se tak pod\u0159izuje agend\u011b bezpe\u010dnostn\u00ed a vojensk\u00e9 politiky, kter\u00e1 neslou\u017e\u00ed z\u00e1jm\u016fm rakousk\u00e9ho lidu, ale z\u00e1jm\u016fm bruselsk\u00fdch elit,\u201c<\/span><\/strong><span> uvedla politi\u010dka FP\u00d6. Tato elita prosazuje a po\u017eaduje komplexn\u00ed a masivn\u00ed znovuzbrojen\u00ed a udr\u017euje spir\u00e1ly eskalace nam\u00edsto posilov\u00e1n\u00ed diplomacie a m\u00edrov\u00e9ho \u00fasil\u00ed.<\/span><\/p>\n<p><span>Podle Stegera by \u00fa\u010dast Rakouska ve \u201est\u00e1l\u00e9 strukturovan\u00e9 spolupr\u00e1ci\u201c (PESCO) od roku 2017 nem\u011bla b\u00fdt vn\u00edm\u00e1na jako ne\u0161kodn\u00e1 spolupr\u00e1ce, ale jako \u201ejasn\u00fd krok k centralizovan\u00e9 arm\u00e1d\u011b EU\u201c.\u00a0<\/span><strong><span>Za obzvl\u00e1\u0161t\u011b problematickou pova\u017euje s t\u00edm spojenou mo\u017enost, \u017ee by se rakou\u0161t\u00ed voj\u00e1ci mohli zapojit do mezin\u00e1rodn\u00edch konflikt\u016f pod zahrani\u010dn\u00edm velen\u00edm:<\/span><\/strong><span>\u00a0\u201eKa\u017ed\u00fd, kdo se toho \u00fa\u010dastn\u00ed, riskuje, \u017ee se rakou\u0161t\u00ed voj\u00e1ci zapoj\u00ed do geopolitick\u00fdch konflikt\u016f pod zahrani\u010dn\u00edm velen\u00edm, kter\u00e9 nemaj\u00ed nic spole\u010dn\u00e9ho s na\u0161\u00ed bezpe\u010dnost\u00ed a suverenitou,\u201c zd\u016fraznila z\u00e1stupkyn\u011b \u010dlena V\u00fdboru pro obranu EU.<\/span><\/p>\n<h3 id=\"h-korruptionsgefahr\" class=\"wp-block-heading\"><span>Riziko korupce<\/span><\/h3>\n<p><span>Steger rovn\u011b\u017e vyjad\u0159uje jasn\u00e9 obavy ohledn\u011b spole\u010dn\u00e9ho evropsk\u00e9ho zad\u00e1v\u00e1n\u00ed ve\u0159ejn\u00fdch zak\u00e1zek na zbran\u011b. Jejich kritika se zam\u011b\u0159uje na \u201eProgram evropsk\u00e9ho obrann\u00e9ho pr\u016fmyslu\u201c (EDIP), jeho\u017e prost\u0159ednictv\u00edm m\u00e1 b\u00fdt do roku 2027 koordinov\u00e1no centr\u00e1ln\u00ed zad\u00e1v\u00e1n\u00ed ve\u0159ejn\u00fdch zak\u00e1zek na ur\u010dit\u00e9 vojensk\u00e9 vybaven\u00ed v r\u00e1mci EU.\u00a0<\/span><strong><span>Podle Stegera takov\u00fd model p\u0159ipom\u00edn\u00e1 podobn\u00e9 struktury na \u00farovni NATO \u2013 se v\u0161emi souvisej\u00edc\u00edmi riziky: \u201eVelk\u00e9, nadn\u00e1rodn\u00ed zad\u00e1vac\u00ed fondy jsou obzvl\u00e1\u0161t\u011b n\u00e1chyln\u00e9 ke korupci, proto\u017ee obvykle postr\u00e1daj\u00ed jakoukoli demokratickou kontrolu,\u201c<\/span><\/strong><span> \u0159ekl Steger s odkazem na sou\u010dasn\u00fd korup\u010dn\u00ed skand\u00e1l v agentu\u0159e NATO pro zad\u00e1v\u00e1n\u00ed ve\u0159ejn\u00fdch zak\u00e1zek, v n\u011bm\u017e byla \u00fadajn\u011b citliv\u00e1 data o projektech neleg\u00e1ln\u011b p\u0159ed\u00e1na zbrojn\u00edmu pr\u016fmyslu.<\/span><\/p>\n<h3 id=\"h-neutralitat-ist-kein-verstaubtes-relikt\" class=\"wp-block-heading\"><span>\u201eNeutralita nen\u00ed zapr\u00e1\u0161en\u00e1 relikvie\u201c<\/span><\/h3>\n<p><span>Ve V\u00eddni se zd\u00e1, \u017ee vl\u00e1da vn\u00edm\u00e1 neutralitu pouze jako p\u0159ek\u00e1\u017eku. Vzhledem k tomuto v\u00fdvoji vyz\u00fdv\u00e1 poslanec FP\u00d6 k okam\u017eit\u00e9mu politick\u00e9mu p\u0159ehodnocen\u00ed a n\u00e1vratu k z\u00e1kladn\u00edm hodnot\u00e1m zahrani\u010dn\u00ed politiky Druh\u00e9 republiky:\u00a0<\/span><strong><span>\u201eNeutralita nen\u00ed zapr\u00e1\u0161en\u00fdm poz\u016fstatkem, ale osv\u011bd\u010den\u00fdm modelem m\u00edru a sebeur\u010den\u00ed. Zejm\u00e9na v dob\u00e1ch glob\u00e1ln\u00edho nap\u011bt\u00ed mus\u00ed Rakousko p\u0159evz\u00edt roli zprost\u0159edkovatele \u2013 a ne se st\u00e1t agentem v\u00e1le\u010dn\u00e9 EU!\u201c<\/span><\/strong><\/p>\n<p><span>Stegerov\u00e1 tak\u00e9 vzn\u00e1\u0161\u00ed pr\u00e1vn\u00ed ot\u00e1zky a zpochyb\u0148uje slu\u010ditelnost pl\u00e1novan\u00fdch opat\u0159en\u00ed s rakouskou \u00fastavou: \u201eZahrani\u010dn\u00ed a bezpe\u010dnostn\u00ed politika se dot\u00fdk\u00e1 kl\u00ed\u010dov\u00e9 oblasti n\u00e1rodn\u00ed suverenity. \u00dapln\u00e1 kapitulace v\u016f\u010di EU nejen poru\u0161uje princip neutrality, ale tak\u00e9 ni\u010d\u00ed samotnou existenci na\u0161eho st\u00e1tu \u2013 to je proti\u00fastavn\u00ed,\u201c zd\u016fraz\u0148uje.<\/span><\/p>\n<p><span>Petra Stegerov\u00e1 nakonec znovu potvrdila z\u00e1vazek sv\u00e9 strany k rakousk\u00e9 neutralit\u011b: \u201eFP\u00d6 pevn\u011b stoj\u00ed za rakouskou neutralitou a bude na v\u0161ech politick\u00fdch \u00farovn\u00edch bojovat proti vyprod\u00e1n\u00ed na\u0161\u00ed suverenity.\u201c<\/span><\/p>\n<p><img decoding=\"async\" loading=\"lazy\" class=\"alignnone size-full wp-image-1185\" src=\"http:\/\/www.infokuryr.cz\/n\/wp-content\/uploads\/2021\/04\/kuryr-podpis.png\" alt=\"\" width=\"84\" height=\"24\" \/><\/p>\n<p>&nbsp;<\/p>\n","protected":false},"excerpt":{"rendered":"<p>Pl\u00e1ny rakousk\u00e9 spolkov\u00e9 vl\u00e1dy je\u0161t\u011b v\u00edce se zapojit do vojensk\u00fdch projekt\u016f Evropsk\u00e9 unie a st\u00e1t&#8230;<\/p>\n","protected":false},"author":2,"featured_media":79480,"comment_status":"closed","ping_status":"closed","sticky":false,"template":"","format":"standard","meta":[],"categories":[7],"tags":[41,1942,120,331],"_links":{"self":[{"href":"https:\/\/www.infokuryr.cz\/n\/wp-json\/wp\/v2\/posts\/79479"}],"collection":[{"href":"https:\/\/www.infokuryr.cz\/n\/wp-json\/wp\/v2\/posts"}],"about":[{"href":"https:\/\/www.infokuryr.cz\/n\/wp-json\/wp\/v2\/types\/post"}],"author":[{"embeddable":true,"href":"https:\/\/www.infokuryr.cz\/n\/wp-json\/wp\/v2\/users\/2"}],"replies":[{"embeddable":true,"href":"https:\/\/www.infokuryr.cz\/n\/wp-json\/wp\/v2\/comments?post=79479"}],"version-history":[{"count":0,"href":"https:\/\/www.infokuryr.cz\/n\/wp-json\/wp\/v2\/posts\/79479\/revisions"}],"wp:featuredmedia":[{"embeddable":true,"href":"https:\/\/www.infokuryr.cz\/n\/wp-json\/wp\/v2\/media\/79480"}],"wp:attachment":[{"href":"https:\/\/www.infokuryr.cz\/n\/wp-json\/wp\/v2\/media?parent=79479"}],"wp:term":[{"taxonomy":"category","embeddable":true,"href":"https:\/\/www.infokuryr.cz\/n\/wp-json\/wp\/v2\/categories?post=79479"},{"taxonomy":"post_tag","embeddable":true,"href":"https:\/\/www.infokuryr.cz\/n\/wp-json\/wp\/v2\/tags?post=79479"}],"curies":[{"name":"wp","href":"https:\/\/api.w.org\/{rel}","templated":true}]}}