{"id":79477,"date":"2025-05-24T00:18:29","date_gmt":"2025-05-23T22:18:29","guid":{"rendered":"https:\/\/www.infokuryr.cz\/n\/?p=79477"},"modified":"2025-05-23T10:48:42","modified_gmt":"2025-05-23T08:48:42","slug":"priprava-utoku-usa-tajne-premistuji-bombardery-zatimco-izrael-planuje-utok-na-iran","status":"publish","type":"post","link":"https:\/\/www.infokuryr.cz\/n\/2025\/05\/24\/priprava-utoku-usa-tajne-premistuji-bombardery-zatimco-izrael-planuje-utok-na-iran\/","title":{"rendered":"P\u0159\u00edprava \u00fatoku? USA tajn\u011b p\u0159emis\u0165uj\u00ed bombard\u00e9ry, zat\u00edmco Izrael pl\u00e1nuje \u00fatok na \u00cdr\u00e1n"},"content":{"rendered":"<div id=\"fb-root\"><\/div>\n<div class=\"elementor-element elementor-element-1fb4c2c elementor-widget elementor-widget-theme-post-content\" data-id=\"1fb4c2c\" data-element_type=\"widget\" data-widget_type=\"theme-post-content.default\">\n<div class=\"elementor-widget-container\">\n<p><span>Zat\u00edmco Izrael otev\u0159en\u011b hroz\u00ed \u00fatokem na \u00edr\u00e1nsk\u00e1 jadern\u00e1 za\u0159\u00edzen\u00ed, USA ti\u0161e p\u0159esouvaj\u00ed strategick\u00e9 bombard\u00e9ry a st\u00edha\u010dky na odlehlou vojenskou z\u00e1kladnu Diego Garcia v Indick\u00e9m oce\u00e1nu \u2013 jen p\u00e1r hodin letu od Teher\u00e1nu. Ofici\u00e1ln\u011b se uv\u00e1d\u00ed, \u017ee se jedn\u00e1 o ochranu americk\u00fdch voj\u00e1k\u016f. Rozsah a slo\u017een\u00ed p\u0159esun\u016f vojsk v\u0161ak umo\u017e\u0148uj\u00ed jinou interpretaci.<\/span><\/p>\n<p><span>Ji\u017e v dubnu americk\u00e9 letectvo rozm\u00edstilo na ostrov\u011b \u0161est bombard\u00e9r\u016f stealth B-2 \u2013 jednu t\u0159etinu aktivn\u00ed flotily. N\u00e1sledovaly bombard\u00e9ry dlouh\u00e9ho doletu B-52 a cel\u00e1 letka letoun\u016f F-15E Strike Eagles. Analytici zpravodajsk\u00fdch slu\u017eeb se domn\u00edvaj\u00ed, \u017ee tyto s\u00edly nejen slou\u017e\u00ed jako odstra\u0161uj\u00edc\u00ed prost\u0159edek, ale tak\u00e9 poskytuj\u00ed logistick\u00fd z\u00e1klad pro \u00fa\u010dast americk\u00e9 arm\u00e1dy v mo\u017en\u00e9m izraelsk\u00e9m \u00fatoku \u2013 nebo alespo\u0148 signalizuj\u00ed, \u017ee Washington takov\u00e9mu \u00fatoku nezabr\u00e1n\u00ed.<\/span><\/p>\n<p><span>CNN z\u00e1rove\u0148 cituje zachycen\u00e9 zpr\u00e1vy a zpravodajsk\u00e9 \u00fadaje, kter\u00e9 nazna\u010duj\u00ed konkr\u00e9tn\u00ed p\u0159\u00edpravy Izraele. Ameri\u010dt\u00ed p\u0159edstavitel\u00e9 pova\u017euj\u00ed izraelsk\u00e9 pl\u00e1ny za v\u00e1\u017en\u00e9. Premi\u00e9r Netanjahu opakovan\u011b zd\u016fraznil, \u017ee jeho vl\u00e1da za \u017e\u00e1dn\u00fdch okolnost\u00ed nebude tolerovat jadern\u011b vyzbrojen\u00fd \u00cdr\u00e1n.<\/span><\/p>\n<p><span>Mezit\u00edm americk\u00fd zvl\u00e1\u0161tn\u00ed vyslanec Steve Witkoff stanovil novou \u010dervenou \u010d\u00e1ru: \u00cdr\u00e1n mus\u00ed zcela zastavit obohacov\u00e1n\u00ed uranu \u2013 po\u017eadavek, kter\u00fd jde nad r\u00e1mec p\u016fvodn\u00ed jadern\u00e9 dohody z roku 2015. \u00cdr\u00e1n to d\u016frazn\u011b odm\u00edt\u00e1. Ministr zahrani\u010d\u00ed Araghchi prohl\u00e1sil, \u017ee pr\u00e1vo obohacovat uran je neobchodovateln\u00e9. Ajatoll\u00e1h Chamene\u00ed hovo\u0159il o \u201eabsurdn\u00edch podm\u00ednk\u00e1ch\u201c a 22. kv\u011btna varoval, \u017ee budou p\u0159ijata zvl\u00e1\u0161tn\u00ed opat\u0159en\u00ed na ochranu jeho jadern\u00fdch za\u0159\u00edzen\u00ed.<\/span><\/p>\n<p><span>Ve Washingtonu s\u00edl\u00ed tlak ze strany think-tank\u016f. Washingtonsk\u00fd institut pro bl\u00edzkov\u00fdchodn\u00ed politiku vyz\u00fdv\u00e1 k \u00fapln\u00e9mu zru\u0161en\u00ed \u00edr\u00e1nsk\u00e9ho jadern\u00e9ho programu. Nadace pro obranu demokraci\u00ed po\u017eaduje p\u0159\u00edsn\u011bj\u0161\u00ed sankce. Atlantick\u00e1 rada varuje p\u0159ed n\u00e1vratem k Obamov\u011b dohod\u011b a m\u00edsto toho vid\u00ed strategickou p\u0159\u00edle\u017eitost k akci.<\/span><\/p>\n<p><span>B\u00fdval\u00ed vl\u00e1dn\u00ed \u00fa\u0159edn\u00edci, jako nap\u0159\u00edklad Dana Stroul, tvrd\u00ed, \u017ee slabost \u00cdr\u00e1nu nyn\u00ed umo\u017e\u0148uje vojenskou intervenci \u2013 tento konsenzus st\u00e1le v\u00edce dominuje v diskurzu o zahrani\u010dn\u00ed politice.<\/span><\/p>\n<p><span>Co se sotva odehr\u00e1v\u00e1, je otev\u0159en\u00e1 ve\u0159ejn\u00e1 debata o rizic\u00edch. Konfrontace s \u00cdr\u00e1nem by mohla m\u00edt dalekos\u00e1hl\u00e9 d\u016fsledky pro Spojen\u00e9 st\u00e1ty, region a glob\u00e1ln\u00ed stabilitu. Kritick\u00e9 hlasy jako poslanec Thomas Massie jsou uml\u010deny za to, \u017ee si kladou jednoduchou ot\u00e1zku: Je tohle v\u016fbec na\u0161e v\u00e1lka?<\/span><\/p>\n<p><span>Hromad\u011bn\u00ed \u00fatok\u016f v Diegu Garcii lze pova\u017eovat za preventivn\u00ed opat\u0159en\u00ed. Ale tak\u00e9 n\u00e1m to p\u0159ipom\u00edn\u00e1, jak rychle se tich\u00e9 operace mohou st\u00e1t v\u00e1le\u010dnou politikou \u2013 daleko od demokratick\u00e9 kontroly, iniciovanou z\u00e1jmov\u00fdmi skupinami a jejich z\u00e1stupci.<\/span><\/p>\n<p><span>V\u00e1lky neza\u010d\u00ednaj\u00ed hlasy. Za\u010d\u00ednaj\u00ed tich\u00fdmi p\u0159esuny vojsk \u2013 daleko od americk\u00e9 ve\u0159ejnosti, kter\u00e1 nakonec ponese n\u00e1sledky.<\/span><\/p>\n<p><span style=\"font-size: 18pt;\"><strong>*<\/strong><\/span><\/p>\n<p><em><span>Zpr\u00e1va a anal\u00fdza: Robert Inlakesh, politick\u00fd analytik, novin\u00e1\u0159 a dokumentarista. Autor knihy Kr\u00e1de\u017e stolet\u00ed: Trumpova palestinsko-izraelsk\u00e1 katastrofa.<\/span><\/em><\/p>\n<p><span style=\"font-size: 10pt;\"><em><strong>\u00davodn\u00ed fotografie:<\/strong> Tento satelitn\u00ed sn\u00edmek z Planet Labs PBC ukazuje \u0161est americk\u00fdch bombard\u00e9r\u016f stealth B-2 zaparkovan\u00fdch v Camp Thunder Cove na ostrov\u011b Diego Garcia 2. dubna 2025. P\u0159esto\u017ee byly tyto letouny ofici\u00e1ln\u011b nasazeny pro operace v Jemenu, p\u0159\u00edtomnost t\u011bchto letadel schopn\u00fdch n\u00e9st jadern\u00e9 zbran\u011b v dost\u0159elu \u00cdr\u00e1nu vyvolala obavy, \u017ee USA ti\u0161e podporuj\u00ed potenci\u00e1ln\u00ed izraelsk\u00fd \u00fatok. Foto | P\u0159\u00edstupov\u00fd bod<\/em><\/span><\/p>\n<\/div>\n<\/div>\n<div class=\"elementor-element elementor-element-8c57238 quelle dc-has-condition dc-condition-empty elementor-widget elementor-widget-heading\" data-id=\"8c57238\" data-element_type=\"widget\" data-widget_type=\"heading.default\">\n<div class=\"elementor-widget-container\">\n<h3 class=\"elementor-heading-title elementor-size-default\"><span style=\"font-size: 10pt;\"><a href=\"https:\/\/www.mintpressnews.com\/us-deploys-bombers-israel-iran-strike\/289846\/\" target=\"_blank\" rel=\"nofollow noopener\">Zdroj<\/a><\/span><\/h3>\n<p>&nbsp;<\/p>\n<\/div>\n<\/div>\n","protected":false},"excerpt":{"rendered":"<p>Zat\u00edmco Izrael otev\u0159en\u011b hroz\u00ed \u00fatokem na \u00edr\u00e1nsk\u00e1 jadern\u00e1 za\u0159\u00edzen\u00ed, USA ti\u0161e p\u0159esouvaj\u00ed strategick\u00e9 bombard\u00e9ry a&#8230;<\/p>\n","protected":false},"author":2,"featured_media":79478,"comment_status":"closed","ping_status":"closed","sticky":false,"template":"","format":"standard","meta":[],"categories":[7],"tags":[38,107,1505,37,723],"_links":{"self":[{"href":"https:\/\/www.infokuryr.cz\/n\/wp-json\/wp\/v2\/posts\/79477"}],"collection":[{"href":"https:\/\/www.infokuryr.cz\/n\/wp-json\/wp\/v2\/posts"}],"about":[{"href":"https:\/\/www.infokuryr.cz\/n\/wp-json\/wp\/v2\/types\/post"}],"author":[{"embeddable":true,"href":"https:\/\/www.infokuryr.cz\/n\/wp-json\/wp\/v2\/users\/2"}],"replies":[{"embeddable":true,"href":"https:\/\/www.infokuryr.cz\/n\/wp-json\/wp\/v2\/comments?post=79477"}],"version-history":[{"count":0,"href":"https:\/\/www.infokuryr.cz\/n\/wp-json\/wp\/v2\/posts\/79477\/revisions"}],"wp:featuredmedia":[{"embeddable":true,"href":"https:\/\/www.infokuryr.cz\/n\/wp-json\/wp\/v2\/media\/79478"}],"wp:attachment":[{"href":"https:\/\/www.infokuryr.cz\/n\/wp-json\/wp\/v2\/media?parent=79477"}],"wp:term":[{"taxonomy":"category","embeddable":true,"href":"https:\/\/www.infokuryr.cz\/n\/wp-json\/wp\/v2\/categories?post=79477"},{"taxonomy":"post_tag","embeddable":true,"href":"https:\/\/www.infokuryr.cz\/n\/wp-json\/wp\/v2\/tags?post=79477"}],"curies":[{"name":"wp","href":"https:\/\/api.w.org\/{rel}","templated":true}]}}