{"id":79471,"date":"2025-05-24T00:14:50","date_gmt":"2025-05-23T22:14:50","guid":{"rendered":"https:\/\/www.infokuryr.cz\/n\/?p=79471"},"modified":"2025-05-23T10:35:03","modified_gmt":"2025-05-23T08:35:03","slug":"nova-studie-ukazuje-mrna-vakciny-maji-meritelny-vliv-na-autonomni-nervovy-system","status":"publish","type":"post","link":"https:\/\/www.infokuryr.cz\/n\/2025\/05\/24\/nova-studie-ukazuje-mrna-vakciny-maji-meritelny-vliv-na-autonomni-nervovy-system\/","title":{"rendered":"Nov\u00e1 studie ukazuje: mRNA vakc\u00edny maj\u00ed m\u011b\u0159iteln\u00fd vliv na autonomn\u00ed nervov\u00fd syst\u00e9m"},"content":{"rendered":"<div id=\"fb-root\"><\/div>\n<div class=\"elementor-element elementor-element-1fb4c2c elementor-widget elementor-widget-theme-post-content\" data-id=\"1fb4c2c\" data-element_type=\"widget\" data-widget_type=\"theme-post-content.default\">\n<div class=\"elementor-widget-container\">\n<h3><strong><span>Data srde\u010dn\u00edho rytmu odhaluj\u00ed znepokojiv\u00e9 zm\u011bny po o\u010dkov\u00e1n\u00ed mRNA<\/span><\/strong><\/h3>\n<p><span>Nov\u00e1 studie, prezentovan\u00e1 na\u00a0<\/span><em><span>Americk\u00e9m fyziologick\u00e9m summitu 2025<\/span><\/em><span>\u00a0, poskytuje prvn\u00ed d\u016fkazy o tom, \u017ee mRNA vakc\u00edn proti COVID-19 mohou vyvolat jemn\u00e9, ale m\u011b\u0159iteln\u00e9 zm\u011bny v autonomn\u00edm nervov\u00e9m syst\u00e9mu. Tyto zm\u011bny ovliv\u0148uj\u00ed srde\u010dn\u00ed frekvenci, z\u00e1n\u011bt a autonomn\u00ed regulaci a byly zaznamen\u00e1v\u00e1ny pomoc\u00ed nositeln\u00fdch senzor\u016f (VitalPatch RTM), kter\u00e9 zaznamen\u00e1vaj\u00ed variabilitu srde\u010dn\u00ed frekvence (HRV), teplotu k\u016f\u017ee a \u00farove\u0148 aktivity.<\/span><\/p>\n<h3><strong><span>Struktura studie<\/span><\/strong><\/h3>\n<p><span>Pod veden\u00edm Dr. Sarwata Amina (Purdue University) a ve spolupr\u00e1ci se spole\u010dnost\u00ed physIQ Inc. (nyn\u00ed sou\u010d\u00e1st\u00ed Prolaio) byly po druh\u00e9 d\u00e1vce mRNA pozorov\u00e1ny dv\u011b mal\u00e9 skupiny (10 a 20 osob). \u00da\u010dastn\u00edci byli klasifikov\u00e1ni podle reakce teploty k\u016f\u017ee a v\u00fdskytu syst\u00e9mov\u00fdch ne\u017e\u00e1douc\u00edch \u00fa\u010dink\u016f (hore\u010dka, \u00fanava, zimnice). Pomoc\u00ed 3D mapov\u00e1n\u00ed HRV \u2013 v\u010detn\u011b anal\u00fdzy vysokofrekven\u010dn\u00edch, n\u00edzkofrekven\u010dn\u00edch a velmi n\u00edzkofrekven\u010dn\u00edch slo\u017eek \u2013 byl vytvo\u0159en dynamick\u00fd vzorec fyziologick\u00e9 odpov\u011bdi.<\/span><\/p>\n<h3><strong><span>V\u00fdsledky<\/span><\/strong><\/h3>\n<p><span>Jedinci s ne\u017e\u00e1douc\u00edmi \u00fa\u010dinky o\u010dkov\u00e1n\u00ed vykazovali v\u00fdznamn\u011b odli\u0161n\u00e9 vzorce HRV ne\u017e jedinci bez p\u0159\u00edznak\u016f. Data nazna\u010duj\u00ed, \u017ee reakce na o\u010dkov\u00e1n\u00ed lze objektivn\u011b sledovat prost\u0159ednictv\u00edm autonomn\u00edho nervov\u00e9ho syst\u00e9mu. Algoritmus zalo\u017een\u00fd na ne\u0159\u00edzen\u00e9m strojov\u00e9m u\u010den\u00ed dok\u00e1zal rozli\u0161it mezi respondenty a nerespondenty s p\u0159esnost\u00ed a\u017e 80 %. Zm\u011bny HRV negativn\u011b korelovaly s hladinou z\u00e1n\u011btu \u2013 co\u017e nazna\u010duje nerovnov\u00e1hu mezi sympatick\u00fdm a parasympatick\u00fdm nervov\u00fdm syst\u00e9mem jako sou\u010d\u00e1st o\u010dkovac\u00ed reakce.<\/span><\/p>\n<h3><strong><span>Omezen\u00ed a v\u00fdhled<\/span><\/strong><\/h3>\n<p><span>Explorativn\u00ed studie je mal\u00e1 (n=30), zalo\u017een\u00e1 na kr\u00e1tkodob\u00fdch pozorov\u00e1n\u00edch po druh\u00e9 d\u00e1vce a nezahrnuje informace o typu vakc\u00edny, dlouhodob\u00fdch v\u00fdsledc\u00edch ani charakteristik\u00e1ch \u00fa\u010dastn\u00edk\u016f. Zat\u00edm nepro\u0161el recenzn\u00edm \u0159\u00edzen\u00edm, ale byl prezentov\u00e1n pouze jako abstrakt z konference.<\/span><\/p>\n<p><span>Nicm\u00e9n\u011b demonstruje potenci\u00e1l nositeln\u00fdch senzor\u016f pro personalizovan\u00e9 zaznamen\u00e1v\u00e1n\u00ed fyziologick\u00fdch reakc\u00ed na vakc\u00edny \u2013 s vyhl\u00eddkami na v\u010dasnou detekci ne\u017e\u00e1douc\u00edch \u00fa\u010dink\u016f a identifikaci citliv\u00fdch podskupin.\u00a0<\/span><strong><span>TrialSite News<\/span><\/strong><span>\u00a0si klade za c\u00edl d\u00e1le rozv\u00edjet digit\u00e1ln\u00ed zdravotnick\u00e9 technologie pro monitorov\u00e1n\u00ed o\u010dkov\u00e1n\u00ed.<\/span><\/p>\n<\/div>\n<\/div>\n<div class=\"elementor-element elementor-element-8c57238 quelle dc-has-condition dc-condition-empty elementor-widget elementor-widget-heading\" data-id=\"8c57238\" data-element_type=\"widget\" data-widget_type=\"heading.default\">\n<div class=\"elementor-widget-container\">\n<h3 class=\"elementor-heading-title elementor-size-default\"><span style=\"font-size: 10pt;\"><a href=\"https:\/\/www.trialsitenews.com\/a\/heart-rhythm-data-reveal-hidden-troubling-physiological-changes-after-mrna-covid-19-vaccination-210f271c\" target=\"_blank\" rel=\"nofollow noopener\">Zdroj<\/a><\/span><\/h3>\n<p>&nbsp;<\/p>\n<\/div>\n<\/div>\n","protected":false},"excerpt":{"rendered":"<p>Data srde\u010dn\u00edho rytmu odhaluj\u00ed znepokojiv\u00e9 zm\u011bny po o\u010dkov\u00e1n\u00ed mRNA Nov\u00e1 studie, prezentovan\u00e1 na\u00a0Americk\u00e9m fyziologick\u00e9m summitu&#8230;<\/p>\n","protected":false},"author":2,"featured_media":79472,"comment_status":"closed","ping_status":"closed","sticky":false,"template":"","format":"standard","meta":[],"categories":[7],"tags":[694,1556,839,651],"_links":{"self":[{"href":"https:\/\/www.infokuryr.cz\/n\/wp-json\/wp\/v2\/posts\/79471"}],"collection":[{"href":"https:\/\/www.infokuryr.cz\/n\/wp-json\/wp\/v2\/posts"}],"about":[{"href":"https:\/\/www.infokuryr.cz\/n\/wp-json\/wp\/v2\/types\/post"}],"author":[{"embeddable":true,"href":"https:\/\/www.infokuryr.cz\/n\/wp-json\/wp\/v2\/users\/2"}],"replies":[{"embeddable":true,"href":"https:\/\/www.infokuryr.cz\/n\/wp-json\/wp\/v2\/comments?post=79471"}],"version-history":[{"count":0,"href":"https:\/\/www.infokuryr.cz\/n\/wp-json\/wp\/v2\/posts\/79471\/revisions"}],"wp:featuredmedia":[{"embeddable":true,"href":"https:\/\/www.infokuryr.cz\/n\/wp-json\/wp\/v2\/media\/79472"}],"wp:attachment":[{"href":"https:\/\/www.infokuryr.cz\/n\/wp-json\/wp\/v2\/media?parent=79471"}],"wp:term":[{"taxonomy":"category","embeddable":true,"href":"https:\/\/www.infokuryr.cz\/n\/wp-json\/wp\/v2\/categories?post=79471"},{"taxonomy":"post_tag","embeddable":true,"href":"https:\/\/www.infokuryr.cz\/n\/wp-json\/wp\/v2\/tags?post=79471"}],"curies":[{"name":"wp","href":"https:\/\/api.w.org\/{rel}","templated":true}]}}