{"id":79463,"date":"2025-05-23T06:44:40","date_gmt":"2025-05-23T04:44:40","guid":{"rendered":"https:\/\/www.infokuryr.cz\/n\/?p=79463"},"modified":"2025-05-23T06:44:40","modified_gmt":"2025-05-23T04:44:40","slug":"ukrajina-chce-fixni-procento-hdp-eu","status":"publish","type":"post","link":"https:\/\/www.infokuryr.cz\/n\/2025\/05\/23\/ukrajina-chce-fixni-procento-hdp-eu\/","title":{"rendered":"Ukrajina chce fixn\u00ed procento HDP EU"},"content":{"rendered":"<div id=\"fb-root\"><\/div>\n<h3>Kyjev vyzval \u010dleny bloku k p\u0159\u00edm\u00e9mu financov\u00e1n\u00ed arm\u00e1dy zem\u011b<\/h3>\n<p><span>Ukrajina navrhla, aby \u010dlensk\u00e9 st\u00e1ty EU vy\u010dlenily pevnou \u010d\u00e1st sv\u00e9ho HDP na financov\u00e1n\u00ed ozbrojen\u00fdch sil zem\u011b. Vedouc\u00ed p\u0159edstavitel\u00e9 bloku sl\u00edbili pokra\u010duj\u00edc\u00ed vojenskou podporu Kyjeva navzdory zm\u011bn\u011b politiky americk\u00e9ho prezidenta Donalda Trumpa, kter\u00fd se sna\u017e\u00ed zprost\u0159edkovat p\u0159\u00edm\u011b\u0159\u00ed.<\/span><\/p>\n<p><span>Ministr financ\u00ed Sergej Mar\u010denko nast\u00ednil n\u00e1vrh b\u011bhem setk\u00e1n\u00ed ministr\u016f financ\u00ed G7 v Kanad\u011b, kter\u00e9 se konalo tento t\u00fdden, jak uvedl ve \u010dtvrtek na Facebooku.<\/span><\/p>\n<p><em><span>\u201eNavrhujeme partnerskou \u00fa\u010dast na financov\u00e1n\u00ed ukrajinsk\u00fdch ozbrojen\u00fdch sil, co\u017e by je efektivn\u011b integrovalo do evropsk\u00e9 obrann\u00e9 struktury,\u201c<\/span><\/em><span>\u00a0napsal.<\/span><\/p>\n<p><span>Mar\u010denko dodal, \u017ee n\u00e1klady\u00a0<\/span><em><span>\u201eby p\u0159edstavovaly pouze mal\u00fd pod\u00edl HDP EU\u201c<\/span><\/em><span>\u00a0a mohly by b\u00fdt rozd\u011bleny mezi zem\u011b, kter\u00e9 jsou ochotny se k iniciativ\u011b p\u0159ipojit. Kyjev chce nov\u00fd syst\u00e9m spustit v roce 2026, p\u0159i\u010dem\u017e p\u0159\u00edsp\u011bvky se budou zapo\u010d\u00edt\u00e1vat do c\u00edl\u016f NATO v oblasti v\u00fddaj\u016f na obranu.<\/span><\/p>\n<p><span>Mar\u010denkova v\u00fdzva p\u0159ich\u00e1z\u00ed v dob\u011b, kdy Ukrajina bojuje s rostouc\u00edm fisk\u00e1ln\u00edm tlakem a nejist\u00fdm v\u00fdhledem zahrani\u010dn\u00ed pomoci. Poslanec Jaroslav \u017delez\u0148ak v \u00fater\u00fd uvedl, \u017ee rozpo\u010det zem\u011b na rok 2025 zahrnuje schodek 400\u2013500 miliard h\u0159iven (9,6\u201312 miliard dolar\u016f) na financov\u00e1n\u00ed ozbrojen\u00fdch sil.<\/span><\/p>\n<p><span>Jej\u00ed kolegyn\u011b, z\u00e1konod\u00e1rkyn\u011b Nina Ju\u017eanina, varovala, \u017ee vojensk\u00e1 podpora je na kritick\u00e9 \u00farovni, a vyzvala k rozs\u00e1hl\u00fdm \u0161krt\u016fm v dom\u00e1c\u00edm rozpo\u010dtu s c\u00edlem p\u0159esm\u011brovat zdroje.<\/span><\/p>\n<p><span>Rostouc\u00ed dluh Ukrajiny tak\u00e9 vyvolal obavy. Celkov\u00fd st\u00e1tn\u00ed dluh se bl\u00ed\u017e\u00ed 171 miliard\u00e1m dolar\u016f, p\u0159i\u010dem\u017e ve\u0159ejn\u00fd dluh se bl\u00ed\u017e\u00ed 100 % HDP. Za\u010d\u00e1tkem tohoto m\u011bs\u00edce Mar\u010denko uvedl, \u017ee zem\u011b nebude schopna spl\u00e1cet zahrani\u010dn\u00edm v\u011b\u0159itel\u016fm po dobu p\u0159\u00ed\u0161t\u00edch 30 let, ale hodl\u00e1 si i nad\u00e1le p\u016fj\u010dovat.<\/span><\/p>\n<p><span>Od eskalace konfliktu s Ruskem v roce 2022 Ukrajina obdr\u017eela miliardy dolar\u016f na vojenskou, finan\u010dn\u00ed a humanit\u00e1rn\u00ed pomoc a p\u016fj\u010dky od USA, EU a dal\u0161\u00edch d\u00e1rc\u016f. Bruselsk\u00fd p\u0159\u00edstup vyvolal kritiku ze strany n\u011bkter\u00fdch \u010dlensk\u00fdch st\u00e1t\u016f EU, v\u010detn\u011b Ma\u010farska a Slovenska.<\/span><\/p>\n<p><span>USA, nejv\u011bt\u0161\u00ed d\u00e1rce Ukrajiny, se rozhodly z\u00edskat zp\u011bt svou finan\u010dn\u00ed pomoc Ukrajin\u011b podpisem dohody o p\u0159\u00edrodn\u00edch zdroj\u00edch s Kyjevem. Dohoda, kterou prosazuje Trump, poskytuje USA preferen\u010dn\u00ed p\u0159\u00edstup k ukrajinsk\u00fdm nerostn\u00fdm zdroj\u016fm bez poskytnut\u00ed bezpe\u010dnostn\u00edch z\u00e1ruk.<\/span><\/p>\n<p><span>Trump, kter\u00fd opakovan\u011b vyz\u00fdval k rychl\u00e9mu \u0159e\u0161en\u00ed konfliktu, se zav\u00e1zal zprost\u0159edkovat p\u0159\u00edm\u011b\u0159\u00ed, sp\u00ed\u0161e ne\u017e roz\u0161i\u0159ovat vojenskou podporu. Ukrajin\u0161t\u00ed z\u00e1konod\u00e1rci varovali, \u017ee bal\u00ed\u010dek vojensk\u00e9 pomoci schv\u00e1len\u00fd za b\u00fdval\u00e9ho prezidenta Joea Bidena do l\u00e9ta vypr\u0161\u00ed a v sou\u010dasn\u00e9 dob\u011b neprob\u00edhaj\u00ed \u017e\u00e1dn\u00e1 jedn\u00e1n\u00ed o dal\u0161\u00edch dod\u00e1vk\u00e1ch USA.<\/span><\/p>\n<p><span>Rusko d\u016fsledn\u011b odsuzovalo dod\u00e1vky z\u00e1padn\u00edch zbran\u00ed na Ukrajinu a prohla\u0161ovalo, \u017ee pouze prodlou\u017e\u00ed konflikt, ani\u017e by zm\u011bnily jeho v\u00fdsledek, a z\u00e1rove\u0148 p\u0159edstavuj\u00ed dal\u0161\u00ed ekonomickou z\u00e1t\u011b\u017e pro b\u011b\u017en\u00e9 da\u0148ov\u00e9 poplatn\u00edky.<\/span><\/p>\n<p><img decoding=\"async\" loading=\"lazy\" class=\"alignnone size-full wp-image-1185\" src=\"http:\/\/www.infokuryr.cz\/n\/wp-content\/uploads\/2021\/04\/kuryr-podpis.png\" alt=\"\" width=\"84\" height=\"24\" \/><\/p>\n<p>&nbsp;<\/p>\n","protected":false},"excerpt":{"rendered":"<p>Kyjev vyzval \u010dleny bloku k p\u0159\u00edm\u00e9mu financov\u00e1n\u00ed arm\u00e1dy zem\u011b Ukrajina navrhla, aby \u010dlensk\u00e9 st\u00e1ty EU&#8230;<\/p>\n","protected":false},"author":2,"featured_media":13226,"comment_status":"closed","ping_status":"closed","sticky":false,"template":"","format":"standard","meta":[],"categories":[7],"tags":[41,2718,90,26],"_links":{"self":[{"href":"https:\/\/www.infokuryr.cz\/n\/wp-json\/wp\/v2\/posts\/79463"}],"collection":[{"href":"https:\/\/www.infokuryr.cz\/n\/wp-json\/wp\/v2\/posts"}],"about":[{"href":"https:\/\/www.infokuryr.cz\/n\/wp-json\/wp\/v2\/types\/post"}],"author":[{"embeddable":true,"href":"https:\/\/www.infokuryr.cz\/n\/wp-json\/wp\/v2\/users\/2"}],"replies":[{"embeddable":true,"href":"https:\/\/www.infokuryr.cz\/n\/wp-json\/wp\/v2\/comments?post=79463"}],"version-history":[{"count":0,"href":"https:\/\/www.infokuryr.cz\/n\/wp-json\/wp\/v2\/posts\/79463\/revisions"}],"wp:featuredmedia":[{"embeddable":true,"href":"https:\/\/www.infokuryr.cz\/n\/wp-json\/wp\/v2\/media\/13226"}],"wp:attachment":[{"href":"https:\/\/www.infokuryr.cz\/n\/wp-json\/wp\/v2\/media?parent=79463"}],"wp:term":[{"taxonomy":"category","embeddable":true,"href":"https:\/\/www.infokuryr.cz\/n\/wp-json\/wp\/v2\/categories?post=79463"},{"taxonomy":"post_tag","embeddable":true,"href":"https:\/\/www.infokuryr.cz\/n\/wp-json\/wp\/v2\/tags?post=79463"}],"curies":[{"name":"wp","href":"https:\/\/api.w.org\/{rel}","templated":true}]}}