{"id":79429,"date":"2025-05-23T00:16:44","date_gmt":"2025-05-22T22:16:44","guid":{"rendered":"https:\/\/www.infokuryr.cz\/n\/?p=79429"},"modified":"2025-05-22T13:18:30","modified_gmt":"2025-05-22T11:18:30","slug":"jindrich-kulhavy-neco-o-prestizi","status":"publish","type":"post","link":"https:\/\/www.infokuryr.cz\/n\/2025\/05\/23\/jindrich-kulhavy-neco-o-prestizi\/","title":{"rendered":"Jind\u0159ich Kulhav\u00fd: N\u011bco o presti\u017ei"},"content":{"rendered":"<div id=\"fb-root\"><\/div>\n<p><strong><span class=\"anotation\">Ned\u00e1vno prob\u00edhala prvn\u00ed jedn\u00e1n\u00ed mezi ruskou a ukrajinskou reprezentac\u00ed o d\u011bn\u00ed na Ukrajin\u011b. Zat\u00edmco kyjevsk\u00fd dikt\u00e1tor sed\u011bl v\u00a0Istanbulu a \u010dekal na p\u0159\u00edlet Rus\u016f, p\u0159i\u010dem\u017e doufal v\u00a0p\u0159\u00edlet Putina, ten v\u00a0klidu sed\u011bl ve sv\u00e9 pracovn\u011b a \u0159e\u0161il st\u00e1tn\u00ed rusk\u00e9 probl\u00e9my. N\u00e1\u0161 ministr zahrani\u010d\u00ed Lipavsk\u00fd jej za to nazval zbab\u011blcem neochotn\u00fdm pod\u00edvat se Zelensk\u00e9mu do o\u010d\u00ed. Nikdo nebyl tak daleko od pravdy, jako n\u00e1\u0161 diplomatick\u00fd el\u00e9v.<\/span><\/strong><\/p>\n<div id=\"pagetext\">\n<p>\u00a0 P\u0159istane li na n\u011bkter\u00e9m ze sv\u011btov\u00fdch leti\u0161\u0165 Force One, p\u0159\u00edpadn\u011b rusk\u00fd \u010di \u010d\u00ednsk\u00fd speci\u00e1l s\u00a0hlavou st\u00e1tu, je kolem toho v\u00a0jak\u00e9koliv zemi okam\u017eit\u011b p\u011bkn\u00e9 hem\u017een\u00ed. Bez sebemen\u0161\u00edch pochybnost\u00ed je jim poskytnut pln\u00fd servis a u sch\u016fdk\u016f dole \u010dek\u00e1 tyto VIP osoby z\u00e1stup d\u016fle\u017eit\u00fdch \u010dinitel\u016f. Jsou p\u0159ipravena jedn\u00e1n\u00ed v\u00a0honosn\u00fdch s\u00eddlech, v\u00a0pozoru stoj\u00ed stovky lid\u00ed, bezpe\u010dnostn\u00ed opat\u0159en\u00ed p\u0159ipom\u00ednaj\u00ed p\u0159\u00edpravu na malou lok\u00e1ln\u00ed v\u00e1lku. Tyto leteck\u00e9 speci\u00e1ly \u010dasto doprov\u00e1z\u00ed st\u00edhac\u00ed letouny, v\u00a0m\u00edst\u011b d\u011bn\u00ed pot\u00e9 pracuj\u00ed naplno ochranky a jsou v\u00a0pohotovosti bezpe\u010dnostn\u00ed slo\u017eky. Podobn\u00e9 to je p\u0159i n\u00e1v\u0161t\u011bv\u00e1ch i dal\u0161\u00edch politick\u00fdch elit, nap\u0159\u00edklad u ministr\u016f zahrani\u010d\u00ed, by\u0165 tam u\u017e je to o pozn\u00e1n\u00ed s\u00a0men\u0161\u00ed pozornost\u00ed.<\/p>\n<p>Ve stejn\u00e9 situaci uvid\u00edme rozd\u00edl, p\u016fjde li o prezidenty m\u00e9n\u011b v\u00fdznamn\u00fdch zem\u00ed. Petr Pavel m\u016f\u017ee sv\u00fdm speci\u00e1lem, o kter\u00fd se d\u011bl\u00ed s\u00a0vl\u00e1dou, p\u0159edsedy parlamentn\u00edch komor a dal\u0161\u00edmi p\u0159\u00ed\u0161tipk\u00e1\u0159i p\u0159ist\u00e1vat kdekoliv, ale v\u0161imne si toho podstatn\u011b m\u00e9n\u011b lid\u00ed. U dal\u0161\u00edch na\u0161ich p\u0159edstavitel\u016f je pravd\u011bpodobn\u00e9, \u017ee je na leti\u0161ti kdesi p\u0159iv\u00edt\u00e1 ukl\u00edze\u010dka na leti\u0161ti. Jist\u011b, t\u00e9m\u011b\u0159 v\u017edy je n\u011bkdo ur\u010den k\u00a0uv\u00edt\u00e1n\u00ed, nicm\u00e9n\u011b se ob\u010das stane, \u017ee zapomenou v\u0161ichni a na\u0161e politick\u00e1 elita si p\u0159ipad\u00e1 jako p\u0159i p\u0159ist\u00e1n\u00ed v\u00a0dovolenkov\u00e9 destinaci. Kdyby cht\u011bl moment\u00e1ln\u011b Lipavsk\u00fd nav\u0161t\u00edvit Moskvu, Peking nebo Washington, asi by tam st\u00e1l u v\u00fdchodu man\u00edk s\u00a0cedul\u00ed Lip\u00e1nek. Nic v\u00edce.<\/p>\n<p>Zelenskyj proslul sv\u00fdmi \u017eebrac\u00edmi misemi a v\u00edt\u00e1n s\u00a0pompou je jen tam, kde funguje jako prodlou\u017een\u00e1 ruka liber\u00e1ln\u00edch z\u00e1jm\u016f. Ve Francii \u010di ve Velk\u00e9 Brit\u00e1nii se mu dost\u00e1v\u00e1 mo\u017en\u00e1 poct druho\u0159ad\u00e9ho prezidenta (Petr Pavel by byl a\u017e ve t\u0159et\u00ed lajn\u011b), ale v\u00a0USA byl z\u00a0B\u00edl\u00e9ho domu vyprov\u00e1zen pravd\u011bpodobn\u011b recep\u010dn\u00ed. Ani v\u00a0Istanbulu, kde naivn\u011b \u010dekal na rusk\u00e9ho prezidenta, si ho nikdo nev\u0161\u00edmal o odlet\u011bl v\u00a0podstat\u011b nik\u00fdm neregistrov\u00e1n. V jeho sebest\u0159ednosti mu uniklo, \u017ee rusk\u00e1 hlava st\u00e1tu je n\u011bk\u00fdm, jeho\u017e program je pe\u010dliv\u011b pl\u00e1nov\u00e1n, bezpe\u010dnost je nade v\u0161e a sch\u00e1z\u00ed se jen s\u00a0t\u00edm, koho pova\u017euje za d\u016fle\u017eit\u00e9ho. T\u00edm proz\u00e1padn\u00ed loutka nech\u00e1paj\u00edc\u00ed jistou sv\u011btovou hierarchii prost\u011b nen\u00ed.<\/p>\n<p>Velkohub\u00fd ukrajinsk\u00fd prezident po platnosti mand\u00e1tu se sv\u00fdmi \u0159e\u010dmi a pr\u00e1zdn\u00fdmi gesty dostal mo\u017enost p\u0159esv\u011bd\u010dit osobn\u011b Trumpa o pot\u0159eb\u011b spolupr\u00e1ce, byl vyhozen a americk\u00fd viceprezident Vance ho se\u0159val jako psa. Vladim\u00edr Putin tedy bude jen t\u011b\u017eko za n\u00edm l\u00e9tat po sv\u011bt\u011b a radit se s\u00a0n\u00edm o tom, jak m\u00e1 d\u00e1le postupovat v\u00a0konfliktu na Ukrajin\u011b. Pokud Zelenskyj, Lipavsk\u00fd \u010di m\u00e9dia nevn\u00edmaj\u00ed rozd\u00edl mezi Ukrajinou a Ruskem, je to jejich probl\u00e9m. V\u00a0Moskv\u011b to berou jinak a mnohem citliv\u011bji. Presti\u017e Putina je ston\u00e1sobn\u011b v\u011bt\u0161\u00ed ne\u017e b\u00fdval\u00e9ho klauna Zelensk\u00e9ho l\u00e9taj\u00edc\u00edho po sv\u011bt\u011b s\u00a0nata\u017eenou rukou. To Rusko odol\u00e1v\u00e1 x bal\u00ed\u010dk\u016fm sankc\u00ed, v\u00a0dob\u011b ukrajinsk\u00e9 krize spoluzalo\u017eilo BRICS a ve velk\u00e9m obchoduje s\u00a0p\u016flkou sv\u011bta, p\u0159edev\u0161\u00edm s\u00a0\u010c\u00ednou a Indi\u00ed, tedy nejlidnat\u011bj\u0161\u00edmi st\u00e1ty. A Putin si vol\u00e1 2 hodiny s\u00a0Trumpem, p\u0159i\u010dem\u017e na to \u010dek\u00e1 cel\u00fd sv\u011bt.<\/p>\n<p>Abychom p\u0159ibl\u00ed\u017eili je\u0161t\u011b diplomatick\u00fd v\u00fdznam, p\u0159ipome\u0148me si v\u011bt\u0161inu spole\u010dn\u00fdch fotografi\u00ed p\u0159edstavitel\u016f EU. Lipavsk\u00fd i Fiala b\u00fdvaj\u00ed v\u017edy n\u011bkde v\u00a0posledn\u00ed \u0159ad\u011b v\u00a0rohu. To nen\u00ed n\u00e1hoda, jde o re\u00e1ln\u00fd stav a nulovou d\u016fle\u017eitost na\u0161ich papal\u00e1\u0161\u016f ve\u00a0sv\u011btov\u00e9m d\u011bn\u00ed. Aby si jich n\u011bkdo v\u0161imnul, mus\u00ed st\u00e1t v\u00a0hlubok\u00e9m p\u0159edklonu, p\u0159\u00edpadn\u011b d\u011blat n\u011bco extravagantn\u00edho. Nap\u0159\u00edklad sed\u0159\u00edt k\u016f\u017ei s\u00a0\u010desk\u00e9ho n\u00e1roda jen proto, aby mohli na Ukrajinu pos\u00edlat n\u00e1boje. Nebo vyz\u00fdvat k\u00a0v\u00e1lce s\u00a0Ruskem, ani\u017e bychom m\u011bli arm\u00e1du schopnou pomoci aspo\u0148 p\u0159i p\u0159\u00edrodn\u00edch katastrof\u00e1ch u n\u00e1s doma. Nicotnost Fialy, Lipavsk\u00e9ho a dal\u0161\u00edch \u00fastavn\u00edch \u010dinitel\u016f je a\u017e stra\u0161ideln\u00e1 a pr\u00e1vo vyjad\u0159ovat se k\u00a0mezin\u00e1rodn\u00edmu d\u011bn\u00ed p\u0159i pohledu na nepo\u0159\u00e1dek u n\u00e1s v\u00a0republice je nulov\u00e9.<\/p>\n<p>Pokud tedy Kreml \u010di Peking pova\u017euj\u00ed Prahu za nep\u0159\u00edtele, je to jen proto, \u017ee Pavel, Fiala, Lipavsk\u00fd a p\u00e1r ma\u0161kar z\u00a0politick\u00e9ho \u010di um\u011bleck\u00e9ho d\u011bn\u00ed \u0159ve natolik nahlas, \u017ee to za zdmi Kremlu \u010di a\u017e v \u010c\u00edn\u011b sly\u0161\u00ed. Jinak n\u00e1s ani neregistruj\u00ed. A a\u017e se znovu bude l\u00e1mat n\u011bjak\u00fd chleba, dozv\u00edme se, jak\u00e9 to bude m\u00edt neblah\u00e9 d\u016fsledky. Jist\u00e9 je, \u017ee u\u017e nikoho nezaj\u00edm\u00e1me a Zelenskyj na tom bude brzy podobn\u011b. Amen.<\/p>\n<p><a href=\"https:\/\/www.inadhled.live\/uvaha-dne\/neco-o-prestizi\/\">Jind\u0159ich Kulhav\u00fd<\/a><\/p>\n<p><img decoding=\"async\" loading=\"lazy\" class=\"alignnone size-full wp-image-48136\" src=\"http:\/\/www.infokuryr.cz\/n\/wp-content\/uploads\/2024\/02\/kulhavy-jindrich.jpg\" alt=\"\" width=\"219\" height=\"221\" srcset=\"https:\/\/www.infokuryr.cz\/n\/wp-content\/uploads\/2024\/02\/kulhavy-jindrich.jpg 219w, https:\/\/www.infokuryr.cz\/n\/wp-content\/uploads\/2024\/02\/kulhavy-jindrich-150x150.jpg 150w\" sizes=\"(max-width: 219px) 100vw, 219px\" \/><\/p>\n<p>&nbsp;<\/p>\n<\/div>\n","protected":false},"excerpt":{"rendered":"<p>Ned\u00e1vno prob\u00edhala prvn\u00ed jedn\u00e1n\u00ed mezi ruskou a ukrajinskou reprezentac\u00ed o d\u011bn\u00ed na Ukrajin\u011b. Zat\u00edmco kyjevsk\u00fd&#8230;<\/p>\n","protected":false},"author":2,"featured_media":79430,"comment_status":"closed","ping_status":"closed","sticky":false,"template":"","format":"standard","meta":[],"categories":[6],"tags":[1503,35,9167,1000],"_links":{"self":[{"href":"https:\/\/www.infokuryr.cz\/n\/wp-json\/wp\/v2\/posts\/79429"}],"collection":[{"href":"https:\/\/www.infokuryr.cz\/n\/wp-json\/wp\/v2\/posts"}],"about":[{"href":"https:\/\/www.infokuryr.cz\/n\/wp-json\/wp\/v2\/types\/post"}],"author":[{"embeddable":true,"href":"https:\/\/www.infokuryr.cz\/n\/wp-json\/wp\/v2\/users\/2"}],"replies":[{"embeddable":true,"href":"https:\/\/www.infokuryr.cz\/n\/wp-json\/wp\/v2\/comments?post=79429"}],"version-history":[{"count":0,"href":"https:\/\/www.infokuryr.cz\/n\/wp-json\/wp\/v2\/posts\/79429\/revisions"}],"wp:featuredmedia":[{"embeddable":true,"href":"https:\/\/www.infokuryr.cz\/n\/wp-json\/wp\/v2\/media\/79430"}],"wp:attachment":[{"href":"https:\/\/www.infokuryr.cz\/n\/wp-json\/wp\/v2\/media?parent=79429"}],"wp:term":[{"taxonomy":"category","embeddable":true,"href":"https:\/\/www.infokuryr.cz\/n\/wp-json\/wp\/v2\/categories?post=79429"},{"taxonomy":"post_tag","embeddable":true,"href":"https:\/\/www.infokuryr.cz\/n\/wp-json\/wp\/v2\/tags?post=79429"}],"curies":[{"name":"wp","href":"https:\/\/api.w.org\/{rel}","templated":true}]}}