{"id":79427,"date":"2025-05-23T00:13:59","date_gmt":"2025-05-22T22:13:59","guid":{"rendered":"https:\/\/www.infokuryr.cz\/n\/?p=79427"},"modified":"2025-05-22T13:15:33","modified_gmt":"2025-05-22T11:15:33","slug":"rakusanova-policie-uz-otevrene-likviduje-opozici-a-nezastavi-se-ani-pred-nemocnou-zenou","status":"publish","type":"post","link":"https:\/\/www.infokuryr.cz\/n\/2025\/05\/23\/rakusanova-policie-uz-otevrene-likviduje-opozici-a-nezastavi-se-ani-pred-nemocnou-zenou\/","title":{"rendered":"Raku\u0161anova policie u\u017e otev\u0159en\u011b likviduje opozici a nezastav\u00ed se ani p\u0159ed nemocnou \u017eenou!"},"content":{"rendered":"<div id=\"fb-root\"><\/div>\n<h4>Nejnov\u011bji to poc\u00edtila tajemnice SPD, kterou strana zmocnila k zastupov\u00e1n\u00ed v trestn\u00ed kauze \u201echirurg z dovozu\u201c. Byla p\u0159edvol\u00e1na na v\u00fdslech, kter\u00fd ale p\u0159ekazily jej\u00ed zdravotn\u00ed pot\u00ed\u017ee, tak\u017ee si s policisty korektn\u011b domluvila jin\u00fd term\u00edn.<\/h4>\n<div class=\"itemRelMedia col-sm-12\">\n<div class=\"avPlayerWrapper avVideo\">\n<div class=\"avPlayerContainer\">\n<div id=\"AVPlayerID_0_f7aedf53e2ee3fc6faae29ee37f57df7\" class=\"avPlayerBlock\"><iframe loading=\"lazy\" title=\"JoomlaWorks AllVideos Player\" src=\"https:\/\/www.facebook.com\/plugins\/video.php?href=https%3A%2F%2Fwww.facebook.com%2Frajchl.jindrich%2Fvideos%2F996394445896761&amp;show_text=0&amp;width=400\" width=\"400\" height=\"300\" frameborder=\"0\" scrolling=\"no\" allowfullscreen=\"allowfullscreen\" data-mce-fragment=\"1\"><\/iframe><\/div>\n<\/div>\n<\/div>\n<\/div>\n<div class=\"fulltext\">\n<p>Na video mus\u00edte kliknout a na form\u00e1t rozt\u00e1hnout (vpravo dole), nebo kliknout na &#8222;obraz v obraze&#8220; vpravo naho\u0159e.<\/p>\n<p>Pak se ale do\u010dkala n\u00e1v\u0161t\u011bvy policie, kter\u00e1 kontrolovala, zda je v dan\u00fd den skute\u010dn\u011b doma na neschopence. \u201eAby zde uniformovan\u00ed policist\u00e9 chodili prov\u00e1d\u011bt do dom\u00e1cnost\u00ed kontroly neschopenek, to je naprosto nep\u0159ijateln\u00e9,\u201c doplnil minul\u00fd t\u00fdden Fiala.<\/p>\n<p>St\u00e1le nemocn\u00e1 zmocn\u011bnkyn\u011b SPD se nakonec stejn\u011b na policejn\u00ed stanici musela dostavit, v doprovodu uniformovan\u00fdch str\u00e1\u017en\u00edk\u016f, kte\u0159\u00ed si pro ni do\u0161li dom\u016f.<\/p>\n<p>\u201eDnes v dopoledn\u00edch hodin\u00e1ch se na\u0161e hnut\u00ed SPD a jeho zmocn\u011bnkyn\u011b staly ve v\u011bci na\u0161ich plak\u00e1t\u016f ob\u011bt\u00ed praktik vy\u0161et\u0159ovatele, kter\u00e9 si v ni\u010dem nezadaj\u00ed s praktikami St\u00e1tn\u00ed bezpe\u010dnosti v temn\u00fdch komunistick\u00fdch dob\u00e1ch,\u201c p\u00ed\u0161e k tomu hnut\u00ed a pova\u017euje to za politick\u00fd \u00fatok.<\/p>\n<p>\u201eNa\u0161e zmocn\u011bnkyn\u011b je v\u00e1\u017en\u011b nemocn\u00e1 a \u0159\u00e1dn\u011b a v\u010das se omluvila z dne\u0161n\u00edho v\u00fdslechu na policii v\u010detn\u011b potvrzen\u00ed l\u00e9ka\u0159e. Vy\u0161et\u0159ovatel v\u0161ak ni\u010deho nedbal a vyvlekl na\u0161i nemocnou zmocn\u011bnkyni z domu a p\u0159edvedl ji na policejn\u00ed stanici, kde ji omezil na svobod\u011b a donutil ji \u010dekat n\u011bkolik hodin na jej\u00ed v\u00fdslech, kter\u00e9ho nen\u00ed schopn\u00e1. Vy\u0161et\u0159ovatel nedbal jej\u00edho zdravotn\u00edho stavu, nedbal, \u017ee j\u00ed t\u00edm zhor\u0161\u00ed jej\u00ed nemoc, nedejb\u016fh zp\u016fsob\u00ed smrt, nedbal \u017e\u00e1dn\u00fdch jej\u00edch pr\u00e1v, a jasn\u011b tak poru\u0161il paragraf 98 trestn\u00edho \u0159\u00e1du a \u010dl\u00e1nek 8 Listiny z\u00e1kladn\u00edch pr\u00e1v a svobod,\u201c informuje SPD.<\/p>\n<p>K ohro\u017een\u00ed jejich tajemnice na zdrav\u00ed a \u017eivot\u011b podle jejich soudu do\u0161lo hlavn\u011b kv\u016fli tomu, aby se cel\u00e9 vy\u0161et\u0159ov\u00e1n\u00ed stihlo p\u0159ed podzimn\u00edmi volbami. \u201eProto\u017ee sp\u011bch\u00e1 na to, aby na na\u0161e hnut\u00ed SPD kv\u016fli svobod\u011b projevu vyj\u00e1d\u0159en\u00e9 na\u0161imi plak\u00e1ty proti neleg\u00e1ln\u00ed imigraci podal ob\u017ealobu, a pokusil se n\u00e1s tak ileg\u00e1ln\u011b vylou\u010dit z \u00fa\u010dasti ve volb\u00e1ch,\u201c tvrd\u00ed SPD.<\/p>\n<p><a href=\"https:\/\/www.skrytapravda.cz\/z-domova\/2579-rakusanova-policie-uz-otevrene-likviduje-opozici-a-nezastavi-se-ani-pred-nemocnou-zenou\">Petr Pokorn\u00fd<\/a><\/p>\n<p>&nbsp;<\/p>\n<\/div>\n","protected":false},"excerpt":{"rendered":"<p>Nejnov\u011bji to poc\u00edtila tajemnice SPD, kterou strana zmocnila k zastupov\u00e1n\u00ed v trestn\u00ed kauze \u201echirurg z&#8230;<\/p>\n","protected":false},"author":2,"featured_media":20824,"comment_status":"closed","ping_status":"closed","sticky":false,"template":"","format":"standard","meta":[],"categories":[6],"tags":[86,1032,48],"_links":{"self":[{"href":"https:\/\/www.infokuryr.cz\/n\/wp-json\/wp\/v2\/posts\/79427"}],"collection":[{"href":"https:\/\/www.infokuryr.cz\/n\/wp-json\/wp\/v2\/posts"}],"about":[{"href":"https:\/\/www.infokuryr.cz\/n\/wp-json\/wp\/v2\/types\/post"}],"author":[{"embeddable":true,"href":"https:\/\/www.infokuryr.cz\/n\/wp-json\/wp\/v2\/users\/2"}],"replies":[{"embeddable":true,"href":"https:\/\/www.infokuryr.cz\/n\/wp-json\/wp\/v2\/comments?post=79427"}],"version-history":[{"count":1,"href":"https:\/\/www.infokuryr.cz\/n\/wp-json\/wp\/v2\/posts\/79427\/revisions"}],"predecessor-version":[{"id":79428,"href":"https:\/\/www.infokuryr.cz\/n\/wp-json\/wp\/v2\/posts\/79427\/revisions\/79428"}],"wp:featuredmedia":[{"embeddable":true,"href":"https:\/\/www.infokuryr.cz\/n\/wp-json\/wp\/v2\/media\/20824"}],"wp:attachment":[{"href":"https:\/\/www.infokuryr.cz\/n\/wp-json\/wp\/v2\/media?parent=79427"}],"wp:term":[{"taxonomy":"category","embeddable":true,"href":"https:\/\/www.infokuryr.cz\/n\/wp-json\/wp\/v2\/categories?post=79427"},{"taxonomy":"post_tag","embeddable":true,"href":"https:\/\/www.infokuryr.cz\/n\/wp-json\/wp\/v2\/tags?post=79427"}],"curies":[{"name":"wp","href":"https:\/\/api.w.org\/{rel}","templated":true}]}}