{"id":79414,"date":"2025-05-23T00:18:20","date_gmt":"2025-05-22T22:18:20","guid":{"rendered":"https:\/\/www.infokuryr.cz\/n\/?p=79414"},"modified":"2025-05-22T13:23:58","modified_gmt":"2025-05-22T11:23:58","slug":"umlcovani-oficialni-zpravy-ukazuji-jak-zapadni-vlady-tolerovaly-umrti-v-dusledku-ockovani","status":"publish","type":"post","link":"https:\/\/www.infokuryr.cz\/n\/2025\/05\/23\/umlcovani-oficialni-zpravy-ukazuji-jak-zapadni-vlady-tolerovaly-umrti-v-dusledku-ockovani\/","title":{"rendered":"Uml\u010dov\u00e1n\u00ed \u2013 ofici\u00e1ln\u00ed zpr\u00e1vy ukazuj\u00ed, jak z\u00e1padn\u00ed vl\u00e1dy tolerovaly \u00famrt\u00ed v d\u016fsledku o\u010dkov\u00e1n\u00ed"},"content":{"rendered":"<div id=\"fb-root\"><\/div>\n<h3><strong>Od prevence k utajov\u00e1n\u00ed: Potla\u010den\u00e1 odpov\u011bdnost zdravotnick\u00fdch syst\u00e9m\u016f<\/strong><\/h3>\n<p>Kdy\u017e na ja\u0159e 2021 za\u010daly glob\u00e1ln\u00ed o\u010dkovac\u00ed kampan\u011b proti COVID-19, politici, m\u00e9dia a \u00fa\u0159ady jednomysln\u011b hovo\u0159ili o \u201eneexistenci alternativn\u00edho\u201c \u0159e\u0161en\u00ed pandemie. Technologie mRNA byla oslavov\u00e1na, kritici han\u011bni. Nyn\u00ed se uk\u00e1zalo, \u017ee\u00a0<strong>odpov\u011bdn\u00e9 org\u00e1ny v\u011bd\u011bly o z\u00e1va\u017en\u00fdch vedlej\u0161\u00edch \u00fa\u010dinc\u00edch a \u00famrt\u00edch velmi brzy \u2013 a nic neud\u011blaly.<\/strong>\u00a0Nov\u00e1 odhalen\u00ed z Kanady a USA potvrzuj\u00ed to, co se ji\u017e dlouho p\u0159edpokl\u00e1dalo:\u00a0<strong>\u00famrt\u00ed byla pl\u00e1nov\u00e1na.<\/strong><\/p>\n<h3 class=\"wp-block-heading\">Kanada: Skand\u00e1l s varov\u00e1n\u00edm<\/h3>\n<p>V\u00fdbu\u0161n\u00fd\u00a0<a href=\"https:\/\/scoopsmcgoo.substack.com\/p\/phac-300-is-too-many-deaths-to-investigate\" target=\"_blank\" rel=\"noreferrer noopener\" data-type=\"link\" data-id=\"https:\/\/scoopsmcgoo.substack.com\/p\/phac-300-is-too-many-deaths-to-investigate\">\u010dl\u00e1nek Scoops McGoo na Substacku<\/a>\u00a0je\u00a0<em>zalo\u017een<\/em>\u00a0na v\u00edce ne\u017e 2 000 stran\u00e1ch intern\u00edch dokument\u016f\u00a0<strong>Kanadsk\u00e9 agentury pro ve\u0159ejn\u00e9 zdrav\u00ed (PHAC),<\/strong>\u00a0kter\u00e9 byly zve\u0159ejn\u011bny na z\u00e1klad\u011b \u017e\u00e1dosti o svobodn\u00fd p\u0159\u00edstup k informac\u00edm. Intern\u00ed e-maily ukazuj\u00ed, \u017ee bylo zn\u00e1mo v\u00edce ne\u017e\u00a0<strong>300 \u00famrt\u00ed po o\u010dkov\u00e1n\u00ed<\/strong>\u00a0\u2013 ale PHAC se rozhodl:<\/p>\n<p><em>\u201e300 \u00famrt\u00ed je p\u0159\u00edli\u0161 mnoho na vy\u0161et\u0159ov\u00e1n\u00ed.\u201c (300 \u00famrt\u00ed je p\u0159\u00edli\u0161 mnoho na vy\u0161et\u0159ov\u00e1n\u00ed)<\/em><\/p>\n<p>Kanadsk\u00e9 \u00fa\u0159ady zjevn\u011b nem\u011bly ani v \u00famyslu,\u00a0<strong>ani v kapacit\u011b<\/strong>\u00a0vy\u0161et\u0159ovat ka\u017ed\u00e9 \u00famrt\u00ed z d\u016fvodu mo\u017en\u00fdch p\u0159\u00ed\u010din souvisej\u00edc\u00edch s o\u010dkov\u00e1n\u00edm. Z\u00e1rove\u0148 byly kritick\u00e9 studie ignorov\u00e1ny nebo odm\u00edt\u00e1ny jako \u201ened\u016fv\u011bryhodn\u00e9\u201c. O\u010dkov\u00e1n\u00ed pokra\u010dovalo v neomezen\u00e9 m\u00ed\u0159e.<\/p>\n<h3 class=\"wp-block-heading\">USA: Vl\u00e1da odlo\u017eila varov\u00e1n\u00ed navzdory riziku \u00famrt\u00ed<\/h3>\n<p>Prozat\u00edmn\u00ed zpr\u00e1va\u00a0<a href=\"https:\/\/nypost.com\/2025\/05\/21\/us-news\/biden-officials-knew-about-downplayed-myocarditis-risks-from-covid-19-vaccines-senate-report-alleges\" target=\"_blank\" rel=\"noreferrer noopener\" data-type=\"link\" data-id=\"https:\/\/nypost.com\/2025\/05\/21\/us-news\/biden-officials-knew-about-downplayed-myocarditis-risks-from-covid-19-vaccines-senate-report-alleges\">zve\u0159ejn\u011bn\u00e1\u00a0<\/a><strong>americk\u00fdm sen\u00e1torem Ronem Johnsonem<\/strong>\u00a021. kv\u011btna 2025 odhaluje, \u017ee vysoc\u00ed feder\u00e1ln\u00ed zdravotn\u00ed \u00fa\u0159edn\u00edci si byli\u00a0<strong>ji\u017e v \u00fanoru 2021 v\u011bdomi v\u00fdrazn\u00e9ho n\u00e1r\u016fstu p\u0159\u00edpad\u016f myokarditidy<\/strong>\u00a0u mlad\u00fdch lid\u00ed, kte\u0159\u00ed dostali vakc\u00ednu Pfizer. Nicm\u00e9n\u011b:<\/p>\n<p><em>Bidenova administrativa po\u010dkala s \u00fapravou ozna\u010dov\u00e1n\u00ed vakc\u00edn a ofici\u00e1ln\u00edm varov\u00e1n\u00edm ve\u0159ejnosti\u00a0<strong>a\u017e do konce \u010dervna 2021 .<\/strong><\/em><\/p>\n<p>Do t\u00e9 doby byly miliony mlad\u00fdch Ameri\u010dan\u016f o\u010dkov\u00e1ny \u2013 navzdory intern\u00edm varov\u00e1n\u00edm CDC a FDA. Podle Johnsonovy zpr\u00e1vy vl\u00e1dn\u00ed \u00fa\u0159edn\u00edci z\u00e1m\u011brn\u011b zvolili \u201enealarmistickou komunikaci\u201c, co\u017e v praxi znamenalo\u00a0<strong>\u017e\u00e1dnou transparentnost, \u017e\u00e1dnou ve\u0159ejnou debatu ani varov\u00e1n\u00ed.<\/strong><\/p>\n<p>Kritici, kte\u0159\u00ed na toto riziko upozornili ji\u017e v ran\u00e9 f\u00e1zi \u2013 nap\u0159\u00edklad l\u00e9ka\u0159ka Dr. Tracy Beth Hoegov\u00e1 \u2013 byli na soci\u00e1ln\u00edch s\u00edt\u00edch cenzurov\u00e1ni nebo ozna\u010deni za dezinformace.<\/p>\n<h3 class=\"wp-block-heading\">Systematick\u00e9 paralely v jin\u00fdch zem\u00edch<\/h3>\n<p>To, co bylo zdokumentov\u00e1no v Kanad\u011b a USA, nen\u00ed\u00a0<strong>ojedin\u011bl\u00fd p\u0159\u00edpad<\/strong>\u00a0. \u010cetn\u00e9 n\u00e1znaky nazna\u010duj\u00ed, \u017ee\u00a0<strong>v\u0161echny z\u00e1padn\u00ed zem\u011b s organizovan\u00fdmi syst\u00e9my zdravotn\u00ed p\u00e9\u010de podobn\u00e9 informace potla\u010dovaly<\/strong>\u00a0. P\u0159ehled:<\/p>\n<h4 class=\"wp-block-heading\"><strong>N\u011bmecko:<\/strong><\/h4>\n<ul>\n<li>Institut\u00a0<strong>Paula Ehrlicha<\/strong>\u00a0hl\u00e1sil tis\u00edce podez\u0159el\u00fdch p\u0159\u00edpad\u016f z\u00e1va\u017en\u00fdch reakc\u00ed na o\u010dkov\u00e1n\u00ed.<\/li>\n<li>Systematick\u00e9 pitvy\u00a0<strong>nebyly zavedeny<\/strong>\u00a0, a to navzdory opakovan\u00fdm po\u017eadavk\u016fm kritick\u00fdch patolog\u016f.<\/li>\n<li>Kritici jako profesor Arne Burkhardt byli ve\u0159ejn\u011b hanobeni, m\u00edsto aby byli vysly\u0161eni.<\/li>\n<\/ul>\n<h4 class=\"wp-block-heading\"><strong>Velk\u00e1 Brit\u00e1nie:<\/strong><\/h4>\n<ul>\n<li>MHRA\u00a0hl\u00e1sila zran\u011bn\u00ed zp\u016fsoben\u00e1 o\u010dkov\u00e1n\u00edm pouze selektivn\u011b\u00a0<strong>.<\/strong><\/li>\n<li>D\u016fkazy o korelaci mezi d\u00e1vkami mRNA a mortalitou byly\u00a0<strong>ignorov\u00e1ny nebo cenzurov\u00e1ny<\/strong>\u00a0.<\/li>\n<li>K otev\u0159en\u00e9 debat\u011b nikdy nedo\u0161lo.<\/li>\n<\/ul>\n<h4 class=\"wp-block-heading\"><strong>Austr\u00e1lie a Nov\u00fd Z\u00e9land:<\/strong><\/h4>\n<ul>\n<li>Povinn\u00e9 o\u010dkov\u00e1n\u00ed i pro dosp\u00edvaj\u00edc\u00ed a t\u011bhotn\u00e9 \u017eeny.<\/li>\n<li><strong>L\u00e9ka\u0159i, kte\u0159\u00ed hl\u00e1sili zran\u011bn\u00ed zp\u016fsoben\u00e1 o\u010dkov\u00e1n\u00edm, byli pron\u00e1sledov\u00e1ni nebo uml\u010dov\u00e1ni.<\/strong><\/li>\n<li>Ve\u0159ejn\u00e1 kritika byla prakticky nemo\u017en\u00e1 bez rizika odvetn\u00fdch opat\u0159en\u00ed.<\/li>\n<\/ul>\n<h4 class=\"wp-block-heading\"><strong>Francie, It\u00e1lie, \u0160pan\u011blsko, Nizozemsko, Skandin\u00e1vie:<\/strong><\/h4>\n<ul>\n<li>Stejn\u00fd vzorec v\u0161ude:\u00a0<strong>vysok\u00fd tlak na o\u010dkov\u00e1n\u00ed<\/strong>\u00a0, ale\u00a0<strong>\u017e\u00e1dn\u00e1 systematick\u00e1 strategie pitvy<\/strong>\u00a0.<\/li>\n<li>Kritici byli ozna\u010deni za \u201ekonspira\u010dn\u00ed teoretiky\u201c, p\u0159esto\u017ee data z praxe vys\u00edlala varovn\u00e9 sign\u00e1ly.<\/li>\n<\/ul>\n<h3 class=\"wp-block-heading\">Zorganizovan\u00e9 ticho<\/h3>\n<p>D\u016fkazy mluv\u00ed samy za sebe. Z\u00e1padn\u00ed st\u00e1ty\u00a0<strong>nap\u0159\u00ed\u010d hranicemi<\/strong>\u00a0prosazovaly politiku naprost\u00e9 identifikace s o\u010dkovac\u00ed kampan\u00ed. Rizika byla bagatelizov\u00e1na a \u0161kody doslova ututl\u00e1ny. Mnoho ob\u010dan\u016f bylo de facto nuceno nechat se o\u010dkovat kv\u016fli spole\u010densk\u00e9mu, profesn\u00edmu nebo mor\u00e1ln\u00edmu tlaku.\u00a0<strong>A kdy\u017e p\u0159i\u0161la prvn\u00ed \u00famrt\u00ed, lid\u00e9 odvr\u00e1tili zrak.<\/strong><\/p>\n<p>Nejedn\u00e1 se o \u201epolitov\u00e1n\u00edhodn\u00e9 ojedin\u011bl\u00e9 p\u0159\u00edpady\u201c. Jde o\u00a0<strong>kolaps zdravotnick\u00e9ho syst\u00e9mu<\/strong>\u00a0, doprov\u00e1zen\u00fd politickou nezodpov\u011bdnost\u00ed a spoluvinou m\u00e9di\u00ed.<\/p>\n<h3 class=\"wp-block-heading\">Zdroje (v\u00fdb\u011br):<\/h3>\n<ol>\n<li><strong>Kanada (dokumenty PHAC p\u0159es Substack):<\/strong><br \/>\n<a href=\"https:\/\/scoopsmcgoo.substack.com\/p\/phac-300-is-too-many-deaths-to-investigate\" target=\"_blank\" rel=\"noreferrer noopener\">https:\/\/scoopsmcgoo.substack.com\/p\/phac-300-is-too-many-deaths-to-investigate<\/a><\/li>\n<li><strong>Zve\u0159ejn\u011bn\u00ed \u00fadaj\u016f spole\u010dnost\u00ed Pfizer na z\u00e1klad\u011b soudn\u00edho p\u0159\u00edkazu (USA):<\/strong><br \/>\n<a href=\"https:\/\/phmpt.org\/pfizers-documents\/\" target=\"_blank\" rel=\"noreferrer noopener\">https:\/\/phmpt.org\/pfizers-documents\/<\/a><\/li>\n<li><strong>Datab\u00e1ze VAERS (USA):<\/strong><br \/>\n<a href=\"https:\/\/vaers.hhs.gov\/data.html\" target=\"_blank\" rel=\"noreferrer noopener\">https:\/\/vaers.hhs.gov\/data.html<\/a><\/li>\n<li><strong>Datab\u00e1ze podez\u0159el\u00fdch p\u0159\u00edpad\u016f Institutu Paula Ehrlicha (N\u011bmecko):<\/strong><br \/>\n<a href=\"https:\/\/nebenwirkungen.bund.de\/\" target=\"_blank\" rel=\"noreferrer noopener\">https:\/\/nebenwirkungen.bund.de<\/a><\/li>\n<li><strong>Syst\u00e9m \u017elut\u00fdch karet MHRA (Spojen\u00e9 kr\u00e1lovstv\u00ed):<\/strong><br \/>\n<a href=\"https:\/\/yellowcard.mhra.gov.uk\/\" target=\"_blank\" rel=\"noreferrer noopener\">https:\/\/yellowcard.mhra.gov.uk<\/a><\/li>\n<li><strong>Studie Clevelandsk\u00e9 kliniky o m\u00ed\u0159e infekce vs. d\u00e1vk\u00e1ch vakc\u00edny:<\/strong><br \/>\n<a href=\"https:\/\/www.medrxiv.org\/content\/10.1101\/2022.12.17.22283603v1\" target=\"_blank\" rel=\"noreferrer noopener\">https:\/\/www.medrxiv.org\/content\/10.1101\/2022.12.17.22283603v1<\/a><\/li>\n<li><strong>Glob\u00e1ln\u00ed v\u00fdzkum \u00fadaj\u016f o o\u010dkov\u00e1n\u00ed v Kanad\u011b:<\/strong><br \/>\n<a href=\"https:\/\/www.globalresearch.ca\/phac-2000-pages-covid-vaccine-internal-reports-emails-released-canadian-health-agency\/5885000\" target=\"_blank\" rel=\"noreferrer noopener\">https:\/\/www.globalresearch.ca\/phac-2000-pages-covid-vaccine-internal-reports-emails-released-canadian-health-agency\/5885000<\/a><\/li>\n<\/ol>\n<p>&nbsp;<\/p>\n","protected":false},"excerpt":{"rendered":"<p>Od prevence k utajov\u00e1n\u00ed: Potla\u010den\u00e1 odpov\u011bdnost zdravotnick\u00fdch syst\u00e9m\u016f Kdy\u017e na ja\u0159e 2021 za\u010daly glob\u00e1ln\u00ed o\u010dkovac\u00ed&#8230;<\/p>\n","protected":false},"author":2,"featured_media":1978,"comment_status":"closed","ping_status":"closed","sticky":false,"template":"","format":"standard","meta":[],"categories":[7],"tags":[63,3949,213,523,651,2452],"_links":{"self":[{"href":"https:\/\/www.infokuryr.cz\/n\/wp-json\/wp\/v2\/posts\/79414"}],"collection":[{"href":"https:\/\/www.infokuryr.cz\/n\/wp-json\/wp\/v2\/posts"}],"about":[{"href":"https:\/\/www.infokuryr.cz\/n\/wp-json\/wp\/v2\/types\/post"}],"author":[{"embeddable":true,"href":"https:\/\/www.infokuryr.cz\/n\/wp-json\/wp\/v2\/users\/2"}],"replies":[{"embeddable":true,"href":"https:\/\/www.infokuryr.cz\/n\/wp-json\/wp\/v2\/comments?post=79414"}],"version-history":[{"count":0,"href":"https:\/\/www.infokuryr.cz\/n\/wp-json\/wp\/v2\/posts\/79414\/revisions"}],"wp:featuredmedia":[{"embeddable":true,"href":"https:\/\/www.infokuryr.cz\/n\/wp-json\/wp\/v2\/media\/1978"}],"wp:attachment":[{"href":"https:\/\/www.infokuryr.cz\/n\/wp-json\/wp\/v2\/media?parent=79414"}],"wp:term":[{"taxonomy":"category","embeddable":true,"href":"https:\/\/www.infokuryr.cz\/n\/wp-json\/wp\/v2\/categories?post=79414"},{"taxonomy":"post_tag","embeddable":true,"href":"https:\/\/www.infokuryr.cz\/n\/wp-json\/wp\/v2\/tags?post=79414"}],"curies":[{"name":"wp","href":"https:\/\/api.w.org\/{rel}","templated":true}]}}