{"id":79387,"date":"2025-05-22T06:00:46","date_gmt":"2025-05-22T04:00:46","guid":{"rendered":"https:\/\/www.infokuryr.cz\/n\/?p=79387"},"modified":"2025-05-22T06:01:00","modified_gmt":"2025-05-22T04:01:00","slug":"miroslav-kavij-prezident-kteremu-vadi-demokracie-to-je-agent-pavek","status":"publish","type":"post","link":"https:\/\/www.infokuryr.cz\/n\/2025\/05\/22\/miroslav-kavij-prezident-kteremu-vadi-demokracie-to-je-agent-pavek\/","title":{"rendered":"Miroslav Kavij: Prezident, kter\u00e9mu vad\u00ed demokracie \u2013 to je agent P\u00e1vek"},"content":{"rendered":"<div id=\"fb-root\"><\/div>\n<p>Tak se n\u00e1m Petr Pavel op\u011bt\u00a0 p\u0159ipomn\u011bl. Z\u0159ejm\u011b \u00a0v s\u00edl\u00edc\u00ed obav\u011b, \u017ee volby pro sou\u010dasnou\u00a0\u00a0vl\u00e1dn\u00ed Fialovu sebranku \u00a0mohou skon\u010dit fiaskem a\u00a0 k z\u00e1chran\u011b p\u0159ed \u201epopulisty\u201c \u00a0nepom\u016f\u017ee ani n\u011bkolik set tis\u00edc \u00a0cinknut\u00fdch koresponden\u010dn\u00edch hlas\u016f ze zahrani\u010d\u00ed, \u00a0p\u0159ich\u00e1z\u00ed s \u00favahy na z\u00e1klad\u011b jak\u00fdch krit\u00e9ri\u00ed jmenuje (nejmenuje) ministry\u00a0 p\u0159\u00ed\u0161t\u00ed vl\u00e1dy.<\/p>\n<p>P\u00e1vek tak ani po v\u00edce ne\u017e dvou letech nep\u0159in\u00e1\u0161\u00ed do sv\u00e9ho \u00fa\u0159adu slibovan\u00fd \u0159\u00e1d a klid, co\u017e byl slogan, kter\u00fdm zmanipuloval podstatnou \u010d\u00e1st sv\u00fdch d\u0159\u00edv\u011bj\u0161\u00edch voli\u010d\u016f. Naopak\u00a0 d\u00e1v\u00e1 na rady sv\u00e9ho loutkovodi\u010de\u00a0 a poradce Kol\u00e1\u0159e, kter\u00fd dodnes marn\u011b t\u00e1pe jak\u00fd postoj m\u00e1 zaujmout k americk\u00e9mu prezidentovi Trumpovi.<\/p>\n<p>Petr Pavel pon\u011bkud rychle (nebo snad z\u00e1m\u011brn\u011b) sv\u00fdm prohl\u00e1\u0161en\u00edm, \u017ee po volb\u00e1ch do nov\u00e9 vl\u00e1dy nemus\u00ed jmenovat ty kandid\u00e1ty na ministry , kte\u0159\u00ed podle jeho n\u00e1zoru nebudou razit linii setrv\u00e1n\u00ed \u010cR v\u00a0NATO a v EU,\u00a0 zapomn\u011bl \u00a0jak dopadl ex prezident Zeman se sv\u00fdmi v\u00fdhradami k\u00a0jmenov\u00e1n\u00ed \u201eLip\u00e1nka\u201c ministrem zahrani\u010d\u00ed.<\/p>\n<p>Agent P\u00e1vek dodnes poznamen\u00e1n mladickou nerozv\u00e1\u017enost\u00ed\u00a0 mo\u017en\u00e1\u00a0 dodnes nev\u00ed, neuv\u011bdomuje si, \u017ee o vstupu \u010cR do NATO se tehdej\u0161\u00ed vl\u00e1da ob\u010dan\u016f neptala, co\u017e je docela skand\u00e1ln\u00ed vzhledem ke zlo\u010dinn\u00e9mu kon\u00e1n\u00ed\u00a0 NATO proti m\u00edru a sou\u017eit\u00ed n\u00e1rod\u016f.<\/p>\n<p>PePa nikdy demokrat nebude a prezidentem v\u0161ech ob\u010dan\u016f u\u017e v\u016fbec ne. Zvolen\u00ed agenta P\u00e1vka prezidentem byla ve skute\u010dnosti\u00a0 volbou mor\u00e1ln\u00edho zpustl\u00edka v politick\u00e9 sout\u011b\u017ei Vol\u00edm men\u0161\u00ed zlo. M\u00e1-li tu drzost n\u011bco podobn\u00e9ho prohla\u0161ovat, a\u0165 se zasad\u00ed o referendum o setrv\u00e1n\u00ed \u010cR v NATO , p\u0159\u00edpadn\u011b v EU, kter\u00e1 je prodlou\u017eenou rukou t\u00e9to zlo\u010dineck\u00e9 organizace.<\/p>\n<p>Podobn\u00fdch v\u00fdk\u0159ik\u016f agenta P\u00e1vka a \u010dlen\u016f vl\u00e1dy a\u017e do kon\u00e1n\u00ed parlamentn\u00edch voleb u\u0161et\u0159eni nebudeme.\u00a0\u00a0 Sp\u00ed\u0161e naopak, s vidinou ztr\u00e1ty koryt budeme sv\u011bdky p\u0159ib\u00fdvaj\u00edc\u00edch medi\u00e1ln\u00edch hysteri\u00ed sou\u010dasn\u00e9 vl\u00e1dn\u00ed demolice a \u00a0jejich podporovatele P\u00e1vka, jak n\u00e1m \u00a0p\u0159edvedla ned\u00e1vno sen\u00e1torka MYRKA v televizn\u00edm po\u0159adu \u00a0OVM.<\/p>\n<p>Na z\u00e1v\u011br bych po\u017e\u00e1dal koment\u00e1tora\u00a0 den\u00edku FORUM 24 Jana Jandourka o dal\u0161\u00ed argumenta\u010dn\u011b \u00fadern\u00fd koment\u00e1\u0159\u00a0 k\u00a0m\u00e9mu p\u0159\u00edsp\u011bvku, viz\u00a0\u00a0<a href=\"https:\/\/www.forum24.cz\/komunista-by-chtel-sesadit-petra-pavla-kvuli-udajne-velezrade-ruda-parta-zrazuje-zemi-pres-sto-let\">https:\/\/www.forum24.cz\/komunista-by-chtel-sesadit-petra-pavla-kvuli-udajne-velezrade-ruda-parta-zrazuje-zemi-pres-sto-let<\/a>\u00a0, za co\u017e p\u0159edem d\u011bkuji.<\/p>\n<p><a href=\"https:\/\/www.pokec24.cz\/blog\/prezident-kteremu-vadi-demokracie-to-je-agent-pavek\/\"><em>\u00a0Miroslav Kavij<\/em><\/a><\/p>\n<p>&nbsp;<\/p>\n","protected":false},"excerpt":{"rendered":"<p>Tak se n\u00e1m Petr Pavel op\u011bt\u00a0 p\u0159ipomn\u011bl. Z\u0159ejm\u011b \u00a0v s\u00edl\u00edc\u00ed obav\u011b, \u017ee volby pro sou\u010dasnou\u00a0\u00a0vl\u00e1dn\u00ed&#8230;<\/p>\n","protected":false},"author":2,"featured_media":79388,"comment_status":"closed","ping_status":"closed","sticky":false,"template":"","format":"standard","meta":[],"categories":[6],"tags":[169,1503,3989,1173,122],"_links":{"self":[{"href":"https:\/\/www.infokuryr.cz\/n\/wp-json\/wp\/v2\/posts\/79387"}],"collection":[{"href":"https:\/\/www.infokuryr.cz\/n\/wp-json\/wp\/v2\/posts"}],"about":[{"href":"https:\/\/www.infokuryr.cz\/n\/wp-json\/wp\/v2\/types\/post"}],"author":[{"embeddable":true,"href":"https:\/\/www.infokuryr.cz\/n\/wp-json\/wp\/v2\/users\/2"}],"replies":[{"embeddable":true,"href":"https:\/\/www.infokuryr.cz\/n\/wp-json\/wp\/v2\/comments?post=79387"}],"version-history":[{"count":0,"href":"https:\/\/www.infokuryr.cz\/n\/wp-json\/wp\/v2\/posts\/79387\/revisions"}],"wp:featuredmedia":[{"embeddable":true,"href":"https:\/\/www.infokuryr.cz\/n\/wp-json\/wp\/v2\/media\/79388"}],"wp:attachment":[{"href":"https:\/\/www.infokuryr.cz\/n\/wp-json\/wp\/v2\/media?parent=79387"}],"wp:term":[{"taxonomy":"category","embeddable":true,"href":"https:\/\/www.infokuryr.cz\/n\/wp-json\/wp\/v2\/categories?post=79387"},{"taxonomy":"post_tag","embeddable":true,"href":"https:\/\/www.infokuryr.cz\/n\/wp-json\/wp\/v2\/tags?post=79387"}],"curies":[{"name":"wp","href":"https:\/\/api.w.org\/{rel}","templated":true}]}}