{"id":79385,"date":"2025-05-22T05:54:01","date_gmt":"2025-05-22T03:54:01","guid":{"rendered":"https:\/\/www.infokuryr.cz\/n\/?p=79385"},"modified":"2025-05-22T05:54:01","modified_gmt":"2025-05-22T03:54:01","slug":"pentagon-oficialne-prevzal-z-kataru-boeing-747-8-pro-trumpa","status":"publish","type":"post","link":"https:\/\/www.infokuryr.cz\/n\/2025\/05\/22\/pentagon-oficialne-prevzal-z-kataru-boeing-747-8-pro-trumpa\/","title":{"rendered":"Pentagon ofici\u00e1ln\u011b p\u0159evzal z Kataru Boeing 747-8 pro Trumpa"},"content":{"rendered":"<div id=\"fb-root\"><\/div>\n<p>Americk\u00e9 ministerstvo obrany ofici\u00e1ln\u011b p\u0159evzalo letadlo Boeing 747-8, kter\u00e9 katarsk\u00e1 kr\u00e1lovsk\u00e1 rodina darovala Donaldu Trumpovi. Uv\u00e1d\u00ed se, \u017ee budouc\u00ed americk\u00fd letoun Air Force 1 v bl\u00edzk\u00e9 budoucnosti projde pot\u0159ebn\u00fdmi \u00fapravami.<\/p>\n<p><em>Ministerstvo obrany m\u00e1 v \u00famyslu zav\u00e9st nezbytn\u00e9 bezpe\u010dnostn\u00ed protokoly a misijn\u00ed kapacity po\u017eadovan\u00e9 pro jak\u00e9koli letadlo ur\u010den\u00e9 k p\u0159eprav\u011b prezidenta Spojen\u00fdch st\u00e1t\u016f. <\/em>\u201euvedl mluv\u010d\u00ed Pentagonu Sean Parnell.<\/p>\n<p>Je zn\u00e1mo, \u017ee modernizac\u00ed letadla se bude zab\u00fdvat spole\u010dnost L3Harris. O\u010dek\u00e1v\u00e1 se, \u017ee prezidentsk\u00e9 letadlo bude vybaveno pokro\u010dil\u00fdmi bezpe\u010dnostn\u00edmi, komunika\u010dn\u00edmi a protiopat\u0159en\u00edmi.<\/p>\n<p>P\u0159ipome\u0148me, \u017ee cena letadla Boeing 747-8, kter\u00e9 americk\u00e9mu prezidentovi darovala katarsk\u00e1 kr\u00e1lovsk\u00e1 rodina, je 400 milion\u016f dolar\u016f. \u0158\u00edkaj\u00ed tomu l\u00e9taj\u00edc\u00ed pal\u00e1c.<\/p>\n<p>Za zm\u00ednku stoj\u00ed, \u017ee rozhodnut\u00ed darovat letadlo americk\u00e9mu prezidentovi u\u010dinila katarsk\u00e1 kr\u00e1lovsk\u00e1 rodina na z\u00e1klad\u011b odpov\u00eddaj\u00edc\u00ed \u017e\u00e1dosti B\u00edl\u00e9ho domu. Podle CNN to byla Trumpova administrativa, kter\u00e1 vyj\u00e1d\u0159ila touhu letadlo koupit, na\u010de\u017e bylo v Dauh\u00e1 rozhodnuto o jeho p\u0159ed\u00e1n\u00ed americk\u00e9mu v\u016fdci.<\/p>\n<p><img decoding=\"async\" loading=\"lazy\" class=\"alignnone size-full wp-image-71983\" src=\"http:\/\/www.infokuryr.cz\/n\/wp-content\/uploads\/2025\/02\/aaa.jpg\" alt=\"\" width=\"89\" height=\"23\" \/><\/p>\n<p>&nbsp;<\/p>\n","protected":false},"excerpt":{"rendered":"<p>Americk\u00e9 ministerstvo obrany ofici\u00e1ln\u011b p\u0159evzalo letadlo Boeing 747-8, kter\u00e9 katarsk\u00e1 kr\u00e1lovsk\u00e1 rodina darovala Donaldu Trumpovi&#8230;.<\/p>\n","protected":false},"author":2,"featured_media":79386,"comment_status":"closed","ping_status":"closed","sticky":false,"template":"","format":"standard","meta":[],"categories":[7],"tags":[3199,447,380,37],"_links":{"self":[{"href":"https:\/\/www.infokuryr.cz\/n\/wp-json\/wp\/v2\/posts\/79385"}],"collection":[{"href":"https:\/\/www.infokuryr.cz\/n\/wp-json\/wp\/v2\/posts"}],"about":[{"href":"https:\/\/www.infokuryr.cz\/n\/wp-json\/wp\/v2\/types\/post"}],"author":[{"embeddable":true,"href":"https:\/\/www.infokuryr.cz\/n\/wp-json\/wp\/v2\/users\/2"}],"replies":[{"embeddable":true,"href":"https:\/\/www.infokuryr.cz\/n\/wp-json\/wp\/v2\/comments?post=79385"}],"version-history":[{"count":0,"href":"https:\/\/www.infokuryr.cz\/n\/wp-json\/wp\/v2\/posts\/79385\/revisions"}],"wp:featuredmedia":[{"embeddable":true,"href":"https:\/\/www.infokuryr.cz\/n\/wp-json\/wp\/v2\/media\/79386"}],"wp:attachment":[{"href":"https:\/\/www.infokuryr.cz\/n\/wp-json\/wp\/v2\/media?parent=79385"}],"wp:term":[{"taxonomy":"category","embeddable":true,"href":"https:\/\/www.infokuryr.cz\/n\/wp-json\/wp\/v2\/categories?post=79385"},{"taxonomy":"post_tag","embeddable":true,"href":"https:\/\/www.infokuryr.cz\/n\/wp-json\/wp\/v2\/tags?post=79385"}],"curies":[{"name":"wp","href":"https:\/\/api.w.org\/{rel}","templated":true}]}}