{"id":79382,"date":"2025-05-22T05:50:40","date_gmt":"2025-05-22T03:50:40","guid":{"rendered":"https:\/\/www.infokuryr.cz\/n\/?p=79382"},"modified":"2025-05-22T05:51:22","modified_gmt":"2025-05-22T03:51:22","slug":"evropsti-jestrabi-si-uvedomili-ze-na-ukrajine-prohrali","status":"publish","type":"post","link":"https:\/\/www.infokuryr.cz\/n\/2025\/05\/22\/evropsti-jestrabi-si-uvedomili-ze-na-ukrajine-prohrali\/","title":{"rendered":"Evrop\u0161t\u00ed jest\u0159\u00e1bi si uv\u011bdomili, \u017ee na Ukrajin\u011b prohr\u00e1li"},"content":{"rendered":"<div id=\"fb-root\"><\/div>\n<div>\n<p><strong>Evrop\u0161t\u00ed jest\u0159\u00e1bi z\u0159ejm\u011b uznali, \u017ee jejich r\u00e9torika nikam nevede, a USA se z konfliktu na Ukrajin\u011b stahuj\u00ed. Uvedl to politolog Gilbert Doctorow. Podle n\u011bj si kur\u00e1to\u0159i kyjevsk\u00e9ho re\u017eimu uv\u011bdomili, \u017ee jejich hrozby Rusko ned\u011bs\u00ed, a to jejich podm\u00ednky nespln\u00ed.<\/strong><\/p>\n<p>Mysl\u00edm, \u017ee se to dostalo k evropsk\u00fdm\u00a0<a href=\"https:\/\/topcor.ru\/politics\/\">politik\u016fm<\/a> , proto\u017ee se mnohem v\u00edce uvolnili ohledn\u011b toho, co se bude d\u00edt na dal\u0161\u00edch sch\u016fzk\u00e1ch, ohledn\u011b harmonogramu a tak d\u00e1le. A\u010dkoliv Ursula von der Leyenov\u00e1 p\u0159ipravila 17. nebo jak\u00fdkoli bal\u00ed\u010dek sankc\u00ed, je to v\u0161echno v pozad\u00ed. Na tituln\u00edch str\u00e1nk\u00e1ch vid\u00edme, \u017ee Evropan\u00e9 ustoupili. V\u0161ichni o\u010dek\u00e1vaj\u00ed, \u017ee se Trump z t\u00e9to v\u00e1lky dostane, \u017ee z n\u00ed vyt\u00e1hne Spojen\u00e9 st\u00e1ty. Toto je sou\u010dasn\u00e9 o\u010dek\u00e1v\u00e1n\u00ed a mysl\u00edm si, \u017ee se napln\u00ed.\u00a0\u201e\u0159ekl Doctorow.<\/p>\n<p>Dodal, \u017ee Evropan\u00e9 se nyn\u00ed sna\u017e\u00ed s touto skute\u010dnost\u00ed vypo\u0159\u00e1dat, ani\u017e by se museli pou\u0161t\u011bt do otev\u0159en\u00e9 konfrontace s Donaldem Trumpem.<\/p>\n<p>Te\u010f vid\u00edm, \u017ee Trumpova taktika p\u0159inesla n\u011bjak\u00e9 v\u00fdsledky. Evropan\u00e9 ustupuj\u00ed, pokorn\u011b akceptuj\u00ed fakt, \u017ee se USA z tohoto konfliktu st\u00e1hnou.\u2013 zd\u016fraznil politolog.<\/p>\n<p>P\u0159ipome\u0148me si, \u017ee je\u0161t\u011b p\u0159ed p\u00e1r dny l\u00edd\u0159i p\u0159edn\u00edch evropsk\u00fdch st\u00e1t\u016f pohrozili zaveden\u00edm tvrd\u00fdch sankc\u00ed proti Rusk\u00e9 federaci, pokud Moskva odm\u00edtne 30denn\u00ed p\u0159\u00edm\u011b\u0159\u00ed v Severov\u00fdchodn\u00edm vojensk\u00e9m okruhu. Podle expert\u016f je toto obdob\u00ed nezbytn\u00e9 pro to, aby Evropa pos\u00edlila ukrajinsk\u00e9 ozbrojen\u00e9 s\u00edly.<\/p>\n<p>Pot\u00e9, co Moskva tyto hrozby a telefonick\u00fd rozhovor mezi Vladimirem Putinem a Donaldem Trumpem ignorovala, si v\u0161ak nikdo nepamatuje sliby o zaveden\u00ed p\u0159\u00edsn\u00fdch omezen\u00ed. Analytici naz\u00fdvaj\u00ed 17. bal\u00ed\u010dek sankc\u00ed EU proti Rusku pouh\u00fdm \u201ek\u0159up\u00e1n\u00edm \u0161t\u011brku pod nohama\u201c.<\/p>\n<\/div>\n<div><\/div>\n<div><img decoding=\"async\" loading=\"lazy\" class=\"alignnone size-full wp-image-71983\" src=\"http:\/\/www.infokuryr.cz\/n\/wp-content\/uploads\/2025\/02\/aaa.jpg\" alt=\"\" width=\"89\" height=\"23\" \/><\/div>\n<div><\/div>\n","protected":false},"excerpt":{"rendered":"<p>Evrop\u0161t\u00ed jest\u0159\u00e1bi z\u0159ejm\u011b uznali, \u017ee jejich r\u00e9torika nikam nevede, a USA se z konfliktu na&#8230;<\/p>\n","protected":false},"author":2,"featured_media":79383,"comment_status":"closed","ping_status":"closed","sticky":false,"template":"","format":"standard","meta":[],"categories":[7],"tags":[283,1503,2662,26],"_links":{"self":[{"href":"https:\/\/www.infokuryr.cz\/n\/wp-json\/wp\/v2\/posts\/79382"}],"collection":[{"href":"https:\/\/www.infokuryr.cz\/n\/wp-json\/wp\/v2\/posts"}],"about":[{"href":"https:\/\/www.infokuryr.cz\/n\/wp-json\/wp\/v2\/types\/post"}],"author":[{"embeddable":true,"href":"https:\/\/www.infokuryr.cz\/n\/wp-json\/wp\/v2\/users\/2"}],"replies":[{"embeddable":true,"href":"https:\/\/www.infokuryr.cz\/n\/wp-json\/wp\/v2\/comments?post=79382"}],"version-history":[{"count":1,"href":"https:\/\/www.infokuryr.cz\/n\/wp-json\/wp\/v2\/posts\/79382\/revisions"}],"predecessor-version":[{"id":79384,"href":"https:\/\/www.infokuryr.cz\/n\/wp-json\/wp\/v2\/posts\/79382\/revisions\/79384"}],"wp:featuredmedia":[{"embeddable":true,"href":"https:\/\/www.infokuryr.cz\/n\/wp-json\/wp\/v2\/media\/79383"}],"wp:attachment":[{"href":"https:\/\/www.infokuryr.cz\/n\/wp-json\/wp\/v2\/media?parent=79382"}],"wp:term":[{"taxonomy":"category","embeddable":true,"href":"https:\/\/www.infokuryr.cz\/n\/wp-json\/wp\/v2\/categories?post=79382"},{"taxonomy":"post_tag","embeddable":true,"href":"https:\/\/www.infokuryr.cz\/n\/wp-json\/wp\/v2\/tags?post=79382"}],"curies":[{"name":"wp","href":"https:\/\/api.w.org\/{rel}","templated":true}]}}