{"id":79378,"date":"2025-05-22T05:41:24","date_gmt":"2025-05-22T03:41:24","guid":{"rendered":"https:\/\/www.infokuryr.cz\/n\/?p=79378"},"modified":"2025-05-22T05:42:19","modified_gmt":"2025-05-22T03:42:19","slug":"nevite-zda-uz-vrchni-velitelka-bradacova-zacala-pracovat-nebo-jen-honi-pismeno-z","status":"publish","type":"post","link":"https:\/\/www.infokuryr.cz\/n\/2025\/05\/22\/nevite-zda-uz-vrchni-velitelka-bradacova-zacala-pracovat-nebo-jen-honi-pismeno-z\/","title":{"rendered":"Nev\u00edte, zda u\u017e vrchn\u00ed velitelka Brad\u00e1\u010dov\u00e1 za\u010dala pracovat, nebo jen hon\u00ed p\u00edsmeno &#8222;Z&#8220;?"},"content":{"rendered":"<div id=\"fb-root\"><\/div>\n<div class=\"introtext\">\n<h4 class=\"articleNewDetail__title\">Rektor \u010cVUT si platil jako poradce prezidentova p\u0159\u00edtele na telefonu Petra Kol\u00e1\u0159e. Te\u010f mu hroz\u00ed odvol\u00e1n\u00ed&#8230; (P\u0159ed hodinou byl vyhozen za podvody s Kol\u00e1\u0159em.) A Kol\u00e1\u0159 je zase k\u0159i\u0161\u0165\u00e1lov\u011b \u010dist\u00fd?<\/h4>\n<\/div>\n<div class=\"fulltext\">\n<h2 class=\"articleNewDetail__title\">KORUPCE JAK VY\u0160IT\u00c1, LEZE VEN DOKONCE I NA NOVINK\u00c1CH!<\/h2>\n<p>Rektorovi \u010cVUT Vojt\u011bchu Petr\u00e1\u010dkovi hroz\u00ed odvol\u00e1n\u00ed z \u010dela \u0161koly. (p\u0159ed chv\u00edl\u00ed byl odvol\u00e1n &#8211; dopln\u011bn\u00ed)<\/p>\n<p>Poradce prezidenta Petr Kol\u00e1\u0159 mu m\u011bl poskytovat poradensk\u00e9 slu\u017eby a inkasovat t\u00e9m\u011b\u0159 \u010dty\u0159i miliony korun. Akademick\u00fd sen\u00e1t bude ve st\u0159edu hlasovat o odvol\u00e1n\u00ed dlouholet\u00e9ho rektora. Petr\u00e1\u010dkovi kritici tvrd\u00ed, \u017ee rektor vyu\u017e\u00edval Kol\u00e1\u0159e k tomu, aby m\u011bl hladk\u00fd p\u0159\u00edstup k prezidentu Petru Pavlovi a mocn\u00fdm na Pra\u017esk\u00e9m hrad\u011b. O p\u0159\u00edpadu informoval server Novinky.cz.<\/p>\n<h2><strong>HLAVN\u011a KDY\u017d TO SYPE&#8230;<\/strong><\/h2>\n<table>\n<tbody>\n<tr>\n<td>\n<h3><strong>Drah\u00e1 spolupr\u00e1ce s Petrem Kol\u00e1\u0159em<\/strong><\/h3>\n<p>Rektor podle serveru\u00a0<a href=\"https:\/\/www.novinky.cz\/clanek\/domaci-rektor-cvut-vyplatil-miliony-prezidentovu-poradci-40521938\">Novinky.cz<\/a>\u00a0vyu\u017e\u00edval minim\u00e1ln\u011b od roku 2022 slu\u017eeb Petra Kol\u00e1\u0159e, kter\u00fd je i poradcem prezidenta Petra Pavla. B\u00fdval\u00e9mu velvyslanci v Rusku a USA rektor\u00e1t a fakulty na pokyn Petr\u00e1\u010dka vyplatily t\u00e9m\u011b\u0159\u00a0<strong>\u010dty\u0159i miliony korun,<\/strong>\u00a0napsal server. V registru smluv jsou podle n\u011bj p\u0159itom k dohled\u00e1n\u00ed pouze dv\u011b smlouvy mezi \u010cVUT a Kol\u00e1\u0159em, a to z roku 2023 a 2024.<\/td>\n<\/tr>\n<\/tbody>\n<\/table>\n<p>Spolupr\u00e1ci mezi Kol\u00e1\u0159em a Petr\u00e1\u010dkem potvrzuj\u00ed i samotn\u00e9 smlouvy univerzity. Tam se p\u00ed\u0161e, \u017ee \u201ekonkr\u00e9tn\u00ed \u00fakoly budou objednavatelem<strong>\u00a0zad\u00e1v\u00e1ny \u00fastn\u011b,<\/strong>\u00a0a to p\u0159\u00edmo rektorem \u010cVUT doc. Vojt\u011bchem Petr\u00e1\u010dkem, a pln\u011bny osobn\u011b poskytovatelem Petrem Kol\u00e1\u0159em\u201c. A najednou je jasn\u00fd veleto\u010d Kol\u00e1\u0159e, \u017ee bezpe\u010dnostn\u00ed prov\u011brku b\u00fdval\u00fd kumunista agent P\u00e1vek na Pra\u017esk\u00e9m hrad\u011b nechce. A u\u017e to leze ven.<\/p>\n<p><a title=\"Veleto\u010de kolem Kol\u00e1\u0159ovy prov\u011brky. Hrad d\u00e1v\u00e1 \u0161patn\u00fd sign\u00e1l, m\u00edn\u00ed experti\" href=\"https:\/\/www.idnes.cz\/zpravy\/domaci\/petr-pavel-prezident-proverka-petr-kolar-poradce.A231211_210315_domaci_kori\" target=\"_blank\" rel=\"noopener\">Veleto\u010de kolem Kol\u00e1\u0159ovy prov\u011brky. Hrad d\u00e1v\u00e1 \u0161patn\u00fd sign\u00e1l, m\u00edn\u00ed experti<\/a><\/p>\n<p>Vzpom\u00edn\u00e1te, jak pseudodisidenti dr\u017eeli za vypl\u00e1cen\u00ed dal\u0161\u00edch pen\u011bz pseudohladovku? \u017de pr\u00fd byli p\u0159ed 45 l\u00e9ty bez pr\u00e1ce.\u00a0<strong>A vysomrovali dal\u0161\u00ed statis\u00edce jako disidenti<\/strong>.\u00a0 A pr\u00fd od roku 1989 do roku 2023 nesehnali pr\u00e1ci. A p\u0159itom jsou s b\u00fdval\u00fdm bol\u0161evick\u00fdm agentem P\u00e1vkem jedna ruka! To je sestavi\u010dka. A pen\u00edzky se sypou. Z na\u0161ich dan\u00ed&#8230;<\/p>\n<h2>Vr\u00e1na k vr\u00e1n\u011b<\/h2>\n<p><img decoding=\"async\" class=\"aligncenter\" src=\"https:\/\/www.skrytapravda.cz\/images\/blogy\/805\/2025\/5kv%C4%9Bten\/Sn%C3%ADmek_obrazovky_3036_4401e.webp\" alt=\"Sn\u00edmek obrazovky 3036 4401e\" \/><\/p>\n<p>&nbsp;<\/p>\n<p>A pro\u010d bral V\u00e1clav Klaus Petra Kol\u00e1\u0159e jako Davida Ratha? Pro\u010d Kol\u00e1\u0159e tat\u00ed\u010dka berou lidi jako pr\u00e1ska\u010de, kter\u00fd za z\u00e1dy podraz\u00ed kohokoliv? V okam\u017eiku, kdy se zd\u00e1lo Kol\u00e1\u0159ovi, \u017ee se bl\u00ed\u017e\u00ed p\u00e1d V\u00e1clava klause, pokusil se ho dorazit tajemnou zpr\u00e1vou, \u017ee se pod\u00edl\u00ed na zatajov\u00e1n\u00ed zlo\u010dinu. Tenkr\u00e1t strany m\u011bly limitovan\u00e9 dary sponzor\u016f a tak to tenista Milan \u0160rajber\u00a0 rozepsal na dva fiktivn\u00ed sponzory. A v okam\u017eiku, kdy se to hodilo, pokusil se Kol\u00e1\u0159 V\u00e1clava Klause, kter\u00fd mo\u017en\u00e1 o pokladn\u011b ani netu\u0161il, srazit ozn\u00e1men\u00edm, \u017ee 17 milion\u016f pro ODS nejsou dva d\u00e1rci, ale pouze jeden.<\/p>\n<h3>Petr Kol\u00e1\u0159 je k\u0159i\u0161\u0165\u00e1lov\u011b \u010dist\u00fd, korupc\u00ed neposkvrn\u011bn\u00fd a v\u0161ichni kolem jsou zlo\u010dinci. (A nyn\u00ed to leze ven)<\/h3>\n<div class=\"info_box cela_sirka jpalert\">\n<div class=\"explanationContent\"><strong><span style=\"color: #ff0000;\">_______________<br \/>\nByl to diplomat Petr Kol\u00e1\u0159, kdo tehdy zve\u0159ejnil, \u017ee V\u00e1clav Klaus zn\u00e1 pravdu o fiktivn\u00edch sponzorech. \u201eBylo to moje sv\u011bdom\u00ed a moje odpov\u011bdnost mlad\u00e9ho 33let\u00e9ho \u010dlov\u011bka, kter\u00fd se necht\u011bl styd\u011bt,\u201c p\u0159ibli\u017euje dnes svou motivaci Petr Kol\u00e1\u0159, kter\u00fd se jak u\u017e je vid\u011bt, ne\u0161t\u00edt\u00ed ni\u010deho.<br \/>\n______________<\/span><\/strong><\/div>\n<\/div>\n<p><strong>Mal\u00e9 dopln\u011bn\u00ed. Rath u\u017e ve v\u011bzen\u00ed je&#8230;<\/strong><\/p>\n<p><a href=\"https:\/\/www.skrytapravda.cz\/z-domova\/2577-nevite-zda-uz-vrchni-velitelka-bradacova-zacala-pracovat-nebo-jen-honi-pismeno-z\">Petr Pokorn\u00fd<\/a><\/p>\n<p>&nbsp;<\/p>\n<\/div>\n","protected":false},"excerpt":{"rendered":"<p>Rektor \u010cVUT si platil jako poradce prezidentova p\u0159\u00edtele na telefonu Petra Kol\u00e1\u0159e. Te\u010f mu hroz\u00ed&#8230;<\/p>\n","protected":false},"author":2,"featured_media":79379,"comment_status":"closed","ping_status":"closed","sticky":false,"template":"","format":"standard","meta":[],"categories":[6],"tags":[4438,207,1173,2131],"_links":{"self":[{"href":"https:\/\/www.infokuryr.cz\/n\/wp-json\/wp\/v2\/posts\/79378"}],"collection":[{"href":"https:\/\/www.infokuryr.cz\/n\/wp-json\/wp\/v2\/posts"}],"about":[{"href":"https:\/\/www.infokuryr.cz\/n\/wp-json\/wp\/v2\/types\/post"}],"author":[{"embeddable":true,"href":"https:\/\/www.infokuryr.cz\/n\/wp-json\/wp\/v2\/users\/2"}],"replies":[{"embeddable":true,"href":"https:\/\/www.infokuryr.cz\/n\/wp-json\/wp\/v2\/comments?post=79378"}],"version-history":[{"count":1,"href":"https:\/\/www.infokuryr.cz\/n\/wp-json\/wp\/v2\/posts\/79378\/revisions"}],"predecessor-version":[{"id":79380,"href":"https:\/\/www.infokuryr.cz\/n\/wp-json\/wp\/v2\/posts\/79378\/revisions\/79380"}],"wp:featuredmedia":[{"embeddable":true,"href":"https:\/\/www.infokuryr.cz\/n\/wp-json\/wp\/v2\/media\/79379"}],"wp:attachment":[{"href":"https:\/\/www.infokuryr.cz\/n\/wp-json\/wp\/v2\/media?parent=79378"}],"wp:term":[{"taxonomy":"category","embeddable":true,"href":"https:\/\/www.infokuryr.cz\/n\/wp-json\/wp\/v2\/categories?post=79378"},{"taxonomy":"post_tag","embeddable":true,"href":"https:\/\/www.infokuryr.cz\/n\/wp-json\/wp\/v2\/tags?post=79378"}],"curies":[{"name":"wp","href":"https:\/\/api.w.org\/{rel}","templated":true}]}}