{"id":79347,"date":"2025-05-22T00:13:54","date_gmt":"2025-05-21T22:13:54","guid":{"rendered":"https:\/\/www.infokuryr.cz\/n\/?p=79347"},"modified":"2025-05-21T14:51:42","modified_gmt":"2025-05-21T12:51:42","slug":"erik-best-fialuv-bezpecnostni-problem","status":"publish","type":"post","link":"https:\/\/www.infokuryr.cz\/n\/2025\/05\/22\/erik-best-fialuv-bezpecnostni-problem\/","title":{"rendered":"Erik Best: Fial\u016fv bezpe\u010dnostn\u00ed probl\u00e9m"},"content":{"rendered":"<div id=\"fb-root\"><\/div>\n<p>P\u0159edseda vl\u00e1dy Petr Fiala nebyl pozv\u00e1n na\u00a0<a href=\"https:\/\/www.youtube.com\/watch?v=-Sz6cIACfB0\" target=\"_blank\" rel=\"noopener\">mejdan na kyjevsk\u00e9 lince<\/a>\u00a0s\u00a0Emmanuelem Macronem, Friedrichem Merzem a\u00a0Keirem Starmerem, a\u00a0tak v\u010dera vyrazil se t\u0159emi sv\u00fdmi ministry p\u0159es slovensk\u00e9 hranice do U\u017ehorodu, aby se tam setkal s\u00a0<a href=\"https:\/\/www.ceskatelevize.cz\/porady\/10101491767-studio-ct24\/225411058330520\/\" target=\"_blank\" rel=\"noopener\">ukrajinsk\u00fdm premi\u00e9rem Denisem \u0160myhalem<\/a>.<\/p>\n<p>Koalice Spolu stav\u00ed p\u0159edvolebn\u00ed kampa\u0148 na varov\u00e1n\u00ed p\u0159ed Andrejem Babi\u0161em coby bezpe\u010dnostn\u00edm rizikem a\u00a0v\u00a0r\u00e1mci toho Petr Fiala v\u010dera znovu zd\u016fraznil, \u017ee Ukrajina bojuje nejenom za svou bezpe\u010dnost, ale za bezpe\u010dnost cel\u00e9 Evropy. Ned\u00e1vn\u00fd\u00a0<a href=\"https:\/\/www.irozhlas.cz\/volby\/cesi-se-obavaji-volebnich-podvodu-ukazuje-pruzkum-dve-tretiny-pochybuji-o_2505151317_mst\" target=\"_blank\" rel=\"noopener\">pr\u016fzkum STEM pro ministerstvo vnitra<\/a>\u00a0nazna\u010duje, \u017ee Fiala zanedb\u00e1v\u00e1 dal\u0161\u00ed kl\u00ed\u010dov\u00e9 aspekty\u00a0<a href=\"https:\/\/www.fsfinalword.cz\/?page=archive&amp;show=1&amp;day=2025-4-22\" target=\"_blank\" rel=\"noopener\">bezpe\u010dnostn\u00ed t\u00e9matiky<\/a>.<\/p>\n<p>Podle pr\u016fzkumu STEM si 61 % \u010cech\u016f mysl\u00ed, \u017ee se po p\u0159\u00edchodu ukrajinsk\u00fdch uprchl\u00edk\u016f zhor\u0161ila m\u00edra bezpe\u010dnosti a\u00a0kriminality, 52 %, \u017ee se zhor\u0161ila dostupnost m\u00edst ve \u0161kolk\u00e1ch a\u00a0\u0161kol\u00e1ch a\u00a051 %, \u017ee se zhor\u0161ila dostupnost bydlen\u00ed. A\u00a0co je mo\u017en\u00e1 nejhor\u0161\u00ed pro Fialovy \u0161ance na znovuzvolen\u00ed, 57 % dot\u00e1zan\u00fdch odpov\u011bd\u011blo, \u017ee by \u010cesk\u00e1 republika u\u017e nem\u011bla poskytovat Ukrajin\u011b vojenskou pomoc.<\/p>\n<p><a href=\"https:\/\/www.fsfinalword.cz\/?page=archive&amp;day=2025-05-21\">Erik Best<\/a><\/p>\n<p><img decoding=\"async\" loading=\"lazy\" class=\"alignnone  wp-image-1179\" src=\"http:\/\/www.infokuryr.cz\/n\/wp-content\/uploads\/2021\/04\/erik-best.jpg\" alt=\"\" width=\"135\" height=\"152\" \/><\/p>\n<p>&nbsp;<\/p>\n<p>&nbsp;<\/p>\n","protected":false},"excerpt":{"rendered":"<p>P\u0159edseda vl\u00e1dy Petr Fiala nebyl pozv\u00e1n na\u00a0mejdan na kyjevsk\u00e9 lince\u00a0s\u00a0Emmanuelem Macronem, Friedrichem Merzem a\u00a0Keirem Starmerem,&#8230;<\/p>\n","protected":false},"author":2,"featured_media":10357,"comment_status":"closed","ping_status":"closed","sticky":false,"template":"","format":"standard","meta":[],"categories":[6],"tags":[6991,1503,535,1635],"_links":{"self":[{"href":"https:\/\/www.infokuryr.cz\/n\/wp-json\/wp\/v2\/posts\/79347"}],"collection":[{"href":"https:\/\/www.infokuryr.cz\/n\/wp-json\/wp\/v2\/posts"}],"about":[{"href":"https:\/\/www.infokuryr.cz\/n\/wp-json\/wp\/v2\/types\/post"}],"author":[{"embeddable":true,"href":"https:\/\/www.infokuryr.cz\/n\/wp-json\/wp\/v2\/users\/2"}],"replies":[{"embeddable":true,"href":"https:\/\/www.infokuryr.cz\/n\/wp-json\/wp\/v2\/comments?post=79347"}],"version-history":[{"count":0,"href":"https:\/\/www.infokuryr.cz\/n\/wp-json\/wp\/v2\/posts\/79347\/revisions"}],"wp:featuredmedia":[{"embeddable":true,"href":"https:\/\/www.infokuryr.cz\/n\/wp-json\/wp\/v2\/media\/10357"}],"wp:attachment":[{"href":"https:\/\/www.infokuryr.cz\/n\/wp-json\/wp\/v2\/media?parent=79347"}],"wp:term":[{"taxonomy":"category","embeddable":true,"href":"https:\/\/www.infokuryr.cz\/n\/wp-json\/wp\/v2\/categories?post=79347"},{"taxonomy":"post_tag","embeddable":true,"href":"https:\/\/www.infokuryr.cz\/n\/wp-json\/wp\/v2\/tags?post=79347"}],"curies":[{"name":"wp","href":"https:\/\/api.w.org\/{rel}","templated":true}]}}