{"id":79340,"date":"2025-05-22T00:24:58","date_gmt":"2025-05-21T22:24:58","guid":{"rendered":"https:\/\/www.infokuryr.cz\/n\/?p=79340"},"modified":"2025-05-21T12:32:54","modified_gmt":"2025-05-21T10:32:54","slug":"studenti-po-celych-spojenych-statech-drzi-hladovku-protoze-v-gaze-zuri-izraelem-vyvolany-hladomor","status":"publish","type":"post","link":"https:\/\/www.infokuryr.cz\/n\/2025\/05\/22\/studenti-po-celych-spojenych-statech-drzi-hladovku-protoze-v-gaze-zuri-izraelem-vyvolany-hladomor\/","title":{"rendered":"Studenti po cel\u00fdch Spojen\u00fdch st\u00e1tech dr\u017e\u00ed hladovku, proto\u017ee v Gaze zu\u0159\u00ed Izraelem vyvolan\u00fd hladomor"},"content":{"rendered":"<div id=\"fb-root\"><\/div>\n<p><strong>Studenti protestuj\u00edc\u00ed po cel\u00e9 zemi p\u0159izp\u016fsobuj\u00ed sv\u00e9 strategie Trumpovu z\u00e1sahu proti propalestinsk\u00e9mu hnut\u00ed, ale lze s jistotou \u0159\u00edci, \u017ee aktivismus nepolevuje<\/strong><\/p>\n<p><span>V posledn\u00edch t\u00fddnech zah\u00e1jili studenti na n\u011bkolika univerzitn\u00edch kampusech ve Spojen\u00fdch st\u00e1tech hladovky na podporu obyvatel Gazy, kte\u0159\u00ed trp\u00ed hladomorem. Protestuj\u00edc\u00ed tak\u00e9 vyz\u00fdvaj\u00ed svou \u0161kolu, aby p\u0159eru\u0161ila spolupr\u00e1ci s v\u00fdrobci zbran\u00ed a dal\u0161\u00edmi spole\u010dnostmi spojen\u00fdmi s Izraelem.<\/span><\/p>\n<p><span>Krom\u011b hladovek jsme byli sv\u011bdky nov\u00fdch t\u00e1bor\u016f a dokonce i okupace kampus\u016f. Navzdory rostouc\u00edmu potla\u010dov\u00e1n\u00ed hnut\u00ed studenti dos\u00e1hli n\u011bkolika v\u00edt\u011bzstv\u00ed v oblasti odprodeje investic a usiluj\u00ed o dal\u0161\u00ed \u00fasp\u011bchy.<\/span><\/p>\n<p><span>Studenti protestuj\u00edc\u00ed po cel\u00e9 zemi p\u0159izp\u016fsobuj\u00ed sv\u00e9 strategie Trumpov\u00fdm repres\u00edm, ale lze s jistotou \u0159\u00edci, \u017ee aktivismus nepolevuje.<\/span><\/p>\n<h2 class=\"wp-block-heading\"><span>Hladovky<\/span><\/h2>\n<p><span>V\u00edce ne\u017e dv\u011b des\u00edtky kalifornsk\u00fdch student\u016f zah\u00e1jily p\u016fst 5. kv\u011btna a v n\u00e1sleduj\u00edc\u00edch dnech se k nim p\u0159ipojily dal\u0161\u00ed \u0161koly.<\/span><\/p>\n<p><span>\u201ePokud n\u011bkdy nastal okam\u017eik, kter\u00fd si \u017e\u00e1d\u00e1 ob\u010danskou neposlu\u0161nost, je to hodina genocidy. Kr\u00e1\u010d\u00edme ve stop\u00e1ch d\u0159\u00edv\u011bj\u0161\u00edch student\u016f Stanfordsk\u00e9 univerzity, kte\u0159\u00ed obsadili toto n\u00e1m\u011bst\u00ed, aby ukon\u010dili\u00a0\u00a0<\/span><a href=\"https:\/\/stanfordmag.org\/contents\/at-the-hands-of-the-radicals\"><span>v\u00e1lku ve Vietnamu<\/span><\/a><span>\u00a0\u00a0a pozd\u011bji vynutili\u00a0\u00a0<\/span><a href=\"https:\/\/stanforddaily.com\/2015\/02\/11\/stanfords-rich-history-of-divestment-movements\/\"><span>\u010d\u00e1ste\u010dn\u00e9 odtr\u017een\u00ed od apartheidu v Ji\u017en\u00ed Africe<\/span><\/a><span>\u00a0. Nyn\u00ed tato \u0161tafeta p\u0159ech\u00e1z\u00ed na n\u00e1s. 20. \u0159\u00edjna 2023 studenti Stanfordsk\u00e9 univerzity postavili prvn\u00ed t\u00e1bor solidarity s Gazou v zemi,\u201c\u00a0<\/span><a href=\"https:\/\/mondoweiss.net\/2025\/05\/hunger-is-our-weapon-against-injustice\/\" data-type=\"link\" data-id=\"https:\/\/mondoweiss.net\/2025\/05\/hunger-is-our-weapon-against-injustice\/\"><span>uvedla<\/span><\/a><span>\u00a0hladovka Stanfordsk\u00e9 univerzity v prohl\u00e1\u0161en\u00ed zve\u0159ejn\u011bn\u00e9m na\u00a0<\/span><em><span>Mondoweiss.<\/span><\/em><\/p>\n<p><span>\u201ePo dobu 120 dn\u016f stovky \u010dlen\u016f stanfordsk\u00e9 komunity udr\u017eovaly tento\u00a0\u00a0<\/span><a href=\"https:\/\/stanforddaily.com\/2024\/04\/25\/pro-palestine-students-establish-encampment-amid-admit-weekend\/\"><span>t\u00e1bor, aby po\u017eadovaly ukon\u010den\u00ed genocidy v Palestin\u011b<\/span><\/a><span>\u00a0\u00a0a tla\u010dily na Stanfordskou univerzitu k akci \u2013 poskytnut\u00edm p\u0159\u00edm\u00e9 podpory palestinsk\u00fdm student\u016fm a v kone\u010dn\u00e9m d\u016fsledku i zbaven\u00edm se sv\u00e9ho nada\u010dn\u00edho fondu od dodavatel\u016f obrann\u00fdch technologi\u00ed a sledovac\u00edch firem, kter\u00e9 se na t\u00e9to genocid\u011b pod\u00edlely. Veden\u00ed a administrativa na\u0161\u00ed univerzity ignorovaly v\u00fdzvy\u00a0\u00a0<\/span><a href=\"https:\/\/stanforddaily.com\/2024\/04\/29\/students-overwhelmingly-support-pro-palestine-divestment-resolution\/\"><span>drtiv\u00e9<\/span><\/a><span>\u00a0\u00a0v\u011bt\u0161iny student\u016f Stanfordu k akci a reagovaly pouze eskaluj\u00edc\u00edmi represemi.\u201c<\/span><\/p>\n<p><span>Studenti St\u00e1tn\u00ed univerzity v San Franciscu (SFSU) ned\u00e1vno ukon\u010dili st\u00e1vku pot\u00e9, co od sv\u00e9 fakulty z\u00edskali n\u011bkolik z\u00e1vazk\u016f. Veden\u00ed univerzity uvedlo, \u017ee roz\u0161\u00ed\u0159\u00ed implementaci politiky odprodeje investi\u010dn\u00edch aktiv a bude pracovat na partnerstv\u00ed s palestinsk\u00fdmi univerzitami.<\/span><\/p>\n<p><span>St\u00e1tn\u00ed univerzita v San Franciscu (SFSU) je jednou ze t\u0159\u00ed \u0161kol, kter\u00e9 v minulosti donutily svou univerzitu k ur\u010dit\u00e9 \u00farovni odprodeje investic, a navazuje na tato d\u0159\u00edv\u011bj\u0161\u00ed v\u00edt\u011bzstv\u00ed.<\/span><\/p>\n<figure class=\"wp-block-embed is-type-rich is-provider-instagram wp-block-embed-instagram\">\n<div class=\"wp-block-embed__wrapper\"><iframe id=\"instagram-embed-0\" class=\"instagram-media instagram-media-rendered\" src=\"https:\/\/www.instagram.com\/p\/DJk086zvS57\/embed\/captioned\/?cr=1&amp;v=14&amp;wp=658&amp;rd=https%3A%2F%2Fmondoweiss.net&amp;rp=%2F2025%2F05%2Fstudents-across-the-u-s-are-going-on-hunger-strike-as-israeli-engineered-famine-takes-hold-in-gaza%2F#%7B%22ci%22%3A0%2C%22os%22%3A211.80000019073486%7D\" height=\"1335\" frameborder=\"0\" scrolling=\"no\" allowfullscreen=\"allowfullscreen\" data-instgrm-payload-id=\"instagram-media-payload-0\" data-mce-fragment=\"1\"><\/iframe><\/div>\n<\/figure>\n<p><span>Na tiskov\u00e9 konferenci k tomuto v\u00fdvoji student \u010dtvrt\u00e9ho ro\u010dn\u00edku San Francisco State University uvedl, \u017ee by tento krok mohl inspirovat dal\u0161\u00ed \u0161koly k dal\u0161\u00edm krok\u016fm.<\/span><\/p>\n<p><span>\u201eJak m\u016f\u017eeme studovat a u\u010dit se a nec\u00edtit povinnost v\u016f\u010di student\u016fm v Palestin\u011b, kte\u0159\u00ed nemaj\u00ed jedinou st\u00e1lou vysokou \u0161kolu kv\u016fli genocid\u011b financovan\u00e9 z na\u0161ich studentsk\u00fdch pen\u011bz?\u201c \u0159ekla\u00a0<\/span><a href=\"https:\/\/goldengatexpress.org\/112078\/campus\/hunger-strike-ends-at-sfsu\/#:~:text=Six%20San%20Francisco%20State%20University,to%20Kailey%20Flores%2C%20a%20participant.\" data-type=\"link\" data-id=\"https:\/\/goldengatexpress.org\/112078\/campus\/hunger-strike-ends-at-sfsu\/#:~:text=Six%20San%20Francisco%20State%20University,to%20Kailey%20Flores%2C%20a%20participant.\"><span>.<\/span><\/a><span>\u00a0\u201eMy na San Francisco State University jsme p\u0159\u00edkladem. Na\u0161e \u0161kola ukazuje, \u017ee se m\u016f\u017eeme zbavit v\u00edce pr\u00e1ce. Studenti se nemusej\u00ed a nem\u011bli by se pod\u00edlet na genocid\u011b jen proto, \u017ee cht\u011bj\u00ed vzd\u011bl\u00e1n\u00ed.\u201c<\/span><\/p>\n<p><span>\u0160est student\u016f na Sacramento State, kter\u00e1 tak\u00e9 d\u0159\u00edve p\u0159ijala politiku odprodeje aktiv, ned\u00e1vno ukon\u010dilo hladovku.<\/span><\/p>\n<p><span>Amal Dawud, studentka ze Sacramentsk\u00e9 st\u00e1tn\u00ed univerzity, uvedla, \u017ee je to zp\u016fsob, jak lidem p\u0159ipomenout, co v Gaze za\u017e\u00edvaj\u00ed statis\u00edce lid\u00ed.<\/span><\/p>\n<p><span>\u201eU\u017e jsou to dva roky a dva m\u011bs\u00edce a do p\u00e1sma Gazy se nedostaly \u017e\u00e1dn\u00e9 potraviny,\u201c\u00a0<\/span><a href=\"https:\/\/www.kcra.com\/article\/sacramento-state-hunger-strike-gaza-aid-blockade\/64750284\" data-type=\"link\" data-id=\"https:\/\/www.kcra.com\/article\/sacramento-state-hunger-strike-gaza-aid-blockade\/64750284\"><span>\u0159ekl<\/span><\/a><span>\u00a0m\u00edstn\u00edm zpr\u00e1v\u00e1m student s odkazem na prob\u00edhaj\u00edc\u00ed izraelskou blok\u00e1du humanit\u00e1rn\u00ed pomoci. \u201eProto jsme zvolili hladovku.\u201c<\/span><\/p>\n<p><span>Na UCLA byla studentsk\u00e1 aktivistka Maya Abdullah hospitalizov\u00e1na dev\u00e1t\u00fd den sv\u00e9 hladovky.<\/span><\/p>\n<figure class=\"wp-block-embed is-type-rich is-provider-twitter wp-block-embed-twitter\">\n<div class=\"wp-block-embed__wrapper\">\n<div class=\"embed-twitter\">\n<div class=\"twitter-tweet twitter-tweet-rendered\"><iframe id=\"twitter-widget-0\" class=\"\" title=\"X P\u0159\u00edsp\u011bvek\" src=\"https:\/\/platform.twitter.com\/embed\/Tweet.html?creatorScreenName=michaelarria&amp;dnt=true&amp;embedId=twitter-widget-0&amp;features=eyJ0ZndfdGltZWxpbmVfbGlzdCI6eyJidWNrZXQiOltdLCJ2ZXJzaW9uIjpudWxsfSwidGZ3X2ZvbGxvd2VyX2NvdW50X3N1bnNldCI6eyJidWNrZXQiOnRydWUsInZlcnNpb24iOm51bGx9LCJ0ZndfdHdlZXRfZWRpdF9iYWNrZW5kIjp7ImJ1Y2tldCI6Im9uIiwidmVyc2lvbiI6bnVsbH0sInRmd19yZWZzcmNfc2Vzc2lvbiI6eyJidWNrZXQiOiJvbiIsInZlcnNpb24iOm51bGx9LCJ0ZndfZm9zbnJfc29mdF9pbnRlcnZlbnRpb25zX2VuYWJsZWQiOnsiYnVja2V0Ijoib24iLCJ2ZXJzaW9uIjpudWxsfSwidGZ3X21peGVkX21lZGlhXzE1ODk3Ijp7ImJ1Y2tldCI6InRyZWF0bWVudCIsInZlcnNpb24iOm51bGx9LCJ0ZndfZXhwZXJpbWVudHNfY29va2llX2V4cGlyYXRpb24iOnsiYnVja2V0IjoxMjA5NjAwLCJ2ZXJzaW9uIjpudWxsfSwidGZ3X3Nob3dfYmlyZHdhdGNoX3Bpdm90c19lbmFibGVkIjp7ImJ1Y2tldCI6Im9uIiwidmVyc2lvbiI6bnVsbH0sInRmd19kdXBsaWNhdGVfc2NyaWJlc190b19zZXR0aW5ncyI6eyJidWNrZXQiOiJvbiIsInZlcnNpb24iOm51bGx9LCJ0ZndfdXNlX3Byb2ZpbGVfaW1hZ2Vfc2hhcGVfZW5hYmxlZCI6eyJidWNrZXQiOiJvbiIsInZlcnNpb24iOm51bGx9LCJ0ZndfdmlkZW9faGxzX2R5bmFtaWNfbWFuaWZlc3RzXzE1MDgyIjp7ImJ1Y2tldCI6InRydWVfYml0cmF0ZSIsInZlcnNpb24iOm51bGx9LCJ0ZndfbGVnYWN5X3RpbWVsaW5lX3N1bnNldCI6eyJidWNrZXQiOnRydWUsInZlcnNpb24iOm51bGx9LCJ0ZndfdHdlZXRfZWRpdF9mcm9udGVuZCI6eyJidWNrZXQiOiJvbiIsInZlcnNpb24iOm51bGx9fQ%3D%3D&amp;frame=false&amp;hideCard=false&amp;hideThread=false&amp;id=1924468134817259862&amp;lang=en&amp;origin=https%3A%2F%2Fmondoweiss.net%2F2025%2F05%2Fstudents-across-the-u-s-are-going-on-hunger-strike-as-israeli-engineered-famine-takes-hold-in-gaza%2F&amp;sessionId=c173a6619d1b499c1346b283d12fb6d7f563e8eb&amp;siteScreenName=mondoweiss&amp;theme=light&amp;widgetsVersion=2615f7e52b7e0%3A1702314776716&amp;width=550px\" frameborder=\"0\" scrolling=\"no\" allowfullscreen=\"allowfullscreen\" data-tweet-id=\"1924468134817259862\" data-mce-fragment=\"1\"><\/iframe><\/div>\n<\/div>\n<\/div>\n<\/figure>\n<p><span>Studenti ze skupiny Yalies4Palestine\u00a0<\/span><a href=\"https:\/\/yaledailynews.com\/blog\/2025\/05\/14\/hunger-strikers-meet-with-yale-college-dean\/\" data-type=\"link\" data-id=\"https:\/\/yaledailynews.com\/blog\/2025\/05\/14\/hunger-strikers-meet-with-yale-college-dean\/\"><span>se ned\u00e1vno setkali<\/span><\/a><span>\u00a0s d\u011bkanem Yale College Periclesem Lewisem uprost\u0159ed prob\u00edhaj\u00edc\u00ed hladovky na fakult\u011b. Demonstranti po\u017eaduj\u00ed, aby se Yale zbavila v\u00fdrobc\u016f zbran\u00ed, p\u0159ijala investi\u010dn\u00ed strategii zalo\u017eenou na lidsk\u00fdch pr\u00e1vech, ukon\u010dila akademick\u00e1 partnerstv\u00ed s Izraelem a ud\u011blila amnestii studentsk\u00fdm protestuj\u00edc\u00edm.<\/span><\/p>\n<p><span>Lewis st\u00e1vkuj\u00edc\u00edm \u0159ekl, \u017ee nem\u016f\u017ee student\u016fm ud\u011blit amnestii, ani\u017e by znal jejich pl\u00e1ny. Prezident Yale Maurie McInnis se s protestuj\u00edc\u00edmi zat\u00edm odm\u00edtl setkat.<\/span><\/p>\n<p><span>\u201eMaurire McInnis, lid\u00e9 se d\u00edvaj\u00ed,\u201c uvedl Yalies4Palestine v prohl\u00e1\u0161en\u00ed na soci\u00e1ln\u00edch s\u00edt\u00edch. \u201eNa\u0161e podpora je ohromn\u00e1 a na\u0161e \u010d\u00edsla rostou.\u201c<\/span><\/p>\n<p><span>\u201eSt\u00e1vkuj\u00edc\u00ed po\u017eaduj\u00ed reakci,\u201c pokra\u010duje. \u201eMcInnisi, setkejte se s n\u00e1mi. Bl\u00ed\u017e\u00ed se promoce. Va\u0161i hladov\u011bj\u00edc\u00ed studenti jsou st\u00e1le tady. Nikam neodch\u00e1z\u00edme.\u201c<\/span><\/p>\n<figure class=\"wp-block-embed is-type-rich is-provider-instagram wp-block-embed-instagram\">\n<div class=\"wp-block-embed__wrapper\"><iframe id=\"instagram-embed-1\" class=\"instagram-media instagram-media-rendered\" src=\"https:\/\/www.instagram.com\/p\/DJ0ExLmsgDZ\/embed\/captioned\/?cr=1&amp;v=14&amp;wp=658&amp;rd=https%3A%2F%2Fmondoweiss.net&amp;rp=%2F2025%2F05%2Fstudents-across-the-u-s-are-going-on-hunger-strike-as-israeli-engineered-famine-takes-hold-in-gaza%2F#%7B%22ci%22%3A1%2C%22os%22%3A215%7D\" height=\"1118\" frameborder=\"0\" scrolling=\"no\" allowfullscreen=\"allowfullscreen\" data-instgrm-payload-id=\"instagram-media-payload-1\" data-mce-fragment=\"1\"><\/iframe><\/div>\n<\/figure>\n<h2 class=\"wp-block-heading\"><strong><span>T\u00e1bory<\/span><\/strong><\/h2>\n<p><span>Krom\u011b hladovek studenti v tomto semestru tak\u00e9 postavili t\u00e1bory solidarity s Gazou, ale v\u011bt\u0161ina z nich byla univerzitn\u00ed polici\u00ed uzav\u0159ena.<\/span><\/p>\n<p><span>8. kv\u011btna studenti Univerzity Johnse Hopkinse postavili t\u00e1bor na Keyser Quad v are\u00e1lu univerzity a na znak solidarity s Palestinci jej prohl\u00e1sili za Osvobozenou z\u00f3nu Dr. Hussama Abu Safiya.<\/span><\/p>\n<p><span>Podle protestuj\u00edc\u00edch strhlo st\u0159\u00ed\u0161ky p\u0159es 30 univerzitn\u00edch policist\u016f (JHPD) a baltimorsk\u00e9 policie a zranilo n\u011bkolik student\u016f.<\/span><\/p>\n<p><span>\u201ePolicist\u00e9 zdeformovali kov tak, \u017ee nohy tr\u010dely v\u0161emi sm\u011bry a nosn\u00edky se kroutily,\u201c \u0159ekl jeden student. \u201eOsoba, se kterou jsem se dr\u017eel za ruce, se zasekla pod p\u0159\u00edst\u0159e\u0161kem a sna\u017eila se dostat ven n\u011bkoho jin\u00e9ho \u2013 jejich hlavy se zachytily mezi kovov\u00fdmi ty\u010demi ve st\u0159e\u0161e p\u0159\u00edst\u0159e\u0161ku a my jsme je nedok\u00e1zali dostat ven, dokud policie JHP na chv\u00edli nep\u0159estala s n\u00edm stahovat.\u201c<\/span><\/p>\n<figure class=\"wp-block-embed is-type-rich is-provider-instagram wp-block-embed-instagram\">\n<div class=\"wp-block-embed__wrapper\"><iframe id=\"instagram-embed-2\" class=\"instagram-media instagram-media-rendered\" src=\"https:\/\/www.instagram.com\/p\/DJa3fMjtf_p\/embed\/captioned\/?cr=1&amp;v=14&amp;wp=658&amp;rd=https%3A%2F%2Fmondoweiss.net&amp;rp=%2F2025%2F05%2Fstudents-across-the-u-s-are-going-on-hunger-strike-as-israeli-engineered-famine-takes-hold-in-gaza%2F#%7B%22ci%22%3A2%2C%22os%22%3A217.69999980926514%7D\" height=\"1569\" frameborder=\"0\" scrolling=\"no\" allowfullscreen=\"allowfullscreen\" data-instgrm-payload-id=\"instagram-media-payload-2\" data-mce-fragment=\"1\"><\/iframe><\/div>\n<\/figure>\n<p><span>Minul\u00fd m\u011bs\u00edc se na n\u00e1m\u011bst\u00ed Beinecke Plaza Yaleovy univerzity shrom\u00e1\u017edilo asi 200 studentsk\u00fdch\u00a0<\/span><a href=\"https:\/\/yaledailynews.com\/blog\/2025\/04\/22\/were-here-to-stay-the-night-pro-palestinian-protesters-erect-tents-on-beinecke-plaza\/\" data-type=\"link\" data-id=\"https:\/\/yaledailynews.com\/blog\/2025\/04\/22\/were-here-to-stay-the-night-pro-palestinian-protesters-erect-tents-on-beinecke-plaza\/\"><span>protestuj\u00edc\u00edch,<\/span><\/a><span>\u00a0aby protestovali proti n\u00e1v\u0161t\u011bv\u011b krajn\u011b pravicov\u00e9ho izraelsk\u00e9ho ministra bezpe\u010dnosti Itamara Ben-Gvira v New Havenu. Byl postaven t\u00e1bor, ale nakonec byl rozpu\u0161t\u011bn ze strachu z odvety ze strany \u0161koly.<\/span><\/p>\n<p><span>N\u00e1sleduj\u00edc\u00edho dne Yale College\u00a0<\/span><a href=\"https:\/\/yaledailynews.com\/blog\/2025\/04\/23\/yale-revokes-yalies4palestines-club-status-citing-protest-policy-violations-antisemitism-concerns\/\" data-type=\"link\" data-id=\"https:\/\/yaledailynews.com\/blog\/2025\/04\/23\/yale-revokes-yalies4palestines-club-status-citing-protest-policy-violations-antisemitism-concerns\/\"><span>zru\u0161ila<\/span><\/a><span>\u00a0status zm\u00edn\u011bn\u00e9 Yalies4Palestine jako registrovan\u00e9 studentsk\u00e9 skupiny, a to i p\u0159esto, \u017ee protest neorganizovali.<\/span><\/p>\n<p><span>Na Dartmouth College studenti rozpustili t\u00e1bor pot\u00e9, co administrativa souhlasila se z\u0159\u00edzen\u00edm\u00a0<\/span><a href=\"https:\/\/www.thedartmouth.com\/article\/2025\/04\/ray-wang-dartmouth-announces-legal-fund-for-students-and-employees-affected-by-immigration-policy-changes\"><span>fondu<\/span><\/a><span>\u00a0\u00a0pro mezin\u00e1rodn\u00ed studenty a se zve\u0159ejn\u011bn\u00edm form\u00e1ln\u00ed odpov\u011bdi na po\u017eadavky protestuj\u00edc\u00edch na odprodej aktiv do 20. kv\u011btna.<\/span><\/p>\n<p><span>\u010clen Koalice solidarity s Palestinou Ramsey Alsheikh studentsk\u00fdm novin\u00e1m\u00a0<\/span><a href=\"https:\/\/www.thedartmouth.com\/article\/2025\/05\/wang-ray-massive-victory-protesters-take-down-encampment-after-demands-met\" data-type=\"link\" data-id=\"https:\/\/www.thedartmouth.com\/article\/2025\/05\/wang-ray-massive-victory-protesters-take-down-encampment-after-demands-met\"><span>\u0159ekl<\/span><\/a><span>\u00a0, \u017ee tento v\u00fdvoj je \u201eobrovsk\u00fdm v\u00edt\u011bzstv\u00edm\u201c a \u201ekrokem vp\u0159ed pro studentsk\u00e9 hnut\u00ed\u201c, ale pouk\u00e1zal na to, \u017ee aktivismus se nezastav\u00ed.<\/span><\/p>\n<p><span>\u201ePokra\u010dujeme d\u00e1l,\u201c \u0159ekl Al\u0161ejk. \u201eTohle nen\u00ed konec.\u201c<\/span><\/p>\n<p><span>T\u00e1bory z lo\u0148sk\u00e9ho jara st\u00e1le rezonuj\u00ed.<\/span><\/p>\n<p><span>V roce 2024 studenti Univerzity v San Franciscu prost\u0159ednictv\u00edm protestu v t\u00e1bo\u0159e tla\u010dili na svou fakultu, aby p\u0159ijala pracovn\u00ed skupinu pro odprodej investic. Jejich pobo\u010dka Students for Justice in Palestine si zajistila m\u00edsto v pracovn\u00ed skupin\u011b a protestuj\u00edc\u00ed vy\u0161et\u0159ovali investice fakulty. Od odhalen\u00ed ekonomick\u00fdch vazeb univerzity na spole\u010dnosti Palantir, L3Harris, GE Aerospace a RTX Corporation tla\u010d\u00ed na administrativu, aby se zbavila investic do americk\u00fdch obrann\u00fdch spole\u010dnost\u00ed kv\u016fli jejich kontrakt\u016fm s izraelskou arm\u00e1dou.<\/span><\/p>\n<p><a href=\"https:\/\/www.kqed.org\/news\/12038385\/usf-divests-from-defense-companies-tied-to-israel-after-pressure-from-students\" data-type=\"link\" data-id=\"https:\/\/www.kqed.org\/news\/12038385\/usf-divests-from-defense-companies-tied-to-israel-after-pressure-from-students\"><span>Minul\u00fd m\u011bs\u00edc<\/span><\/a><span>\u00a0se Univerzita v San Franciscu dohodla na prodeji sv\u00fdch p\u0159\u00edm\u00fdch investic do v\u00fdrobc\u016f zbran\u00ed.<\/span><\/p>\n<p><span>Organiz\u00e1tor, kter\u00fd hovo\u0159il s\u00a0<\/span><em><span>Mondoweissem,<\/span><\/em><span>\u00a0uvedl, \u017ee v\u00edt\u011bzstv\u00ed bylo dosa\u017eeno d\u00edky vytrvalosti studentsk\u00e9ho hnut\u00ed.<\/span><\/p>\n<p><span>\u201ePro studenty to bylo vy\u010derp\u00e1vaj\u00edc\u00ed, ale nepolevili,\u201c \u0159ekla. \u201eLid\u00e9 se sna\u017eili vyvinout tlak na veden\u00ed \u0161koly, a\u0165 u\u017e prost\u0159ednictv\u00edm studentsk\u00e9 samospr\u00e1vy nebo absolvent\u016f. Na\u0161i soudruzi loni naru\u0161ili promoci. V\u0161echny tyto r\u016fzn\u00e9 v\u011bci zv\u00fd\u0161ily na\u0161i viditelnost.\u201c<\/span><\/p>\n<p><span>Aktivist\u00e9 uzn\u00e1vaj\u00ed, \u017ee se jedn\u00e1 o velk\u00e9 v\u00edt\u011bzstv\u00ed, ale \u0159\u00edkaj\u00ed, \u017ee boj je\u0161t\u011b nekon\u010d\u00ed. Cht\u011bj\u00ed, aby \u0161kola zcela p\u0159epracovala svou investi\u010dn\u00ed strategii a p\u0159eru\u0161ila zb\u00fdvaj\u00edc\u00ed vazby na Izrael.<\/span><\/p>\n<h2 class=\"wp-block-heading\"><strong><span>Obsazen\u00ed knihovny v Kolumbii<\/span><\/strong><\/h2>\n<p><span>7. kv\u011btna studenti Kolumbijsk\u00e9 univerzity obsadili \u0161koln\u00ed knihovnu Butler Library na protest proti genocid\u011b v Gaze.<\/span><\/p>\n<p><span>Veden\u00ed Columbijsk\u00e9 univerzity rychle zavolalo policii. Bylo zat\u010deno zhruba 80 lid\u00ed a \u0161kola kv\u016fli t\u00e9to akci rychle suspendovala studenty, v\u010detn\u011b n\u011bkter\u00fdch, kte\u0159\u00ed se\u00a0protestu\u00a0<\/span><a href=\"https:\/\/theintercept.com\/2025\/05\/10\/columbia-library-gaza-protests-students-suspended\/\" data-type=\"link\" data-id=\"https:\/\/theintercept.com\/2025\/05\/10\/columbia-library-gaza-protests-students-suspended\/\"><span>ani ne\u00fa\u010dastnili .<\/span><\/a><\/p>\n<p><span>\u00da\u0159aduj\u00edc\u00ed prezidentka Columbijsk\u00e9 univerzity Claire Shipmanov\u00e1 ve sv\u00e9m prohl\u00e1\u0161en\u00ed uvedla, \u017ee byla nucena zavolat policii, proto\u017ee studenti zp\u016fsobovali \u201ezna\u010dn\u00fd chaos\u201c. Z \u00fatok\u016f Trumpovy administrativy na univerzitn\u00ed aktivisty tak\u00e9 obvinila protestuj\u00edc\u00ed.<\/span><\/p>\n<p><span>\u201eHluboce m\u011b znepokojuje p\u0159edstava, \u017ee v dob\u011b, kdy se na\u0161e mezin\u00e1rodn\u00ed spole\u010denstv\u00ed c\u00edt\u00ed obzvl\u00e1\u0161t\u011b zraniteln\u00e9, se mal\u00e1 skupina student\u016f rozhodla u\u010dinit z na\u0161\u00ed instituce c\u00edl,\u201c\u00a0<\/span><a href=\"https:\/\/president.columbia.edu\/news\/wednesdays-disruption-butler-library\" data-type=\"link\" data-id=\"https:\/\/president.columbia.edu\/news\/wednesdays-disruption-butler-library\"><span>\u0159ekl<\/span><\/a><span>\u00a0Shipman.<\/span><\/p>\n<p><span>Report\u00e9rka Sharon Ottermanov\u00e1 v den\u00edku\u00a0<\/span><em><span>New York Times<\/span><\/em><span>\u00a0srovnala protest s okupac\u00ed Hamilton Hall v Columbii v lo\u0148sk\u00e9m roce, kdy m\u00edsto \u010dinu opustil jedin\u00fd p\u0159\u00edtomn\u00fd policista ve\u0159ejn\u00e9 bezpe\u010dnosti.<\/span><\/p>\n<p><span>\u201eNov\u011b asertivn\u00ed reakce univerzity uspokojila mnoho z t\u011bch, kte\u0159\u00ed ost\u0159e kritizovali Columbii za jej\u00ed zvl\u00e1d\u00e1n\u00ed lo\u0148sk\u00fdch protest\u016f, v\u010detn\u011b pracovn\u00ed skupiny pro antisemitismus Trumpovy administrativy, kter\u00e1 sn\u00ed\u017eila financov\u00e1n\u00ed v\u00fdzkumu pro Columbii o v\u00edce ne\u017e 400 milion\u016f dolar\u016f s od\u016fvodn\u011bn\u00edm toho, co ozna\u010dila za selh\u00e1n\u00ed univerzity v ochran\u011b \u017eidovsk\u00fdch student\u016f,\u201c\u00a0<\/span><a href=\"https:\/\/www.nytimes.com\/2025\/05\/08\/nyregion\/columbia-library-occupation.html\" data-type=\"link\" data-id=\"https:\/\/www.nytimes.com\/2025\/05\/08\/nyregion\/columbia-library-occupation.html\"><span>napsal<\/span><\/a><span>\u00a0Otterman. \u201eColumbia s touto pracovn\u00ed skupinou jedn\u00e1 v nad\u011bji, \u017ee se j\u00ed poda\u0159\u00ed obnovit feder\u00e1ln\u00ed financov\u00e1n\u00ed.\u201c<\/span><\/p>\n<p><span>Trumpova pracovn\u00ed skupina ocenila Shipmanovou reakci na okupaci knihovny. \u201eV kritick\u00e9m okam\u017eiku se ujala veden\u00ed Columbie a tuto situaci zvl\u00e1dla s odvahou a p\u0159esv\u011bd\u010den\u00edm,\u201c\u00a0<\/span><a href=\"https:\/\/www.hhs.gov\/press-room\/hhs-anti-semitism-joint-task-force-columbia-university-statement.html\" data-type=\"link\" data-id=\"https:\/\/www.hhs.gov\/press-room\/hhs-anti-semitism-joint-task-force-columbia-university-statement.html\"><span>uvedla<\/span><\/a><span>\u00a0skupina ve sv\u00e9m prohl\u00e1\u0161en\u00ed.<\/span><\/p>\n<p><span class=\"post-author\"><span class=\"by\"><span>Od\u00a0<\/span><\/span><a class=\"author url fn\" title=\"P\u0159\u00edsp\u011bvky od Michaela Arrii\" href=\"https:\/\/mondoweiss.net\/author\/michael-arria\/\" rel=\"author\"><span>Michaela Arrii<\/span><\/a><\/span><\/p>\n","protected":false},"excerpt":{"rendered":"<p>Studenti protestuj\u00edc\u00ed po cel\u00e9 zemi p\u0159izp\u016fsobuj\u00ed sv\u00e9 strategie Trumpovu z\u00e1sahu proti propalestinsk\u00e9mu hnut\u00ed, ale lze&#8230;<\/p>\n","protected":false},"author":2,"featured_media":79341,"comment_status":"closed","ping_status":"closed","sticky":false,"template":"","format":"standard","meta":[],"categories":[7],"tags":[348,5487,293,37],"_links":{"self":[{"href":"https:\/\/www.infokuryr.cz\/n\/wp-json\/wp\/v2\/posts\/79340"}],"collection":[{"href":"https:\/\/www.infokuryr.cz\/n\/wp-json\/wp\/v2\/posts"}],"about":[{"href":"https:\/\/www.infokuryr.cz\/n\/wp-json\/wp\/v2\/types\/post"}],"author":[{"embeddable":true,"href":"https:\/\/www.infokuryr.cz\/n\/wp-json\/wp\/v2\/users\/2"}],"replies":[{"embeddable":true,"href":"https:\/\/www.infokuryr.cz\/n\/wp-json\/wp\/v2\/comments?post=79340"}],"version-history":[{"count":1,"href":"https:\/\/www.infokuryr.cz\/n\/wp-json\/wp\/v2\/posts\/79340\/revisions"}],"predecessor-version":[{"id":79342,"href":"https:\/\/www.infokuryr.cz\/n\/wp-json\/wp\/v2\/posts\/79340\/revisions\/79342"}],"wp:featuredmedia":[{"embeddable":true,"href":"https:\/\/www.infokuryr.cz\/n\/wp-json\/wp\/v2\/media\/79341"}],"wp:attachment":[{"href":"https:\/\/www.infokuryr.cz\/n\/wp-json\/wp\/v2\/media?parent=79340"}],"wp:term":[{"taxonomy":"category","embeddable":true,"href":"https:\/\/www.infokuryr.cz\/n\/wp-json\/wp\/v2\/categories?post=79340"},{"taxonomy":"post_tag","embeddable":true,"href":"https:\/\/www.infokuryr.cz\/n\/wp-json\/wp\/v2\/tags?post=79340"}],"curies":[{"name":"wp","href":"https:\/\/api.w.org\/{rel}","templated":true}]}}