{"id":7933,"date":"2022-01-31T04:25:21","date_gmt":"2022-01-31T03:25:21","guid":{"rendered":"http:\/\/www.infokuryr.cz\/n\/?p=7933"},"modified":"2022-01-31T04:25:21","modified_gmt":"2022-01-31T03:25:21","slug":"jiny-pohled-na-krizi-na-ukrajine-proc-by-melo-rusko-chtit-zivit-rozkradenou-a-krachujici-ukrajinu","status":"publish","type":"post","link":"https:\/\/www.infokuryr.cz\/n\/2022\/01\/31\/jiny-pohled-na-krizi-na-ukrajine-proc-by-melo-rusko-chtit-zivit-rozkradenou-a-krachujici-ukrajinu\/","title":{"rendered":"Jin\u00fd pohled na krizi na Ukrajin\u011b. Pro\u010d by m\u011blo Rusko cht\u00edt \u017eivit rozkradenou a krachuj\u00edc\u00ed Ukrajinu?"},"content":{"rendered":"<div id=\"fb-root\"><\/div>\n<div><strong>S t\u00edm chystan\u00fdm napaden\u00edm na Ukrajinu je to cel\u00e9 p\u011bkn\u00e1 \u0161a\u0161k\u00e1rna. Z cel\u00e9 Ukrajiny m\u011blo Rusko z\u00e1jem jenom o ten Krym, to je pro Rusko ot\u00e1zka bezpe\u010dnosti, um\u00edst\u011bn\u00ed radaru a vojensk\u00e9 flotily ap.\u00a0\u00a0A ovl\u00e1d\u00e1n\u00ed \u010cern\u00e9ho mo\u0159e a prosazen\u00ed voln\u00e9ho pohybu Bosporem, proto\u017ee Erdogan u\u017e je te\u010f v takov\u00e9m stavu megalomanie, \u017ee by byl schopen usilovat o n\u011bjak\u00e9 omezen\u00ed plavby a vyd\u00edr\u00e1n\u00ed, t\u0159eba n\u011bjak\u00e9 poplatky jako v Suezu.\u00a0<\/strong><\/div>\n<div><\/div>\n<div>A pak Rusko pot\u0159ebuje, aby nebyly na Ukrajin\u011b ciz\u00ed vojska a ni\u010div\u00e9 rakety.<\/div>\n<div><\/div>\n<div>A tak\u00e9 by Rusko nepochybn\u011b vojensky reagovalo, kdyby Kyjev vojensky masivn\u011b napadl Donbas.<\/div>\n<div>Ale p\u0159ipojit k Rusku celou Ukrajinu, na to se m\u016f\u017ee Rusko vyka\u0161lat. Dnes je to vyrabovan\u00e1 a zdevastovan\u00e1 zem\u011b, ve\u0161ker\u00fd high tech pr\u016fmysl zni\u010den\u00fd, funguje tam jenom t\u011b\u017eba a \u017eelez\u00e1rny. A je tam \u00farodn\u00e1 p\u016fda.<\/div>\n<div><\/div>\n<div><img decoding=\"async\" src=\"https:\/\/www.eurabia.cz\/UserFiles\/image\/nemeckoruskocitat.jpg\" alt=\"\" \/><\/div>\n<div><\/div>\n<div>Mo\u017en\u00e1 by Rusko mohlo Ukrajinu p\u0159ipojit, kdy\u017e by jim za to Z\u00e1pad slu\u0161n\u011b zaplatil, aby ten rozkraden\u00fd chudobinec trochu opravili. \u017de by Z\u00e1pad zcela odpustil ukrajinsk\u00fd dluh a pak financoval obnovu zem\u011b, n\u011bco jako Marshall\u016fv pl\u00e1n. A rusk\u00e9 tajn\u00e9 slu\u017eby by doz\u00edraly, aby se ty pen\u00edze \u00fapln\u011b nerozkradly, \u017ee by Ukrajinc\u016fm povolili rozkr\u00e1st jenom \u010dtvrtinu.<\/div>\n<div><\/div>\n<div>Marie Divi\u0161ov\u00e1<\/div>\n<div><\/div>\n<div><\/div>\n","protected":false},"excerpt":{"rendered":"<p>S t\u00edm chystan\u00fdm napaden\u00edm na Ukrajinu je to cel\u00e9 p\u011bkn\u00e1 \u0161a\u0161k\u00e1rna. Z cel\u00e9 Ukrajiny m\u011blo&#8230;<\/p>\n","protected":false},"author":2,"featured_media":866,"comment_status":"closed","ping_status":"closed","sticky":false,"template":"","format":"standard","meta":[],"categories":[6],"tags":[29,22,26,37],"_links":{"self":[{"href":"https:\/\/www.infokuryr.cz\/n\/wp-json\/wp\/v2\/posts\/7933"}],"collection":[{"href":"https:\/\/www.infokuryr.cz\/n\/wp-json\/wp\/v2\/posts"}],"about":[{"href":"https:\/\/www.infokuryr.cz\/n\/wp-json\/wp\/v2\/types\/post"}],"author":[{"embeddable":true,"href":"https:\/\/www.infokuryr.cz\/n\/wp-json\/wp\/v2\/users\/2"}],"replies":[{"embeddable":true,"href":"https:\/\/www.infokuryr.cz\/n\/wp-json\/wp\/v2\/comments?post=7933"}],"version-history":[{"count":0,"href":"https:\/\/www.infokuryr.cz\/n\/wp-json\/wp\/v2\/posts\/7933\/revisions"}],"wp:featuredmedia":[{"embeddable":true,"href":"https:\/\/www.infokuryr.cz\/n\/wp-json\/wp\/v2\/media\/866"}],"wp:attachment":[{"href":"https:\/\/www.infokuryr.cz\/n\/wp-json\/wp\/v2\/media?parent=7933"}],"wp:term":[{"taxonomy":"category","embeddable":true,"href":"https:\/\/www.infokuryr.cz\/n\/wp-json\/wp\/v2\/categories?post=7933"},{"taxonomy":"post_tag","embeddable":true,"href":"https:\/\/www.infokuryr.cz\/n\/wp-json\/wp\/v2\/tags?post=7933"}],"curies":[{"name":"wp","href":"https:\/\/api.w.org\/{rel}","templated":true}]}}