{"id":79317,"date":"2025-05-21T06:45:21","date_gmt":"2025-05-21T04:45:21","guid":{"rendered":"https:\/\/www.infokuryr.cz\/n\/?p=79317"},"modified":"2025-05-21T07:00:29","modified_gmt":"2025-05-21T05:00:29","slug":"michael-svatos-priprava-letecke-valecne-operace-skyshield-v-plnem-proudu-kolik-cechu-planuje-nato-nechat-zarvat","status":"publish","type":"post","link":"https:\/\/www.infokuryr.cz\/n\/2025\/05\/21\/michael-svatos-priprava-letecke-valecne-operace-skyshield-v-plnem-proudu-kolik-cechu-planuje-nato-nechat-zarvat\/","title":{"rendered":"Michael Svato\u0161: P\u0159\u00edprava leteck\u00e9 v\u00e1le\u010dn\u00e9 operace \u201cSkyshield\u201d v pln\u00e9m proudu! Kolik \u010cech\u016f pl\u00e1nuje NATO nechat \u201cza\u0159vat\u201d?"},"content":{"rendered":"<div id=\"fb-root\"><\/div>\n<h3>P\u0159\u00edprava leteck\u00e9 v\u00e1le\u010dn\u00e9 operace \u201cSkyshield\u201d v pln\u00e9m proudu! Kolik \u010cech\u016f pl\u00e1nuje NATO nechat \u201cza\u0159vat\u201d? Putinovy \u00fapln\u011b nov\u00e9 rakety KS-172 smetou v\u0161echna z\u00e1padn\u00ed letadla okam\u017eit\u011b z oblohy!<\/h3>\n<p>Albert Einstein kdysi mraziv\u011b vtipn\u011b prohl\u00e1sil, \u017ee netu\u0161\u00ed, kdy vypukne III. sv\u011btov\u00e1 v\u00e1lka, ale s jistotou v\u00ed, \u017ee IV. sv\u011btov\u00e1 v\u00e1lka u\u017e bude vedena jen kameny a klacky. Obdobn\u011b dnes je kardin\u00e1ln\u00ed ot\u00e1zkou cel\u00e9 st\u0159edoevropsk\u00e9 civilizace, zda se v\u016fbec do\u017eijeme uzav\u0159en\u00ed m\u00edru na Ukrajin\u011b. T\u00edm sp\u00ed\u0161, \u017ee posledn\u00ed unikl\u00e9 materi\u00e1ly z Lond\u00fdna i Pa\u0159\u00ed\u017ee nazna\u010duj\u00ed, \u017ee severoatlanti\u010dt\u00ed v\u00e1le\u010dn\u00edci rad\u011bji prom\u011bn\u00ed Evropu v pustou m\u011bs\u00ed\u010dn\u00ed krajinu, ne\u017e aby nechali padnout Zelensk\u00e9ho re\u017eim na Ukrajin\u011b.<\/p>\n<p>Zelenskyj, i cel\u00e1 kohorta evropsk\u00fdch vl\u00e1dnouc\u00edch politik\u016f, kte\u0159\u00ed p\u0159ed lety vsadili svoji kari\u00e9ru na v\u00edt\u011bzstv\u00ed Kyjeva nad Moskvou, jsou nyn\u00ed v absolutn\u00edch konc\u00edch. Putin se jim v Istanbulu hrub\u011b vysm\u00e1l, a jejich pl\u00e1n, jak pomoc\u00ed 30 dn\u016f trvaj\u00edc\u00edho bezpodm\u00edne\u010dn\u00e9ho p\u0159\u00edm\u011b\u0159\u00ed na Ukrajin\u011b, vnucen\u00e9ho Rusku drz\u00fdmi berl\u00ednsk\u00fdmi, bruselsk\u00fdmi, lond\u00fdnsk\u00fdmi a pa\u0159\u00ed\u017esk\u00fdmi ultim\u00e1ty, byl kremelskou delegac\u00ed okam\u017eit\u011b hned na za\u010d\u00e1tku jedn\u00e1n\u00ed smeten ze stolu. A v\u0161em je tak jasn\u00e9, \u017ee ukrajinsk\u00e1 brann\u00e1 moc, bez oddychov\u00e9ho \u010dasu 30 dn\u00ed, nebude schopna nad\u00e1le Rus\u016fm vzdorovat, a v utrp\u00ed v p\u0159\u00ed\u0161t\u00edch t\u00fddnech na boji\u0161ti kolos\u00e1ln\u00ed por\u00e1\u017eky. Prvn\u00ed zpr\u00e1vy o nich se u\u017e za\u010daly tento t\u00fdden hromadn\u011b objevovat.<\/p>\n<p>V posledn\u00edch 14 dnech jsme v anal\u00fdz\u00e1ch tvrdili, \u017ee Putin letos pot\u0159ebuje, aby donutil Kyjev k p\u0159ijet\u00ed m\u00edru podle jeho podm\u00ednek, dos\u00e1hnout \u201c\u0161okov\u00e9ho\u201d v\u00edt\u011bzstv\u00ed, a \u017ee nejp\u0159\u00edhodn\u011bj\u0161\u00edm objektem pro napln\u011bn\u00ed tohoto jeho v\u00e1le\u010dn\u00e9ho c\u00edle, je ovl\u00e1dnout nebo obkl\u00ed\u010dit velkom\u011bsto Charkov. A v\u010dera se u\u017e v\u011bci daly do pohybu, a tamn\u00ed\u00a0<a href=\"https:\/\/topwar.ru\/264935-ukrainskie-istochniki-soobschajut-chto-fpv-drony-vs-rf-stali-doletat-do-harkova.html\">Zelensk\u00e9ho prefekt Ihor Terechov za\u010dal b\u00edt na poplach, \u017ee rusk\u00e9 drony na optick\u00fdch vl\u00e1knech u\u017e za\u010daly masivn\u011b operovat na p\u0159edm\u011bst\u00edch m\u011bsta, a st\u0159e\u017eit p\u0159\u00edm\u011bstsk\u00e9 komunikace a lesn\u00ed oblasti kolem Charkova p\u0159ed ve\u0161ker\u00fdm v\u00fdskytem, ukr\u00fdv\u00e1n\u00edm i prov\u00e1d\u011bn\u00edm p\u0159esun\u016f ukrajinsk\u00fdch sold\u00e1t\u016f<\/a>. Rusov\u00e9 podle v\u0161eho za\u010dali v posledn\u00edch dnech proti Charkovu nasazovat nov\u00e9, zmodernizovan\u00e9 mal\u00e9 p\u0159esn\u00e9 zabij\u00e1ck\u00e9 drony na optick\u00fdch vl\u00e1knech, a to je jasn\u00e1 p\u0159edzv\u011bst bl\u00ed\u017e\u00edc\u00edch se \u00fato\u010dn\u00fdch operac\u00ed proti m\u011bstu.<\/p>\n<p>Druhou oblast\u00ed toti\u017e, kde tyto vylep\u0161en\u00e9 zabij\u00e1ck\u00e9 drony nyn\u00ed Rusov\u00e9 nasazuj\u00ed, je okol\u00ed m\u011bste\u010dka Dobropolje, p\u0159es kter\u00e9 vede d\u016fle\u017eit\u00e1 ukrajinsk\u00e1 z\u00e1sobovac\u00ed d\u00e1lnice Slovjansk \u2013 Kramatork \u2013 Pokrovsk, a podle hl\u00e1\u0161en\u00ed tamn\u00edch ukrajinsk\u00fdch poln\u00edch velitel\u016f, u\u017e Rusov\u00e9 t\u011bmito drony operuj\u00ed a\u017e 40km do hloubky jejich obrany, a \u00fapln\u011b tak znemo\u017e\u0148uj\u00ed ve\u0161ker\u00fd pohyb z\u00e1sob a vojensk\u00e9 techniky. Proto\u017ee Rusov\u00e9 nyn\u00ed mobiln\u00ed p\u011bchotou pom\u011brn\u011b rychle proti m\u011bste\u010dku Dobropolje nastupuj\u00ed z v\u00fdchodu obchvatem aglomerace Pokrovsk-Myrnohrad ze severov\u00fdchodu , (\u00fatok lev\u00fdm k\u0159\u00eddlem opera\u010dn\u00ed skupiny ST\u0158ED,\u00a0<a href=\"https:\/\/www.michalapetr.com\/map-2299-ofenziva-na-charkov-uz-zacala-jak-rusove-vcera-ukrajincum-v-charkove-slibili-kdyz-nepodepisi-se-uz-deje\/\">viz anal\u00fdza MAP 2299, i s mapami<\/a>), je jasn\u00e9, \u017ee pou\u017eit\u00ed nejnov\u011bj\u0161\u00edch zabij\u00e1ck\u00fdch dron\u016f p\u0159i t\u00e9to dobropoljsk\u00e9 operaci ukazuje na d\u016fle\u017eitost p\u0159ipravovan\u00e9 charkovsk\u00e9 operace, proto\u017ee pouze prioritn\u00ed sm\u011bry \u00fatok\u016f dost\u00e1vaj\u00ed p\u0159id\u011bleny ty nejlep\u0161\u00ed zbran\u011b v dostate\u010dn\u00fdch po\u010dtech. (= Star\u00e1 \u0161t\u00e1bn\u00ed doktr\u00edna Soust\u0159ed\u011bn\u00e9ho man\u00e9vru palebn\u00fdch prost\u0159edk\u016f na nejd\u016fle\u017eit\u011bj\u0161\u00ed sm\u011br, kterou v\u00edce m\u00e9n\u011b dodr\u017euj\u00ed v\u0161echny arm\u00e1dy sv\u011bta, a\u017e na ukrajinskou.<\/p>\n<p>Ta, z d\u016fvod\u016f pochopiteln\u00fdch z\u0159ejm\u011b pouze Zelensk\u00e9ho chr\u00e1n\u011bnc\u016fm, drony st\u00e1le rozd\u011bluje podle neuv\u011b\u0159iteln\u00e9ho kl\u00ed\u010de, kdy si ka\u017ed\u00e1 brig\u00e1da mus\u00ed sehnat v\u011bt\u0161inu dron\u016f sama, nejl\u00e9pe za vlastn\u00ed vybran\u00e9 pen\u00edze. \u017de potom nejsou ukrajin\u0161t\u00ed gener\u00e1lov\u00e9 schopni stejn\u011b jako Rusov\u00e9 p\u0159i kl\u00ed\u010dov\u00fdch bitv\u00e1ch vytvo\u0159it dostate\u010dnou arm\u00e1du dron\u016f, oligarch\u016fm i korup\u010dn\u00edk\u016fm asi nikterak nevad\u00ed.)<\/p>\n<div id=\"attachment_17996\" class=\"wp-caption aligncenter\" style=\"width: 825px;\">\n<p><img decoding=\"async\" loading=\"lazy\" class=\" wp-image-17996\" src=\"https:\/\/www.michalapetr.com\/wp-content\/uploads\/2025\/05\/499461926_9935796273173052_288259177408995690_n.jpg\" sizes=\"(max-width: 960px) 100vw, 960px\" srcset=\"https:\/\/www.michalapetr.com\/wp-content\/uploads\/2025\/05\/499461926_9935796273173052_288259177408995690_n.jpg 960w, https:\/\/www.michalapetr.com\/wp-content\/uploads\/2025\/05\/499461926_9935796273173052_288259177408995690_n-300x169.jpg 300w, https:\/\/www.michalapetr.com\/wp-content\/uploads\/2025\/05\/499461926_9935796273173052_288259177408995690_n-768x432.jpg 768w, https:\/\/www.michalapetr.com\/wp-content\/uploads\/2025\/05\/499461926_9935796273173052_288259177408995690_n-705x397.jpg 705w, https:\/\/www.michalapetr.com\/wp-content\/uploads\/2025\/05\/499461926_9935796273173052_288259177408995690_n-450x253.jpg 450w\" alt=\"\" width=\"825\" height=\"464\" aria-describedby=\"caption-attachment-17996\" \/><\/p>\n<p id=\"caption-attachment-17996\" class=\"wp-caption-text\" style=\"text-align: justify;\">O bl\u00ed\u017e\u00edc\u00edm se\u00a0 Putinovu ta\u017een\u00ed na Charkov vypov\u00edd\u00e1 i pond\u011bln\u00ed (19.5.2025)\u00a0<a href=\"https:\/\/www.facebook.com\/artem.revchuk\/posts\/pfbid031f8dpgh6wUBK9Gcmg3To14piHcGrQHNSiStT1EToHPtLzFRnWaD6kzeZDzSqMwTYl\">nahl\u00e1\u0161en\u00e1 smrt podplukovn\u00edka Ihora Baranivskij<\/a>. Tento elitn\u00ed ukrajinsk\u00fd v\u00e1le\u010dn\u00edk, posu\u010fte sami z n\u00e1zvu jeho funkce: \u201cvelitel 1. bojov\u00e9 skupiny, skupiny zvl\u00e1\u0161tn\u00edho ur\u010den\u00ed, samostatn\u00e9 letky bezpilotn\u00edch syst\u00e9m\u016f zvl\u00e1\u0161tn\u00edho ur\u010den\u00ed, St\u0159ediska zvl\u00e1\u0161tn\u00edho ur\u010den\u00ed\u201d, byl Rusy zlikvidov\u00e1n na Kupjansk\u00e9m sm\u011bru. (Po obou stran\u00e1ch Kupjanska nyn\u00ed na Charkov pronik\u00e1 z v\u00fdchodu rusk\u00e1 Opera\u010dn\u00ed skupina Z\u00c1PAD, a to pod nov\u00fdm velitelem, gener\u00e1lem Sergejem Kuzovlevem.) Ukrajin\u0161t\u00ed oper\u00e1to\u0159i dron\u016f, a i nejvy\u0161\u0161\u00ed velitel\u00e9 t\u011bchto jednotek, se v posledn\u00ed dob\u011b st\u00e1vaj\u00ed \u010dast\u00fdmi ob\u011btmi rusk\u00fdch dron\u016f a raket. Na p\u0159elomu dubna a kv\u011btna Rusov\u00e9 t\u0159eba zlikvidovali i jednoho ze z\u00e1stupc\u016f nejvy\u0161\u0161\u00edho velitele ukrajinsk\u00fdch dron\u016f gener\u00e1la Roberta \u201cMa\u010fara\u201d Brovdyho, a nekrology oper\u00e1tor\u016f dron\u016f se to za\u010dalo jen hem\u017eit. (Viz: 15.5\u00a0<a href=\"https:\/\/www.facebook.com\/CentromegaNGU\/posts\/pfbid0QYFmAiPbWTkF152HShUou1SubxSWJGA7LQhF8jzgvTRBJSubNFcyHSh2LjsRjRB5l\">d\u016fstojn\u00ed Dem\u010denko<\/a>, 15.5.\u00a0<a href=\"https:\/\/www.facebook.com\/CentromegaNGU\/posts\/pfbid0keHsNbhHiJnswbgxYmJb3mpU3hMycgvjV5KEhTqffwib5UX9VVZpen75Uvxojfqtl\">hrdina Ukrajiny Gardt<\/a>. )<\/p>\n<\/div>\n<p>Rusk\u00e1 destruk\u010dn\u00ed a vyhlazovac\u00ed p\u0159evaha na boji\u0161ti m\u00e1 st\u00e1le vzestupn\u00fd trend. V\u010dera Iskander zlikvidoval v Sumsk\u00e9 oblasti nejm\u00e9n\u011b 70 ukrajinsk\u00fdch sold\u00e1t\u016f, kter\u00e9 zase n\u011bjak\u00fd tamn\u00ed vyhl\u00e1\u0161en\u00fd zelen\u00fd idiot shrom\u00e1\u017edil k v\u00fdcviku jen p\u00e1r des\u00edtek kilometr\u016f od linie fronty. A to nemohlo dopadnout jinak,\u00a0<a href=\"https:\/\/t.me\/swodki\/490524\">ne\u017e jak ukazuje toto video<\/a>.\u00a0I Ukrajinci um\u00ed kousat,\u00a0<a href=\"https:\/\/t.me\/swodki\/490568\">zde si m\u016f\u017eete prohl\u00e9dnout v\u010derej\u0161\u00ed p\u0159\u00edlet ukrajinsk\u00e9 klouzav\u00e9 bomby do m\u011bsta Soledar<\/a>,\u00a0kter\u00e9 u\u017e v roce 2022 osvobodil kucha\u0159 Prigo\u017ein. Kolik Putinov\u00fdch voj\u00e1k\u016f z\u016fstalo pod ruinami zhroucen\u00e9 budovy, se lze pouze domn\u00edvat. Souboj Ruska s Ukrajinou v\u0161ak nerozhodnou jednotliv\u00e9 \u00fatoky, ale matematick\u00fd sou\u010det v\u0161ech \u00fatok\u016f. A ten pro Ukrajinu vypad\u00e1 velmi smutn\u011b.<\/p>\n<p>Rusov\u00e9 nyn\u00ed \u00fato\u010d\u00ed pod\u00e9l cel\u00e9 fronty, a jak jsou nyn\u011bj\u0161\u00ed rusk\u00e9 \u00fatoky smrteln\u011b efektivn\u00ed nejl\u00e9pe\u00a0<a href=\"https:\/\/t.me\/swodki\/490537\">vysv\u011btluje toto video<\/a>.\u00a0Odborn\u00edk na videu vid\u00ed, \u017ee ukrajinsk\u00fd prefabrikovan\u00fd betonov\u00fd bunkr i cel\u00fd mohutn\u011b vybudovan\u00fd op\u011brn\u00fd bod pro cca 10 voj\u00e1k\u016f snadno obsadila skupina 3 rusk\u00fdch voj\u00e1k\u016f, a to a\u010dkoli, pov\u0161imn\u011bte si okol\u00ed bunkru, nebyl c\u00edl jejich \u00fatoku p\u0159ed t\u00edm skoro nijak ost\u0159elov\u00e1n d\u011blost\u0159electvem. Cel\u00fd \u00fasp\u011b\u0161n\u00fd \u00fatok rusk\u00fdch p\u011b\u0161\u00e1k\u016f umo\u017enila naprost\u00e1 nadvl\u00e1da rusk\u00fdch dron\u016f nad objektem \u00fatoku. Byly to drony, kdo zahnaly ukrajinsk\u00e9 p\u011b\u0161\u00e1ky ze z\u00e1kop\u016f do betonov\u00e9ho bunkru, a umo\u017enily tak 3 rusk\u00fdm p\u011b\u0161\u00e1k\u016fm, aby se k objektu p\u0159ibl\u00ed\u017eili bez obav z n\u00e1sledk\u016f ukrajinsk\u00e9 obrann\u00e9 st\u0159elby. A naopak tot\u00e1ln\u00ed absence ukrajinsk\u00fdch dron\u016f zase umo\u017enila rusk\u00fdm p\u011b\u0161\u00e1k\u016fm, aby se v syst\u00e9mu opu\u0161t\u011bn\u00fdch z\u00e1kop\u016f pohybovali bez obav z jejich \u00fatok\u016f, a aby nakonec velmi snadno z bunkru, tam p\u0159ed rusk\u00fdmi drony schovan\u00e9, Ukrajince v\u00fdbu\u0161ninami vykou\u0159ili.<\/p>\n<p>Cel\u00e1 dob\u00fdvac\u00ed sekvence ukazuje, \u017ee Ukrajinci na podporu sv\u00fdch obr\u00e1nc\u016f neposlali ani drony, ani na jejich ochranu nedok\u00e1zali vyst\u0159elit ani jedin\u00fd gran\u00e1t dod\u00e1van\u00fd \u010desk\u00fdm gener\u00e1lem Pavlem. Byli to naopak Rusov\u00e9, kdo cel\u00e9 boji\u0161t\u011b kontrolovali drony. Za jasn\u00e9ho kr\u00e1sn\u00e9ho dne, tak bylo nato\u010deno to, co vysv\u011btluje sou\u010dasn\u00e9 hromadn\u00e9 ka\u017edodenn\u00ed ukrajinsk\u00e9 por\u00e1\u017eky. Naprost\u00e1 rusk\u00e1 dominance v oblasti dron\u016f, d\u011blost\u0159electva, raket a bomb, umo\u017e\u0148uje mal\u00fdm skupink\u00e1m rusk\u00e9 mobiln\u00ed motocyklov\u00e9 p\u011bchoty eliminovat jeden ukrajinsk\u00fd obrann\u00fd bod za druh\u00fdm tak\u0159ka bez vlastn\u00edch relevantn\u00edch ztr\u00e1t. Ukrajinci jsou schopni v\u00e9st drony pouze \u201cru\u0161iv\u00e9 operace\u201d, a jejich d\u011blost\u0159electvo je vytla\u010deno mimo palebn\u00fd dosah. Rusov\u00e9 tak nyn\u00ed nepot\u0159ebuj\u00ed tanky, ani obrn\u011bn\u00e1 vozidla, jejich \u00fato\u010dn\u00fd a destruktivn\u00ed potenci\u00e1l nahradily drony. Pokud se situace v tomto segmentu zbran\u00ed dramaticky nezm\u011bn\u00ed, Rusov\u00e9 velmi rychle vy\u010dist\u00ed pracn\u011b vybudovan\u00e9 ukrajinsk\u00e9 bunkry, a zdecimuj\u00ed ukrajinskou \u017eivou s\u00edlu. V posledn\u00edch dnech se ukazuje, \u017ee tento nov\u00fd rusk\u00fd trend postupn\u00e9 likvidace Ukrajinc\u016f pod\u00e9l velk\u00e9 \u010d\u00e1sti linie fronty za cenu vlastn\u00edch margin\u00e1ln\u00edch ztr\u00e1t, m\u00e1 vzestupnou tendenci. A Rus\u016fm vyhraje v\u00e1lku.<\/p>\n<div id=\"attachment_17999\" class=\"wp-caption aligncenter\" style=\"width: 651px;\">\n<p><img decoding=\"async\" loading=\"lazy\" class=\" wp-image-17999\" src=\"https:\/\/www.michalapetr.com\/wp-content\/uploads\/2025\/05\/photo_2025-05-20_19-39-43.jpg\" sizes=\"(max-width: 699px) 100vw, 699px\" srcset=\"https:\/\/www.michalapetr.com\/wp-content\/uploads\/2025\/05\/photo_2025-05-20_19-39-43.jpg 699w, https:\/\/www.michalapetr.com\/wp-content\/uploads\/2025\/05\/photo_2025-05-20_19-39-43-164x300.jpg 164w, https:\/\/www.michalapetr.com\/wp-content\/uploads\/2025\/05\/photo_2025-05-20_19-39-43-562x1030.jpg 562w, https:\/\/www.michalapetr.com\/wp-content\/uploads\/2025\/05\/photo_2025-05-20_19-39-43-385x705.jpg 385w, https:\/\/www.michalapetr.com\/wp-content\/uploads\/2025\/05\/photo_2025-05-20_19-39-43-450x824.jpg 450w\" alt=\"\" width=\"651\" height=\"1192\" aria-describedby=\"caption-attachment-17999\" \/><\/p>\n<p id=\"caption-attachment-17999\" class=\"wp-caption-text\" style=\"text-align: justify;\">Tato kr\u00e1sn\u00e1 mapa, kterou jsem v\u010dera objevil ukazuje linii fronty v prostoru lev\u00e9ho k\u0159\u00eddla opera\u010dn\u00ed skupiny ST\u0158ED, a je na n\u00ed kr\u00e1sn\u011b vid\u011bt, \u017ee po obsazen\u00ed ukrajinsk\u00e9 pevnosti \u010casyv Jar, nov\u00fd velitel skupiny ST\u0158ED gener\u00e1la Solod\u010duk semkne kle\u0161t\u011b, a obkl\u00ed\u010d\u00ed supinu vojsk Ukrajiny v\u010detn\u011b sboru AZOV ve vypoukl\u00e9m oblouku fronty. O Azovc\u00edch je zn\u00e1mo, \u017ee od vy\u0161kolen\u00ed v Mariupou zcela odm\u00edtaj\u00ed riskovat obkl\u00ed\u010den\u00ed, a rychle p\u0159ed n\u00edm prchaj\u00ed. Rusov\u00e9 je nepova\u017euj\u00ed za voj\u00e1ky, ale za teroristy, tak nen\u00ed divu. Jakmile bude prostor vypoukl\u00e9ho oblouku vy\u010di\u0161t\u011bn, Rusov\u00e9 mohou vyrazit na Kramatorsk, a na Slovjansk, a mezerou mezi Pokrovskem a Kramatorskem na Izjum. T\u00edm za\u010dnou ohro\u017eovat Charkov z jihu. Pokud Rusov\u00e9 udr\u017e\u00ed tempo z tohoto t\u00fddne, m\u016f\u017ee b\u00fdt v srpnu cel\u00e1 oblast mezi Slovjaskem a Pokrovskem v jejich rukou.<\/p>\n<\/div>\n<p>Proto\u017ee Ukrajina u\u017e nem\u00e1 \u017e\u00e1dn\u00e9 voj\u00e1ky v z\u00e1loze, mobilizace se tak\u0159ka zastavila, a zbran\u011b doch\u00e1zej\u00ed, proto\u017ee Bidenovy dod\u00e1vky jsou u\u017e vy\u010derpan\u00e9, a Trump \u017e\u00e1dn\u00e9 nov\u00e9 neschv\u00e1lil, a Evropa nem\u00e1 tak\u0159ka nic vojensky u\u017eite\u010dn\u00e9ho v pot\u0159ebn\u00e9m rozsahu k dod\u00e1n\u00ed, je po zhroucen\u00ed pl\u00e1nu na 30 dn\u00ed p\u0159est\u00e1vky v boj\u00edch z\u0159ejm\u00e9, \u017ee osud Ukrajiny z\u00e1vis\u00ed na vl\u00e1sku. A Evropan\u00e9 se op\u011bt rozhodli jednat, a vymysleli nov\u00fd pl\u00e1n, jak na Putina. Po krachu vysl\u00e1n\u00ed evropsk\u00fdch vojsk na Ukrajinu podle pl\u00e1nu tzv. koalice Ochotn\u00fdch, proto\u017ee se zjistilo, \u017ee ze slibovan\u00fdch 100 tis\u00edc v\u00e1le\u010dn\u00edk\u016f NATO se koalici nepoda\u0159ilo sehnat ani 10 tis\u00edc bojovn\u00edk\u016f NATO ochotn\u00fdch sp\u00e1chat na Ukrajin\u011b nevyhnutelnou kolektivn\u00ed sebevra\u017edu, <a href=\"https:\/\/www.aljazeera.com\/news\/2025\/5\/20\/europe-considers-the-perils-of-flying-fighters-in-ukraines-airspace\">byl vymy\u0161len nov\u00fd pl\u00e1n \u201cSkyshield\u201d<\/a>. A podle n\u011bj m\u00e1 z polsk\u00fdch a rumunsk\u00fdch leti\u0161\u0165 vzl\u00e9tat nad Ukrajinu alian\u010dn\u00ed letectvo, a zabra\u0148ovat Rus\u016fm uplat\u0148ovat svoji p\u0159evahu nad Ukrajinci.<\/p>\n<p>Pl\u00e1n to je \u0161\u00edlen\u00fd, a pomineme-li, \u017ee m\u016f\u017ee odstartovat III. sv\u011btovou jadernou v\u00e1lku, m\u00e1 pov\u00e1\u017elivou slabinu. Letadla NATO maj\u00ed k dispozici pouze protileteck\u00e9 rakety AIM 120-D s dost\u0159elem pouh\u00fdch 180km, kde\u017eto\u00a0<a href=\"https:\/\/topwar.ru\/264907-tehnologicheskij-proryv-rossii-v-zapadnoj-presse-ocenili-osnaschenie-perehvatchika-mig-31-raketoj-ks-172.html\">Rusko v\u010dera zavedlo do v\u00fdzbroje rakety KS-172 s dost\u0159elem 400 km<\/a>.\u00a0Tyto speci\u00e1ln\u00ed, nejmodern\u011bj\u0161\u00ed dalekonosn\u00e9 protiletadlov\u00e9 st\u0159ely podle v\u0161eho nemaj\u00ed \u017e\u00e1dnou obdobu, a jsou ur\u010deny pouze pro st\u00edha\u010de MIG-31. Pokud P\u00e1kist\u00e1nci srazili francouzsk\u00e1 letadla tento m\u011bs\u00edc z nebe \u010d\u00ednsk\u00fdmi st\u0159elami, pak Rusov\u00e9 cel\u00e9 alian\u010dn\u00ed letectvo smetou z oblohy je\u0161t\u011b efektivn\u011bji. Lze tak jen doufat, \u017ee Petr Pavel nevy\u0161le na\u0161e piloty na tuto novou NATO \u0161\u00edlenci pl\u00e1novanou sebevra\u017eednou misi. Uff, a je 5 r\u00e1no, a d\u00e1l se nedostanu.<\/p>\n<p>POZOR \u2013\u00a0<a href=\"https:\/\/www.youtube.com\/c\/PetrBure%C5%A1TV\/streams\">Ve \u010dtvrtek ve 20. hodin budu hostem na TV Bure\u0161, po\u0159ad najdete zde.<\/a><\/p>\n<p>Ve \u010dtvrtek 15. kv\u011btna jsem byl hostem u Zde\u0148ka Chytry na Svobodn\u00e9m r\u00e1diu \u2013\u00a0<a class=\"mfp-iframe lightbox-added\" href=\"https:\/\/www.youtube.com\/watch?v=vA31OH66YzY\">po\u0159ad najdete zde<\/a>. V \u00fater\u00fd 13. kv\u011btna jsem byl hostem u Petra H\u00e1jka na Protiproud TV \u2013\u00a0<a class=\"mfp-iframe lightbox-added\" href=\"https:\/\/www.youtube.com\/watch?v=7TxNmbd5BHs\">po\u0159ad najdete zde<\/a>. Maily se propracov\u00e1v\u00e1m, do po\u0159adu na TV Bure\u0161 by m\u011bly b\u00fdt v\u0161echny resty vy\u0159\u00edzeny. D\u011bkuji za pochopen\u00ed.<\/p>\n<p><a href=\"https:\/\/www.michalapetr.com\/map-2302-priprava-letecke-valecne-operace-skyshield-v-plnem-proudu-kolik-cechu-planuje-nato-nechat-zarvat-putinovy-uplne-nove-rakety-ks-172-smetou-vsechna-zapadni-letadla-okamzite-z-oblohy\/\">Michael Svato\u0161<\/a><\/p>\n<p><img decoding=\"async\" loading=\"lazy\" class=\"alignnone size-full wp-image-27204\" src=\"http:\/\/www.infokuryr.cz\/n\/wp-content\/uploads\/2023\/05\/Michael_Svatos.png\" alt=\"\" width=\"180\" height=\"180\" srcset=\"https:\/\/www.infokuryr.cz\/n\/wp-content\/uploads\/2023\/05\/Michael_Svatos.png 180w, https:\/\/www.infokuryr.cz\/n\/wp-content\/uploads\/2023\/05\/Michael_Svatos-150x150.png 150w\" sizes=\"(max-width: 180px) 100vw, 180px\" \/><\/p>\n<p>&nbsp;<\/p>\n","protected":false},"excerpt":{"rendered":"<p>P\u0159\u00edprava leteck\u00e9 v\u00e1le\u010dn\u00e9 operace \u201cSkyshield\u201d v pln\u00e9m proudu! Kolik \u010cech\u016f pl\u00e1nuje NATO nechat \u201cza\u0159vat\u201d? Putinovy&#8230;<\/p>\n","protected":false},"author":2,"featured_media":79318,"comment_status":"closed","ping_status":"closed","sticky":false,"template":"","format":"standard","meta":[],"categories":[6],"tags":[1042,1917,39,22,26,9162],"_links":{"self":[{"href":"https:\/\/www.infokuryr.cz\/n\/wp-json\/wp\/v2\/posts\/79317"}],"collection":[{"href":"https:\/\/www.infokuryr.cz\/n\/wp-json\/wp\/v2\/posts"}],"about":[{"href":"https:\/\/www.infokuryr.cz\/n\/wp-json\/wp\/v2\/types\/post"}],"author":[{"embeddable":true,"href":"https:\/\/www.infokuryr.cz\/n\/wp-json\/wp\/v2\/users\/2"}],"replies":[{"embeddable":true,"href":"https:\/\/www.infokuryr.cz\/n\/wp-json\/wp\/v2\/comments?post=79317"}],"version-history":[{"count":0,"href":"https:\/\/www.infokuryr.cz\/n\/wp-json\/wp\/v2\/posts\/79317\/revisions"}],"wp:featuredmedia":[{"embeddable":true,"href":"https:\/\/www.infokuryr.cz\/n\/wp-json\/wp\/v2\/media\/79318"}],"wp:attachment":[{"href":"https:\/\/www.infokuryr.cz\/n\/wp-json\/wp\/v2\/media?parent=79317"}],"wp:term":[{"taxonomy":"category","embeddable":true,"href":"https:\/\/www.infokuryr.cz\/n\/wp-json\/wp\/v2\/categories?post=79317"},{"taxonomy":"post_tag","embeddable":true,"href":"https:\/\/www.infokuryr.cz\/n\/wp-json\/wp\/v2\/tags?post=79317"}],"curies":[{"name":"wp","href":"https:\/\/api.w.org\/{rel}","templated":true}]}}