{"id":79314,"date":"2025-05-21T06:24:32","date_gmt":"2025-05-21T04:24:32","guid":{"rendered":"https:\/\/www.infokuryr.cz\/n\/?p=79314"},"modified":"2025-05-21T17:25:41","modified_gmt":"2025-05-21T15:25:41","slug":"trump-obvinil-bidenova-poradce-ze-zrady","status":"publish","type":"post","link":"https:\/\/www.infokuryr.cz\/n\/2025\/05\/21\/trump-obvinil-bidenova-poradce-ze-zrady\/","title":{"rendered":"Trump obvinil Bidenova poradce ze zrady"},"content":{"rendered":"<div id=\"fb-root\"><\/div>\n<h3>Americk\u00fd prezident prohl\u00e1sil, \u017ee asistenti zneu\u017e\u00edvali jeho \u201ekognitivn\u011b posti\u017een\u00e9ho\u201c p\u0159edch\u016fdce<\/h3>\n<p>Americk\u00fd prezident Donald Trump obvinil vysoce postaven\u00e9 poradce sv\u00e9ho p\u0159edch\u016fdce ze sp\u00e1ch\u00e1n\u00ed\u00a0<em>\u201ezrady na nejvy\u0161\u0161\u00ed \u00farovni\u201c<\/em>\u00a0t\u00edm, \u017ee \u00fadajn\u011b zneu\u017eili Biden\u016fv kognitivn\u00ed pokles k zav\u00e1d\u011bn\u00ed neopr\u00e1vn\u011bn\u00fdch politik, kter\u00e9 by s\u00e1m nikdy nepodpo\u0159il.<\/p>\n<p data-start=\"635\" data-end=\"921\">V \u00fatern\u00edm p\u0159\u00edsp\u011bvku na Truth Social Trump prohl\u00e1sil, \u017ee Biden nikdy neprosazoval otev\u0159en\u00ed hranic a \u017ee n\u00e1r\u016fst neleg\u00e1ln\u00ed imigrace byl zorganizov\u00e1n zam\u011bstnanci, kte\u0159\u00ed fakticky\u00a0<em>\u201eukradli\u201c<\/em>\u00a0prezidentsk\u00fd \u00fa\u0159ad t\u00edm, \u017ee p\u0159evzali kontrolu nad automatick\u00fdm perem \u2013 za\u0159\u00edzen\u00edm pou\u017e\u00edvan\u00fdm k replikaci podpisu osoby.<\/p>\n<p data-start=\"923\" data-end=\"1227\"><em>\u201eJoe Biden, kter\u00e9ho v\u0161ichni znali, by nikdy nedovolil dealer\u016fm drog, \u010dlen\u016fm gang\u016f a du\u0161evn\u011b nemocn\u00fdm lidem vstoupit do na\u0161\u00ed zem\u011b zcela nekontrolovan\u011b a neprov\u011b\u0159en\u011b. Sta\u010d\u00ed si jen prohl\u00e9dnout jeho historii,\u201c<\/em>\u00a0argumentoval Trump a dodal, \u017ee v\u00fdsledn\u00fd p\u0159\u00edliv st\u00e1l USA\u00a0<em>\u201estovky miliard dolar\u016f\u201c.<\/em><\/p>\n<p data-start=\"1229\" data-end=\"1545\"><em>\u201eNebyl to jeho n\u00e1pad otev\u0159\u00edt hranice\u2026 Byli to lid\u00e9, kte\u0159\u00ed v\u011bd\u011bli, \u017ee m\u00e1 kognitivn\u00ed poruchu, a ti se chopili automatick\u00e9ho otv\u00edr\u00e1n\u00ed,\u201c<\/em>\u00a0dodal.\u00a0\u00a0<em>\u201eTohle je ZRADA na nejvy\u0161\u0161\u00ed \u00farovni!\u2026 T\u011bmto zr\u00e1dn\u00fdm gangster\u016fm, kte\u0159\u00ed cht\u011bli zni\u010dit na\u0161i zemi, ale nemohli, proto\u017ee jsem p\u0159i\u0161el j\u00e1, by se m\u011blo st\u00e1t n\u011bco velmi v\u00e1\u017en\u00e9ho.\u201c<\/em><\/p>\n<p data-start=\"1547\" data-end=\"1961\">Trumpova obvin\u011bn\u00ed se objevuj\u00ed uprost\u0159ed obnoven\u00fdch obav o Bidenovo zdrav\u00ed po ned\u00e1vn\u00e9m ozn\u00e1men\u00ed, \u017ee mu byla diagnostikov\u00e1na agresivn\u00ed forma rakoviny prostaty, kter\u00e1 se vyzna\u010duje Gleasonov\u00fdm sk\u00f3re 9 a metast\u00e1zami do kost\u00ed. Trump sice Bidenovi ve\u0159ejn\u011b pop\u0159\u00e1l v\u0161e nejlep\u0161\u00ed, ale z\u00e1rove\u0148 zpochybnil na\u010dasov\u00e1n\u00ed a transparentnost zve\u0159ejn\u011bn\u00ed a nazna\u010dil, \u017ee ve\u0159ejnost nebyla informov\u00e1na dostate\u010dn\u011b v\u010das.<\/p>\n<p data-start=\"1963\" data-end=\"2237\"><em>\u201eP\u0159ekvapuje m\u011b, \u017ee\u2026 ve\u0159ejnost nebyla informov\u00e1na u\u017e d\u00e1vno, proto\u017ee dostat se do dev\u00e1t\u00e9 f\u00e1ze je dlouh\u00e1 doba,\u201c<\/em>\u00a0\u0159ekl Trump v pond\u011bl\u00ed novin\u00e1\u0159\u016fm a zpochybnil, jak mohli l\u00e9ka\u0159i v B\u00edl\u00e9m dom\u011b a nemocnici Waltera Reeda p\u0159ehl\u00e9dnout onemocn\u011bn\u00ed, jeho\u017e v\u00fdvoj trv\u00e1 roky.<\/p>\n<p data-start=\"2239\" data-end=\"2642\"><em>\u201eA automatick\u00e9 pero se st\u00e1v\u00e1 velmi d\u016fle\u017eitou z\u00e1le\u017eitost\u00ed. V\u00edte, automatick\u00e9 pero se st\u00e1v\u00e1 velkou z\u00e1le\u017eitost\u00ed, proto\u017ee se zd\u00e1, \u017ee to mo\u017en\u00e1 byl prezident \u2013 \u200b\u200bkdokoli s automatick\u00fdm perem manipuloval,\u201c<\/em>\u00a0dodal Trump a spekuloval, zda ti sam\u00ed l\u00e9ka\u0159i p\u0159ehl\u00e9dli zn\u00e1mky kognitivn\u00edho poklesu.\u00a0<em>\u201eJin\u00fdmi slovy, d\u011bj\u00ed se v\u011bci, o kter\u00fdch ve\u0159ejnost nebyla informov\u00e1na. A mysl\u00edm, \u017ee si n\u011bkdo bude muset promluvit se sv\u00fdm l\u00e9ka\u0159em.\u201c<\/em><\/p>\n<p data-start=\"2644\" data-end=\"2886\">Automatick\u00e9 pero se stalo \u00fast\u0159edn\u00edm bodem Trumpovy \u0161ir\u0161\u00ed kritiky Bidenova prezidentstv\u00ed. Za\u010d\u00e1tkem tohoto roku Trump prohl\u00e1sil n\u011bkolik Bidenov\u00fdch milost\u00ed na posledn\u00ed chv\u00edli za\u00a0<em>\u201eneplatn\u00e9\u201c,<\/em>\u00a0proto\u017ee byly \u00fadajn\u011b podeps\u00e1ny bez jeho v\u011bdom\u00ed.<\/p>\n<p data-start=\"2888\" data-end=\"3307\" data-is-last-node=\"\" data-is-only-node=\"\">Pr\u00e1vn\u00ed experti poznamen\u00e1vaj\u00ed, \u017ee pou\u017e\u00edv\u00e1n\u00ed automatick\u00e9ho pera americk\u00fdmi prezidenty m\u00e1 historick\u00fd precedens a je pr\u00e1vn\u011b platn\u00e9, pokud je autorizov\u00e1no. Trump v\u0161ak tvrd\u00ed, \u017ee v Bidenov\u011b p\u0159\u00edpad\u011b mohlo b\u00fdt za\u0159\u00edzen\u00ed zneu\u017eito asistenty jednaj\u00edc\u00edmi nez\u00e1visle. P\u0159edseda dohledov\u00e9ho v\u00fdboru Sn\u011bmovny reprezentant\u016f James Comer od t\u00e9 doby zah\u00e1jil vy\u0161et\u0159ov\u00e1n\u00ed,\u00a0<a href=\"https:\/\/oversight.house.gov\/release\/comer-announces-the-oversight-committee-will-continue-investigating-the-cover-up-of-bidens-mental-decline-use-of-autopen\/\" target=\"_blank\" rel=\"noopener noreferrer\">zda<\/a>\u00a0vysoce postaven\u00ed Bidenovi asistenti zorganizovali kryt\u00ed \u00fadajn\u00e9ho kognitivn\u00edho poklesu prezidenta.<\/p>\n<p data-start=\"2888\" data-end=\"3307\" data-is-last-node=\"\" data-is-only-node=\"\"><img decoding=\"async\" loading=\"lazy\" class=\"alignnone size-full wp-image-71983\" src=\"http:\/\/www.infokuryr.cz\/n\/wp-content\/uploads\/2025\/02\/aaa.jpg\" alt=\"\" width=\"89\" height=\"23\" \/><\/p>\n<p data-start=\"2888\" data-end=\"3307\" data-is-last-node=\"\" data-is-only-node=\"\">\n","protected":false},"excerpt":{"rendered":"<p>Americk\u00fd prezident prohl\u00e1sil, \u017ee asistenti zneu\u017e\u00edvali jeho \u201ekognitivn\u011b posti\u017een\u00e9ho\u201c p\u0159edch\u016fdce Americk\u00fd prezident Donald Trump obvinil&#8230;<\/p>\n","protected":false},"author":2,"featured_media":56645,"comment_status":"closed","ping_status":"closed","sticky":false,"template":"","format":"standard","meta":[],"categories":[7],"tags":[72,1226,4087,452],"_links":{"self":[{"href":"https:\/\/www.infokuryr.cz\/n\/wp-json\/wp\/v2\/posts\/79314"}],"collection":[{"href":"https:\/\/www.infokuryr.cz\/n\/wp-json\/wp\/v2\/posts"}],"about":[{"href":"https:\/\/www.infokuryr.cz\/n\/wp-json\/wp\/v2\/types\/post"}],"author":[{"embeddable":true,"href":"https:\/\/www.infokuryr.cz\/n\/wp-json\/wp\/v2\/users\/2"}],"replies":[{"embeddable":true,"href":"https:\/\/www.infokuryr.cz\/n\/wp-json\/wp\/v2\/comments?post=79314"}],"version-history":[{"count":0,"href":"https:\/\/www.infokuryr.cz\/n\/wp-json\/wp\/v2\/posts\/79314\/revisions"}],"wp:featuredmedia":[{"embeddable":true,"href":"https:\/\/www.infokuryr.cz\/n\/wp-json\/wp\/v2\/media\/56645"}],"wp:attachment":[{"href":"https:\/\/www.infokuryr.cz\/n\/wp-json\/wp\/v2\/media?parent=79314"}],"wp:term":[{"taxonomy":"category","embeddable":true,"href":"https:\/\/www.infokuryr.cz\/n\/wp-json\/wp\/v2\/categories?post=79314"},{"taxonomy":"post_tag","embeddable":true,"href":"https:\/\/www.infokuryr.cz\/n\/wp-json\/wp\/v2\/tags?post=79314"}],"curies":[{"name":"wp","href":"https:\/\/api.w.org\/{rel}","templated":true}]}}