{"id":79313,"date":"2025-05-21T06:25:49","date_gmt":"2025-05-21T04:25:49","guid":{"rendered":"https:\/\/www.infokuryr.cz\/n\/?p=79313"},"modified":"2025-05-21T06:25:49","modified_gmt":"2025-05-21T04:25:49","slug":"jindrich-kulhavy-opravdu-to-rekl","status":"publish","type":"post","link":"https:\/\/www.infokuryr.cz\/n\/2025\/05\/21\/jindrich-kulhavy-opravdu-to-rekl\/","title":{"rendered":"Jind\u0159ich Kulhav\u00fd: Opravdu to \u0159ekl?"},"content":{"rendered":"<div id=\"fb-root\"><\/div>\n<p><strong><span class=\"anotation\">V\u00a0Rumunsku skon\u010dily velmi kontroverzn\u00ed prezidentsk\u00e9 volby \u201ev\u00fdhrou\u201c prounijn\u00edho kandid\u00e1ta a bylo by zaj\u00edmav\u00e9 zjistit, jak by to dopadlo, kdyby nebylo zru\u0161eno prvn\u00ed kolo, p\u0159\u00edpadn\u011b co by se d\u011blo, kdyby bruselsk\u00e1 z\u00e1chrann\u00e1 brzda ve volb\u00e1ch prohr\u00e1la. Jist\u00e9 je, \u017ee se manipulace s\u00a0volebn\u00edmi v\u00fdsledky st\u00e1v\u00e1 standardem a teoretick\u00fd \u00fasp\u011bch neliber\u00e1ln\u00edch stran a uchaze\u010d\u016f je vylo\u017een\u011b d\u016fvodem k\u00a0p\u0159edb\u011b\u017en\u00e9 likvidaci i t\u011bch posledn\u00edch zbytk\u016f demokracie.<\/span><\/strong><\/p>\n<div id=\"pagetext\">\n<p>\u00a0\u00a0S\u00a0p\u0159ihl\u00e9dnut\u00edm k\u00a0tomu, jak se na Z\u00e1padu \u010dachruje s\u00a0volebn\u00edmi l\u00edstky, lze pova\u017eovat za drzost jakoukoliv zm\u00ednku o tom, \u017ee by Putin \u010di Luka\u0161enko byli samozvan\u00fdmi dikt\u00e1tory. Naopak zcela zjevn\u00e9 znaky upozor\u0148uj\u00edc\u00ed na touhu po absolutistick\u00e9 moci lze vn\u00edmat u p\u0159edsedkyn\u011b Evropsk\u00e9 komise Leyenov\u00e9. Daleko za n\u00ed z\u016fst\u00e1v\u00e1 n\u00e1\u0161 Petr Pavel, nicm\u00e9n\u011b i on u\u017e se p\u00e1rkr\u00e1t projevil a v\u00a0podstat\u011b uk\u00e1zal, \u017ee nezapomn\u011bl nic ze sv\u00e9ho ml\u00e1d\u00ed tr\u00e1ven\u00e9ho v\u00a0KS\u010c. Posledn\u00edm v\u00fdrokem o tom, \u017ee by i v\u00a0p\u0159\u00edpad\u011b \u00fasp\u011bchu n\u011bkter\u00e9 z\u00a0neliber\u00e1ln\u00edch stran nejmenoval \u017e\u00e1dn\u00e9ho EU a NATO odm\u00edtaj\u00edc\u00edho aspiranta na ministra, uk\u00e1zal jen svou bezb\u0159ehou poslu\u0161nost p\u00e1n\u016fm, kte\u0159\u00ed ho dostrkali a\u017e na Pra\u017esk\u00fd hrad. Tento bezp\u00e1te\u0159n\u00ed prosp\u011bch\u00e1\u0159 bude plnit povinnosti hl\u00eddac\u00edho psa liberalismu a\u017e do posledn\u00edho okam\u017eiku. Kdy\u017e jsme si nasadili do ko\u017eichu ve\u0161, budeme se muset je\u0161t\u011b n\u011bjakou dobu drbat, ne\u017e se j\u00ed zbav\u00edme.<\/p>\n<p>Mezi t\u00edm Petr Fiala op\u011bt odjel na Ukrajinu a na d\u00e1lku n\u00e1m d\u00e1v\u00e1 v\u011bd\u011bt, \u017ee do roku 2029 zdvojn\u00e1sob\u00edme obchod se zem\u00ed, kter\u00e1 v\u00a0t\u00e9 dob\u011b u\u017e mo\u017en\u00e1 nebude existovat. Nebo bude podstatn\u011b men\u0161\u00ed. Neschopnost na\u0161eho premi\u00e9ra vn\u00edmat realitu je stra\u0161ideln\u00e1. Neprobudilo ho ani to, jak na n\u011bj lid\u00e9 na p\u0159edvolebn\u00edch akc\u00edch p\u00edskaj\u00ed, pokud tedy n\u011bkdo mimo placen\u00e9ho komparsu za n\u00edm doraz\u00ed. Daleko v\u00edce \u00fa\u010dastn\u00edk\u016f bylo na ned\u011bln\u00ed se\u0161losti motoristick\u00fdch nad\u0161enc\u016f ve v\u0161enorsk\u00e9m\u00a0objektu Richarda Chlada podporuj\u00edc\u00edch Filipa Turka. Pokud snad Fiala st\u00e1le v\u011b\u0159\u00ed ve v\u00edt\u011bzstv\u00ed Zelensk\u00e9ho, je u\u017e jedn\u00edm z\u00a0m\u00e1la. Smutn\u00e9 je, \u017ee z\u00a0n\u00e1s v\u0161ech d\u011bl\u00e1 v\u00a0o\u010d\u00edch sv\u011bta i Ruska \u00fapln\u00e9 idioty. Petr Pavel i Petr Fiala sami sebe vn\u00edmaj\u00ed jako v\u016fdce n\u00e1roda, ov\u0161em dle v\u0161eho, u\u017e mnoho dal\u0161\u00edch je za n\u011b pova\u017euj\u00edc\u00edch nezb\u00fdv\u00e1.<\/p>\n<p>Bl\u00ed\u017e\u00edc\u00ed se volby vyvol\u00e1vaj\u00ed mnoho emoc\u00ed u\u017e nyn\u00ed. Koresponden\u010dn\u00ed zp\u016fsob vzbuzuje po zku\u0161enostech z\u00a0USA a dal\u0161\u00edch zem\u00ed obavy z\u00a0manipulac\u00ed a zm\u011bnami v\u00fdsledk\u016f. Prezident postr\u00e1daj\u00edc\u00ed apolitick\u00fd nadhled jednozna\u010dn\u011b p\u0159ipravuje situaci, kter\u00e1 by mohla vytvo\u0159it nebezpe\u010dn\u00fd precedens. Nazna\u010duje, \u017ee ho v\u016fbec nezaj\u00edm\u00e1 rozhodnut\u00ed voli\u010d\u016f, jejich n\u00e1zor. Daleko v\u00edce ho ovliv\u0148uj\u00ed strach a obavy z\u00a0p\u0159\u00edpadn\u00e9 prohry p\u0159edstavitel\u016f eurohujersk\u00e9 vl\u00e1dn\u00ed koalice. A nijak to neskr\u00fdv\u00e1. Proto se sna\u017e\u00ed ovlivnit v\u00fdsledek voleb dop\u0159edu. Nejprve uji\u0161\u0165ov\u00e1n\u00edm, \u017ee jmenuje do vl\u00e1dy jen z\u00a0jeho pohledu vhodn\u00e9 adepty, pot\u00e9 bude schopen cel\u00fd volebn\u00ed proces zastavit, bude li to t\u0159eba. A to nen\u00ed v\u0161e.<\/p>\n<p>Do obdob\u00ed vl\u00e1dy Petra Fialy budeme jednou zahrnovat plno z\u00e1porn\u00fdch ud\u00e1lost\u00ed od po\u010d\u00e1te\u010dn\u00ed v\u00e1\u0161niv\u00e9 obhajoby Green Dealu v\u00a0dob\u011b na\u0161eho p\u0159edsednictv\u00ed EU, pozd\u011bji odm\u00edtnut\u00ed vyplacen\u00ed sl\u00edben\u00fdch pen\u011bz ur\u010den\u00fdch jako pomoc kraj\u016fm vyplaven\u00fdch lo\u0148sk\u00fdmi povodn\u011bmi, podpis Migra\u010dn\u00edho paktu, ob\u0159\u00ed inflaci, nakonec i p\u0159id\u00e1n\u00ed podpisu pod extr\u00e9mn\u011b z\u00e1ludnou a nebezpe\u010dnou Pandemickou smlouvu d\u00e1vaj\u00edc\u00ed WHO obrovsk\u00e9 pravomoci. P\u0159iznejme si, \u017ee u\u017e se m\u016f\u017ee st\u00e1t cokoliv mimo v\u00edt\u011bzstv\u00ed nyn\u011bj\u0161\u00edch opozi\u010dn\u00edch subjekt\u016f. Nebo se lid\u00e9 prost\u011b na\u0161tvou v\u0161e dopadne jinak. Ale to je zat\u00edm nere\u00e1ln\u00e9.<\/p>\n<p><a href=\"https:\/\/www.inadhled.live\/zajimavosti\/opravdu-to-rekl-\/\">Jind\u0159ich Kulhav\u00fd<\/a><\/p>\n<p><img decoding=\"async\" loading=\"lazy\" class=\"alignnone size-full wp-image-48136\" src=\"http:\/\/www.infokuryr.cz\/n\/wp-content\/uploads\/2024\/02\/kulhavy-jindrich.jpg\" alt=\"\" width=\"219\" height=\"221\" srcset=\"https:\/\/www.infokuryr.cz\/n\/wp-content\/uploads\/2024\/02\/kulhavy-jindrich.jpg 219w, https:\/\/www.infokuryr.cz\/n\/wp-content\/uploads\/2024\/02\/kulhavy-jindrich-150x150.jpg 150w\" sizes=\"(max-width: 219px) 100vw, 219px\" \/><\/p>\n<p>&nbsp;<\/p>\n<\/div>\n","protected":false},"excerpt":{"rendered":"<p>V\u00a0Rumunsku skon\u010dily velmi kontroverzn\u00ed prezidentsk\u00e9 volby \u201ev\u00fdhrou\u201c prounijn\u00edho kandid\u00e1ta a bylo by zaj\u00edmav\u00e9 zjistit, jak&#8230;<\/p>\n","protected":false},"author":2,"featured_media":57285,"comment_status":"closed","ping_status":"closed","sticky":false,"template":"","format":"standard","meta":[],"categories":[6],"tags":[1503,1173,196,27],"_links":{"self":[{"href":"https:\/\/www.infokuryr.cz\/n\/wp-json\/wp\/v2\/posts\/79313"}],"collection":[{"href":"https:\/\/www.infokuryr.cz\/n\/wp-json\/wp\/v2\/posts"}],"about":[{"href":"https:\/\/www.infokuryr.cz\/n\/wp-json\/wp\/v2\/types\/post"}],"author":[{"embeddable":true,"href":"https:\/\/www.infokuryr.cz\/n\/wp-json\/wp\/v2\/users\/2"}],"replies":[{"embeddable":true,"href":"https:\/\/www.infokuryr.cz\/n\/wp-json\/wp\/v2\/comments?post=79313"}],"version-history":[{"count":0,"href":"https:\/\/www.infokuryr.cz\/n\/wp-json\/wp\/v2\/posts\/79313\/revisions"}],"wp:featuredmedia":[{"embeddable":true,"href":"https:\/\/www.infokuryr.cz\/n\/wp-json\/wp\/v2\/media\/57285"}],"wp:attachment":[{"href":"https:\/\/www.infokuryr.cz\/n\/wp-json\/wp\/v2\/media?parent=79313"}],"wp:term":[{"taxonomy":"category","embeddable":true,"href":"https:\/\/www.infokuryr.cz\/n\/wp-json\/wp\/v2\/categories?post=79313"},{"taxonomy":"post_tag","embeddable":true,"href":"https:\/\/www.infokuryr.cz\/n\/wp-json\/wp\/v2\/tags?post=79313"}],"curies":[{"name":"wp","href":"https:\/\/api.w.org\/{rel}","templated":true}]}}