{"id":7931,"date":"2022-01-31T03:47:23","date_gmt":"2022-01-31T02:47:23","guid":{"rendered":"http:\/\/www.infokuryr.cz\/n\/?p=7931"},"modified":"2022-01-31T03:47:45","modified_gmt":"2022-01-31T02:47:45","slug":"p-c-roberts-nejzhavejsi-zprava-z-ukrajinske-fronty","status":"publish","type":"post","link":"https:\/\/www.infokuryr.cz\/n\/2022\/01\/31\/p-c-roberts-nejzhavejsi-zprava-z-ukrajinske-fronty\/","title":{"rendered":"P.C.Roberts: Nej\u017ehav\u011bj\u0161i zpr\u00e1va z ukrajinsk\u00e9 fronty"},"content":{"rendered":"<div id=\"fb-root\"><\/div>\n<p class=\"Standard\">SKON\u010cENO. PUTIN VYHR\u00c1L. Victoria Nulandov\u00e1, neokonzervativn\u00ed v\u00e1le\u010dn\u00e1 \u0161tv\u00e1\u010dka, jmenovan\u00e1 bl\u00e1znem z B\u00edl\u00e9ho domu n\u00e1m\u011bstkyn\u00ed americk\u00e9ho ministra zahrani\u010d\u00ed, ozn\u00e1mila kapitulaci Washingtonu, kdy\u017e se obr\u00e1tila na \u010c\u00ednu s po\u017eadavkem, aby tato vyu\u017eila sv\u016fj vliv na Rusko a odvr\u00e1tilo je od invaze. Dala tak na v\u011bdom\u00ed to, co u\u017e t\u00e9m\u011b\u0159 ka\u017ed\u00fd v\u011bd\u011bl: USA a NATO postr\u00e1daj\u00ed v\u00e1le\u010dnou kapacitu.<\/p>\n<p class=\"Standard\">Kapitulace Washingtonu n\u00e1sledovala pot\u00e9, co se ukrajinsk\u00fd prezident obr\u00e1til na vl\u00e1du USA s prosbou, aby zastavila svoji propagandu o p\u0159\u00edprav\u011b \u201erusk\u00e9 intervence\u201c, proto\u017ee o t\u00e9to zaprv\u00e9 nic nesv\u011bd\u010d\u00ed, a zadruh\u00e9 proto, \u017ee tato americk\u00e1 propaganda je a\u017e moc provokativn\u00ed. N\u011bmecko odm\u00edtlo d\u00e1t sv\u016fj souhlas s p\u0159eletem britsk\u00fdch letadel, dopravuj\u00edc\u00edch zbran\u011b na Ukrajinu, p\u0159es sv\u00e9 v\u00fdsostn\u00e9 \u00fazem\u00ed, a dv\u011b zem\u011b NATO ozn\u00e1mily, \u017ee sv\u00e9 voj\u00e1ky k sil\u00e1m NATO na Ukrajin\u011b nep\u0159ipoj\u00ed. To v\u0161e si tedy dal Washington jaksi dohromady a stalo se to, co se stalo.<\/p>\n<p class=\"Standard\">V\u011bt\u0161ina zem\u00ed pochopila, \u017ee americk\u00e9 odm\u00edtnut\u00ed vysly\u0161et n\u00e1vrh rusk\u00e9 vl\u00e1dy k zaji\u0161t\u011bn\u00ed vz\u00e1jemn\u00e9 bezpe\u010dnosti je nerozumn\u00e9 i nebezpe\u010dn\u00e9, a \u017ee strategie Washingtonu Ukrajince vyzbrojit a vycvi\u010dit je k boji, a tak je vyprovokovat k mohutn\u011bj\u0161\u00edmu \u00fatoku na donbassk\u00e9 Rusy, selhala. Ukrajina toti\u017e v\u00ed, \u017ee jak\u00e9koli \u0161kody a ni\u010den\u00ed v Donbasu Rusov\u00e9 nep\u0159ipust\u00ed. Ukrajinci si nav\u00edc nejsou v\u016fbec jisti, zda by dok\u00e1zali donbasskou arm\u00e1du, pravd\u011bpodobn\u011b u\u017e vyzbrojenou nov\u00fdmi a vysoce \u00fa\u010dinn\u00fdmi rusk\u00fdmi zbran\u011bmi, porazit. Ukrajina d\u00e1le ch\u00e1pe i to, \u017ee Rusko je schopno vymazat jej\u00ed vojensk\u00e9 s\u00edly konven\u010dn\u00edmi raketami, ani\u017e by p\u0159ekro\u010dilo ukrajinskou hranici. Ukrajinci t\u00e9\u017e v\u011bd\u00ed, \u017ee by jim v p\u0159\u00edpad\u011b sv\u00e9ho vlastn\u00edho \u00fatoku na Donbas nikdo nep\u0159i\u0161el na pomoc, co\u017e potvrdil Pentagon sv\u00fdm ozn\u00e1men\u00edm, \u017ee na Ukrajinu nebudou vysl\u00e1ny \u017e\u00e1dn\u00e9 americk\u00e9 jednotky.<\/p>\n<p class=\"Standard\">To, \u017ee Washington ve\u0159ejn\u011b rusk\u00fd n\u00e1vrh odm\u00edtl, neznamen\u00e1 nic, proto\u017ee \u017e\u00e1dn\u00e1 jin\u00e1 alternativa, ne\u017e jednat podle n\u011bj, se mu de facto nenab\u00edz\u00ed. Rusov\u00e9 se tedy Washingtonu kone\u010dn\u011b r\u00e1zn\u011b postavili (a u\u017e byl nejvy\u0161\u0161\u00ed \u010das tak u\u010dinit), a ka\u017ed\u00fd, v\u010detn\u011b lid\u00ed ve Washingtonu, nyn\u00ed rozum\u011bj\u00ed tomu, \u017ee Ukrajina nikdy nebude \u010dlenem NATO.<\/p>\n<p class=\"Standard\">Raketov\u00e9 z\u00e1kladny USA a NATO v Polsku a Rumunsku budou \u010dasem a bez hluku vyklizeny. Washington bude i nad\u00e1le bur\u00e1cet a vyhro\u017eovat, ale schopen akce u\u017e nebude, a diplomati\u010dt\u00ed Rusov\u00e9 mu n\u011bjak\u00fdm naaran\u017eovan\u00fdm zp\u016fsobem umo\u017en\u00ed, aby ze z\u00e1le\u017eitosti vy\u0161el bez ztr\u00e1ty tv\u00e1\u0159e.<\/p>\n<p class=\"Standard\">Sv\u011bt se zkr\u00e1tka neoblomn\u00e9mu po\u017eadavku Ruska a jeho bezkonkure\u010dn\u00ed vojensk\u00e9 p\u0159evaze, podporovan\u00e9 \u010c\u00ednou, p\u0159izp\u016fsobil.<\/p>\n<p class=\"Standard\">Nu a nyn\u00ed, kdy tedy na sc\u00e9nu sv\u011btov\u00e9ho d\u011bn\u00ed vstoupila dlouho potla\u010dovan\u00e1 rusk\u00e1 asertivita, o\u010dek\u00e1v\u00e1m, \u017ee se Washington pohne sm\u011brem ke kooperativn\u011bj\u0161\u00ed i m\u00edrumilovn\u011bj\u0161\u00ed politice.<\/p>\n<p class=\"Standard\"><em>P\u0159eklad: Lubom\u00edr Man<\/em><\/p>\n<p>&nbsp;<\/p>\n","protected":false},"excerpt":{"rendered":"<p>SKON\u010cENO. PUTIN VYHR\u00c1L. Victoria Nulandov\u00e1, neokonzervativn\u00ed v\u00e1le\u010dn\u00e1 \u0161tv\u00e1\u010dka, jmenovan\u00e1 bl\u00e1znem z B\u00edl\u00e9ho domu n\u00e1m\u011bstkyn\u00ed americk\u00e9ho&#8230;<\/p>\n","protected":false},"author":2,"featured_media":810,"comment_status":"closed","ping_status":"closed","sticky":false,"template":"","format":"standard","meta":[],"categories":[7],"tags":[64,29,22,37],"_links":{"self":[{"href":"https:\/\/www.infokuryr.cz\/n\/wp-json\/wp\/v2\/posts\/7931"}],"collection":[{"href":"https:\/\/www.infokuryr.cz\/n\/wp-json\/wp\/v2\/posts"}],"about":[{"href":"https:\/\/www.infokuryr.cz\/n\/wp-json\/wp\/v2\/types\/post"}],"author":[{"embeddable":true,"href":"https:\/\/www.infokuryr.cz\/n\/wp-json\/wp\/v2\/users\/2"}],"replies":[{"embeddable":true,"href":"https:\/\/www.infokuryr.cz\/n\/wp-json\/wp\/v2\/comments?post=7931"}],"version-history":[{"count":0,"href":"https:\/\/www.infokuryr.cz\/n\/wp-json\/wp\/v2\/posts\/7931\/revisions"}],"wp:featuredmedia":[{"embeddable":true,"href":"https:\/\/www.infokuryr.cz\/n\/wp-json\/wp\/v2\/media\/810"}],"wp:attachment":[{"href":"https:\/\/www.infokuryr.cz\/n\/wp-json\/wp\/v2\/media?parent=7931"}],"wp:term":[{"taxonomy":"category","embeddable":true,"href":"https:\/\/www.infokuryr.cz\/n\/wp-json\/wp\/v2\/categories?post=7931"},{"taxonomy":"post_tag","embeddable":true,"href":"https:\/\/www.infokuryr.cz\/n\/wp-json\/wp\/v2\/tags?post=7931"}],"curies":[{"name":"wp","href":"https:\/\/api.w.org\/{rel}","templated":true}]}}