{"id":79309,"date":"2025-05-21T06:16:02","date_gmt":"2025-05-21T04:16:02","guid":{"rendered":"https:\/\/www.infokuryr.cz\/n\/?p=79309"},"modified":"2025-05-21T07:36:34","modified_gmt":"2025-05-21T05:36:34","slug":"zlociny-propagandy-tv-nova-britove-pry-lituji-odchodu-z-eu-a-brexitu-lzete-lotri-lituji-neodchodu-z-eu","status":"publish","type":"post","link":"https:\/\/www.infokuryr.cz\/n\/2025\/05\/21\/zlociny-propagandy-tv-nova-britove-pry-lituji-odchodu-z-eu-a-brexitu-lzete-lotri-lituji-neodchodu-z-eu\/","title":{"rendered":"Zlo\u010diny propagandy TV NOVA: Britov\u00e9 pr\u00fd lituj\u00ed odchodu z EU a Brexitu! L\u017eete lot\u0159i, lituj\u00ed NEODCHODU z EU!"},"content":{"rendered":"<div id=\"fb-root\"><\/div>\n<div class=\"introtext\">\n<h4>Mas\u00edrka zoufalstv\u00ed deton\u00e1tor\u016f manipulac\u00ed a zlo\u010dinu bruselsk\u00e9 propagandy. Nemus\u00edme se rozepisovat p\u0159\u00edli\u0161, sta\u010d\u00ed p\u00e1r \u00fadaj\u016f a uvid\u00edte, \u017ee opak je pravdou. Kdo skute\u010dn\u011b lituje?<\/h4>\n<\/div>\n<div class=\"fulltext\">\n<h2><strong>D\u016eKAZ<\/strong><\/h2>\n<p>V\u00fdklad gr\u00e1zla\u00a0 na masmediu propagandy Tv NOVA: sta\u010d\u00ed vynechat jedno slov\u00ed\u010dko a vyzn\u00ed v\u0161e jinak! Opa\u010dn\u011b!<\/p>\n<table>\n<tbody>\n<tr>\n<td>Britsk\u00e1 vl\u00e1da v pond\u011bl\u00ed ozn\u00e1mila, \u017ee uzav\u0159ela nov\u00e9 dohody s Evropskou uni\u00ed o pos\u00edlen\u00ed obrann\u00e9 spolupr\u00e1ce, zjednodu\u0161en\u00ed obchodu s potravinami i hrani\u010dn\u00edch kontrol. Co v\u0161echno to znamen\u00e1 nejenom pro EU a Spojen\u00e9 kr\u00e1lovstv\u00ed, ale t\u0159eba tak\u00e9 pro \u010ceskou republiku, okomentoval (<strong><em>dal\u0161\u00ed vysava\u010d pen\u011bz prapodivn\u00e9 neziskovky<\/em><\/strong>) v\u00fdkonn\u00fd \u0159editel Institutu Europeum Martin Vok\u00e1lek.<\/p>\n<h3>Vok\u00e1lek: Britov\u00e9 brexitu sp\u00ed\u0161e lituj\u00ed<\/h3>\n<p>Britov\u00e9 nyn\u00ed hodnot\u00ed Brexit sp\u00ed\u0161e negativn\u011b, \u0159\u00edk\u00e1 lehko\u017eivka Vok\u00e1lek. &#8222;Data ukazuj\u00ed, \u017ee p<strong>ouze n\u011bjak\u00fdch snad 11 % obyvatel Velk\u00e9 Brit\u00e1nie<\/strong>\u00a0pova\u017euje zvl\u00e1dnut\u00ed brexitu za \u00fasp\u011b\u0161n\u00e9&#8230;<\/p>\n<p>Zdroj:\u00a0<a href=\"https:\/\/tn.nova.cz\/zpravodajstvi\/clanek\/613565-brusel-a-londyn-podepsaly-nove-dohody-britove-vystoupeni-lituji-hodnoti-vokalek?campaignsrc=tn_clipboard\" target=\"_blank\" rel=\"noopener\">https:\/\/tn.nova.cz\/zpravodajstvi\/clanek\/613565-brusel-a-londyn-podepsaly-nove-dohody-britove-vystoupeni-lituji-hodnoti-vokalek?campaignsrc=tn_clipboard<\/a><\/td>\n<\/tr>\n<\/tbody>\n<\/table>\n<h3>Ano, to pravda je, \u017ee lid\u00e9 lituj\u00ed. Ale \u010deho? Neodchodu z Bruselu a \u0161mejd\u016f, co s Brity manipuluj\u00ed!<\/h3>\n<p>A nyn\u00ed si v\u0161imn\u011bte, jak zase bruselsk\u00e1 propaganda d\u011bl\u00e1 z lid\u00ed idioty. Jednozna\u010dn\u011b je pravda, \u017ee Britov\u00e9 lituj\u00ed, jak jejich vl\u00e1da darebn\u011b prov\u00e1d\u00ed odluku od Evropsk\u00e9 unie a nad\u00e1v\u00e1. Ale nad\u00e1v\u00e1, \u017ee to zavinila neschopn\u00e1 vl\u00e1da a nikoliv to, \u017ee odchod od dareb\u00e1k\u016f z Bruselu je \u0161patn\u011b!<\/p>\n<p>A jak\u00fd je ten d\u016fkaz? Strana skv\u011bl\u00e9 \u017delezn\u00e9 lady Margaret Thatcherov\u00e9 jde ke dnu jako ODS. Tak\u00e9 ji vede banda neschopn\u00fdch lempl\u016f a korup\u010dn\u00edk\u016f. A tak obrovsk\u00fd n\u00e1stup strany, kter\u00e1 nab\u00edz\u00ed skute\u010dnou odluku, s\u00edl\u00ed kosmickou rychlost\u00ed. A dokonce to u\u017e p\u00ed\u0161\u00ed i \u010desk\u00e1, manipula\u010dan\u00ed masm\u00e9dia, \u017ee Johnson a dne\u0161n\u00ed v\u00e1le\u010dn\u00fd \u0161tv\u00e1\u010d Keir Rodney Starmer &#8211; britsk\u00fd politik a pr\u00e1vn\u00edk, od \u010dervence 2024 premi\u00e9r Spojen\u00e9ho kr\u00e1lovstv\u00ed a od dubna 2020 v\u016fdce Labouristick\u00e9 strany to vede jako Fiala v \u010dele \u010cesk\u00e9 republiky. A Britov\u00e9 ho maj\u00ed pln\u00e9 zuby a tak\u00e9 ho cht\u011bj\u00ed vypr\u00e1skat.<\/p>\n<div class=\"f_hj\" data-dot=\"ogm-article-header\">\n<h1 class=\"c_aP c_aQ f_hl speakable\"><strong>Farage u\u0161t\u011bd\u0159il britsk\u00e9mu probruselsk\u00e9mu premi\u00e9rovi t\u011b\u017ekou por\u00e1\u017eku<\/strong><\/h1>\n<\/div>\n<div class=\"f_fP\" data-dot=\"ogm-article-author\">\n<h4 class=\"f_fJ\" data-dot=\"ogm-date-of-publication\"><time class=\"mol-formatted-date ogm-date-of-publication__date f_fK\" datetime=\"2025-05-02 10:15:43\">2.\u00a05. 2025,<\/time><\/h4>\n<\/div>\n<p class=\"c_a7 f_g4 speakable\" data-dot=\"ogm-article-perex\">Protiimigra\u010dn\u00ed strana Reform UK veden\u00e1 Nigelem Faragem zaznamenala \u00fasp\u011bch ve \u010dtvrte\u010dn\u00edch m\u00edstn\u00edch volb\u00e1ch v\u00a0Anglii a\u00a0v dopl\u0148ovac\u00edch volb\u00e1ch z\u00edskala tak\u00e9 dal\u0161\u00ed k\u0159eslo v\u00a0britsk\u00e9m parlamentu ke \u010dty\u0159em st\u00e1vaj\u00edc\u00edm mand\u00e1t\u016fm.<\/p>\n<div class=\"explanation wholeWidth\">\n<h4 class=\"explanationTitle\">UKIP &#8211; Farage<\/h4>\n<div class=\"explanationContent\">Se zvolen\u00edm\u00a0 Gerarda Battena jako l\u00eddrem v roce 2018 se UKIP odklonila od sv\u00fdch libertari\u00e1nsk\u00fdch ko\u0159en\u016f a zaujala otev\u0159en\u00fd protiisl\u00e1msk\u00fd postoj. Farage na to reagoval odchodem ze strany v prosinci t\u00e9ho\u017e roku a v dubnu 2019 zalo\u017eil Stranu Brexitu &#8211; Reform.<\/div>\n<div class=\"explanationContent\">\n<p>&nbsp;<\/p>\n<p><strong>Dechberouc\u00ed vypr\u00e1v\u011bn\u00ed ve Westminsteru, p\u00ed\u0161\u00ed britsk\u00e1 m\u00e9dia v kv\u011btnu 2025:<\/strong>\u00a0 Reform z\u00edskala des\u00edtky k\u0159esel v rad\u011b a pohodln\u011b vyhr\u00e1la nov\u011b vytvo\u0159en\u00fd starostsk\u00fd obvod Greater Lincolnshire. (<em>N\u00e1r\u016fst je neskute\u010dn\u011b skute\u010dn\u00fd. Britov\u00e9 opovrhuj\u00ed \u0161mejdy jako u n\u00e1s vl\u00e1dou P\u011btikoalice!)<\/em> Po necel\u00e9m roce je i labouristick\u00e1 strana pozoruhodn\u011b nepopul\u00e1rn\u00ed a jako\u017eto \u00fa\u0159aduj\u00edc\u00ed mocnost ve Westminsteru ter\u010dem opovr\u017een\u00ed. Pot\u00e9, co sir Keir z\u00edskal drtivou v\u011bt\u0161inu se sliby o zm\u011bn\u011b, p\u0159edkl\u00e1d\u00e1 n\u011bco, co a\u017e p\u0159\u00edli\u0161 p\u016fsob\u00ed jako kontinuita s re\u017eimem, kter\u00fd nahradil.<\/p>\n<\/div>\n<\/div>\n<h4>A 3.kv\u011btna 2025 nastal masakr<\/h4>\n<div class=\"sc-3b6b161a-0 dEGcKf\" data-component=\"text-block\">\n<p class=\"sc-9a00e533-0 hxuGS\">Nigel Farage ozna\u010dil v\u00edt\u011bzstv\u00ed strany Reform UK ve \u010dtvrte\u010dn\u00edch volb\u00e1ch za \u201ebezprecedentn\u00ed\u201c a za \u201ekonec politiky dvou stran\u201c.<\/p>\n<p class=\"sc-9a00e533-0 hxuGS\">Strana Reform p\u0159evzala kontrolu nad 10 m\u00edstn\u00edmi zastupitelstvy, vyhr\u00e1la dva souboje o post starosty a po dokon\u010den\u00ed s\u010d\u00edt\u00e1n\u00ed hlas\u016f z\u00edskala do sv\u00fdch \u0159ad p\u00e1t\u00e9ho poslance v dopl\u0148ovac\u00edch volb\u00e1ch v Runcornu a Helsby. Mnoh\u00e1 \u200b\u200bz t\u011bchto v\u00edt\u011bzstv\u00ed p\u0159i\u0161la na \u00fakor Labouristick\u00e9 a Konzervativn\u00ed strany, kter\u00e9 se ob\u011b sna\u017eily v\u00fdsledky vysv\u011btlit.<\/p>\n<p class=\"sc-9a00e533-0 hxuGS\">Premi\u00e9r Sir Keir Starmer p\u0159ipustil, \u017ee lid\u00e9 zat\u00edm nepoci\u0165uj\u00ed v\u00fdhody labouristick\u00e9 vl\u00e1dy, zat\u00edmco v\u016fdkyn\u011b konzervativc\u016f Kemi Badenochov\u00e1 sl\u00edbila, \u017ee ze sv\u00e9 strany op\u011bt ud\u011bl\u00e1 \u201ed\u016fv\u011bryhodnou\u201c alternativu. (<em>Op\u011bt jako podvbodn\u00edk Fiala s nov\u00fdmi sliby<\/em>)<\/p>\n<p>Britov\u00e9 nelituj\u00ed odchodu z EU, ale neodchodu z Evropsk\u00e9 unie, kdy krimin\u00e1ln\u00edci a v\u00e1le\u010dn\u00ed \u0161tv\u00e1\u010di st\u00e1le dr\u017e\u00ed oprat\u011b zkorumpovan\u00fdch pen\u011bz! A Farage za\u010dal \u0161mejdy drtit!<\/p>\n<\/div>\n<p>Jdi k \u010dertu, prolhan\u00e1 bruselsk\u00e1 propagando, deton\u00e1tore zlo\u010dinu, v\u00e1lky a blbosti!<\/p>\n<h4><em>Zde dal\u0161\u00ed d\u016fkaz z BBC na v\u00fd\u0161e potvrzen\u00ed!<\/em><\/h4>\n<p><a title=\"Farage hails election results, as Labour and Tories digest losses\" href=\"https:\/\/www.bbc.com\/news\/articles\/c62gy310ry2o\" target=\"_blank\" rel=\"noopener\">Farage hails election results, as Labour and Tories digest losses<\/a><\/p>\n<p><a href=\"https:\/\/www.skrytapravda.cz\/ze-zahranici\/2576-zlociny-propagandy-tv-nova-britove-pry-lituji-odchodu-z-eu-a-brexitu-lzete-lotri-lituji-neodchodu-z-eu\">Petr Pokorn\u00fd<\/a><\/p>\n<p>&nbsp;<\/p>\n<\/div>\n","protected":false},"excerpt":{"rendered":"<p>Mas\u00edrka zoufalstv\u00ed deton\u00e1tor\u016f manipulac\u00ed a zlo\u010dinu bruselsk\u00e9 propagandy. Nemus\u00edme se rozepisovat p\u0159\u00edli\u0161, sta\u010d\u00ed p\u00e1r \u00fadaj\u016f&#8230;<\/p>\n","protected":false},"author":2,"featured_media":79310,"comment_status":"closed","ping_status":"closed","sticky":false,"template":"","format":"standard","meta":[],"categories":[6],"tags":[28,41,1503,851,9159,303],"_links":{"self":[{"href":"https:\/\/www.infokuryr.cz\/n\/wp-json\/wp\/v2\/posts\/79309"}],"collection":[{"href":"https:\/\/www.infokuryr.cz\/n\/wp-json\/wp\/v2\/posts"}],"about":[{"href":"https:\/\/www.infokuryr.cz\/n\/wp-json\/wp\/v2\/types\/post"}],"author":[{"embeddable":true,"href":"https:\/\/www.infokuryr.cz\/n\/wp-json\/wp\/v2\/users\/2"}],"replies":[{"embeddable":true,"href":"https:\/\/www.infokuryr.cz\/n\/wp-json\/wp\/v2\/comments?post=79309"}],"version-history":[{"count":0,"href":"https:\/\/www.infokuryr.cz\/n\/wp-json\/wp\/v2\/posts\/79309\/revisions"}],"wp:featuredmedia":[{"embeddable":true,"href":"https:\/\/www.infokuryr.cz\/n\/wp-json\/wp\/v2\/media\/79310"}],"wp:attachment":[{"href":"https:\/\/www.infokuryr.cz\/n\/wp-json\/wp\/v2\/media?parent=79309"}],"wp:term":[{"taxonomy":"category","embeddable":true,"href":"https:\/\/www.infokuryr.cz\/n\/wp-json\/wp\/v2\/categories?post=79309"},{"taxonomy":"post_tag","embeddable":true,"href":"https:\/\/www.infokuryr.cz\/n\/wp-json\/wp\/v2\/tags?post=79309"}],"curies":[{"name":"wp","href":"https:\/\/api.w.org\/{rel}","templated":true}]}}