{"id":79307,"date":"2025-05-21T06:10:58","date_gmt":"2025-05-21T04:10:58","guid":{"rendered":"https:\/\/www.infokuryr.cz\/n\/?p=79307"},"modified":"2025-05-21T06:10:58","modified_gmt":"2025-05-21T04:10:58","slug":"indie-odmita-tvrzeni-usa-o-primeri-v-pakistanu","status":"publish","type":"post","link":"https:\/\/www.infokuryr.cz\/n\/2025\/05\/21\/indie-odmita-tvrzeni-usa-o-primeri-v-pakistanu\/","title":{"rendered":"Indie odm\u00edt\u00e1 tvrzen\u00ed USA o p\u0159\u00edm\u011b\u0159\u00ed v P\u00e1kist\u00e1nu"},"content":{"rendered":"<div id=\"fb-root\"><\/div>\n<h3>Indick\u00fd \u00fa\u0159edn\u00edk odm\u00edtl americk\u00e1 tvrzen\u00ed o zprost\u0159edkov\u00e1n\u00ed v ned\u00e1vn\u00e9 vojensk\u00e9 patov\u00e9 situaci<\/h3>\n<p><span>USA se\u00a0<\/span><em><span>\u201eani nepod\u00edlely<\/span><\/em><span>\u00a0na p\u0159\u00edm\u011b\u0159\u00ed mezi Indi\u00ed a P\u00e1kist\u00e1nem, ani o n\u011bm nebyly informov\u00e1ny\u201c, uvedl v pond\u011bl\u00ed parlamentn\u00edmu v\u00fdboru vysoce postaven\u00fd indick\u00fd \u00fa\u0159edn\u00edk, uv\u00e1d\u00ed zpr\u00e1va v den\u00edku The Hindu.<\/span><\/p>\n<p><span>Kdy\u017e se poslance zeptal, pro\u010d americk\u00fd prezident Donald Trump ozn\u00e1mil ukon\u010den\u00ed nep\u0159\u00e1telsk\u00fdch akc\u00ed je\u0161t\u011b p\u0159ed Indi\u00ed a P\u00e1kist\u00e1nem, indick\u00fd ministr zahrani\u010d\u00ed Vikram Misri podle zpr\u00e1vy odm\u00edtl tvrzen\u00ed o americk\u00e9m zprost\u0159edkov\u00e1n\u00ed. \u0158ekl, \u017ee rozhovory s americk\u00fdmi p\u0159edstaviteli b\u011bhem ned\u00e1vn\u00e9 vojensk\u00e9 patov\u00e9 situace prob\u00edhaly a \u017ee byly sou\u010d\u00e1st\u00ed rutinn\u00edho procesu.<\/span><\/p>\n<p><span>Jihoasijsk\u00e9 strany se zapojily do rozs\u00e1hl\u00fdch nep\u0159\u00e1telsk\u00fdch akc\u00ed pot\u00e9, co Indie 7. kv\u011btna zah\u00e1jila \u00fadery na podez\u0159el\u00e1 teroristick\u00e1 za\u0159\u00edzen\u00ed na \u00fazem\u00ed kontrolovan\u00e9m P\u00e1kist\u00e1nem v reakci na teroristick\u00fd \u00fatok v Ka\u0161m\u00edru spravovan\u00e9m Indi\u00ed v dubnu.<\/span><\/p>\n<p><span>Je\u0161t\u011b p\u0159edt\u00edm, ne\u017e Nov\u00e9 Dill\u00ed a Isl\u00e1m\u00e1b\u00e1d mohly ozn\u00e1mit p\u0159\u00edm\u011b\u0159\u00ed, Trump tvrdil, \u017ee Washington pomohl zprost\u0159edkovat p\u0159\u00edm\u011b\u0159\u00ed mezi nimi 10. kv\u011btna.<\/span><\/p>\n<p><span>Americk\u00fd prezident tato tvrzen\u00ed zopakoval na tiskov\u00e9 konferenci minul\u00fd t\u00fdden, kde uvedl, \u017ee jeho administrativa sehr\u00e1la kl\u00ed\u010dovou roli p\u0159i zprost\u0159edkov\u00e1n\u00ed p\u0159\u00edm\u011b\u0159\u00ed a \u017ee v\u011b\u0159\u00ed, \u017ee vydr\u017e\u00ed.<\/span><\/p>\n<p><span>Indick\u00fd velvyslanec v Rusku Vinay Kumar v exkluzivn\u00edm rozhovoru pro RT uvedl, \u017ee nulov\u00e1 tolerance Indie v\u016f\u010di terorismu a schopnost reagovat na p\u00e1kist\u00e1nsk\u00e9 kroky vedla k p\u0159\u00edm\u011b\u0159\u00ed mezi jihoasijsk\u00fdmi sousedy po \u010dty\u0159ech dnech intenzivn\u00edch boj\u016f.<\/span><\/p>\n<p><span>\u201eReagovali jsme na teroristick\u00fd \u00fatok a P\u00e1kist\u00e1n, m\u00edsto aby pochopil z\u00e1va\u017enost situace, se rozhodl eskalaci,\u201c \u0159ekl Kumar a dodal, \u017ee Indie kontrovala\u00a0<\/span><em><span>\u201eka\u017ed\u00e9mu\u201c<\/span><\/em><span>\u00a0pokusu o eskalaci ze strany sv\u00e9ho souseda.<\/span><\/p>\n<p><span>\u00da\u0159edn\u00edci indick\u00e9ho ministerstva zahrani\u010d\u00ed d\u00e1le up\u0159esnili, \u017ee Nov\u00e9 Dill\u00ed reagovalo na v\u0161echna Trumpova prohl\u00e1\u0161en\u00ed \u0159\u00e1dn\u00fdmi kan\u00e1ly.<\/span><\/p>\n<p><span>Kdy\u017e v pond\u011bl\u00ed promluvil k parlamentn\u00edmu panelu, Misri rovn\u011b\u017e zopakoval postoj indick\u00e9 vl\u00e1dy, \u017ee nedo\u0161lo k \u017e\u00e1dn\u00e9 odchylce od deklarovan\u00e9 politiky, kter\u00e1 v bilater\u00e1ln\u00edch z\u00e1le\u017eitostech s P\u00e1kist\u00e1nem neomezuje mediaci t\u0159et\u00edch stran.<\/span><\/p>\n<p>&nbsp;<\/p>\n<p><img decoding=\"async\" loading=\"lazy\" class=\"alignnone size-full wp-image-71983\" src=\"http:\/\/www.infokuryr.cz\/n\/wp-content\/uploads\/2025\/02\/aaa.jpg\" alt=\"\" width=\"89\" height=\"23\" \/><\/p>\n<p>&nbsp;<\/p>\n","protected":false},"excerpt":{"rendered":"<p>Indick\u00fd \u00fa\u0159edn\u00edk odm\u00edtl americk\u00e1 tvrzen\u00ed o zprost\u0159edkov\u00e1n\u00ed v ned\u00e1vn\u00e9 vojensk\u00e9 patov\u00e9 situaci USA se\u00a0\u201eani nepod\u00edlely\u00a0na&#8230;<\/p>\n","protected":false},"author":2,"featured_media":79308,"comment_status":"closed","ping_status":"closed","sticky":false,"template":"","format":"standard","meta":[],"categories":[7],"tags":[1917,79,129,37],"_links":{"self":[{"href":"https:\/\/www.infokuryr.cz\/n\/wp-json\/wp\/v2\/posts\/79307"}],"collection":[{"href":"https:\/\/www.infokuryr.cz\/n\/wp-json\/wp\/v2\/posts"}],"about":[{"href":"https:\/\/www.infokuryr.cz\/n\/wp-json\/wp\/v2\/types\/post"}],"author":[{"embeddable":true,"href":"https:\/\/www.infokuryr.cz\/n\/wp-json\/wp\/v2\/users\/2"}],"replies":[{"embeddable":true,"href":"https:\/\/www.infokuryr.cz\/n\/wp-json\/wp\/v2\/comments?post=79307"}],"version-history":[{"count":0,"href":"https:\/\/www.infokuryr.cz\/n\/wp-json\/wp\/v2\/posts\/79307\/revisions"}],"wp:featuredmedia":[{"embeddable":true,"href":"https:\/\/www.infokuryr.cz\/n\/wp-json\/wp\/v2\/media\/79308"}],"wp:attachment":[{"href":"https:\/\/www.infokuryr.cz\/n\/wp-json\/wp\/v2\/media?parent=79307"}],"wp:term":[{"taxonomy":"category","embeddable":true,"href":"https:\/\/www.infokuryr.cz\/n\/wp-json\/wp\/v2\/categories?post=79307"},{"taxonomy":"post_tag","embeddable":true,"href":"https:\/\/www.infokuryr.cz\/n\/wp-json\/wp\/v2\/tags?post=79307"}],"curies":[{"name":"wp","href":"https:\/\/api.w.org\/{rel}","templated":true}]}}