{"id":7930,"date":"2022-01-31T03:45:59","date_gmt":"2022-01-31T02:45:59","guid":{"rendered":"http:\/\/www.infokuryr.cz\/n\/?p=7930"},"modified":"2022-01-31T03:45:59","modified_gmt":"2022-01-31T02:45:59","slug":"v-praze-se-protestovalo-tentokrat-proti-povinnemu-ockovani-a-za-obcanske-svobody","status":"publish","type":"post","link":"https:\/\/www.infokuryr.cz\/n\/2022\/01\/31\/v-praze-se-protestovalo-tentokrat-proti-povinnemu-ockovani-a-za-obcanske-svobody\/","title":{"rendered":"V Praze se protestovalo. Tentokr\u00e1t proti povinn\u00e9mu o\u010dkov\u00e1n\u00ed a za ob\u010dansk\u00e9 svobody"},"content":{"rendered":"<div id=\"fb-root\"><\/div>\n<p><strong>V ned\u011bli odpoledne se konala na pra\u017esk\u00e9m V\u00e1clavsk\u00e9m n\u00e1m\u011bst\u00ed demonstrace Za svobodu a ob\u010dansk\u00e1 pr\u00e1va, proti povinn\u00e9mu o\u010dkov\u00e1n\u00ed a proti t\u0159\u00edd\u011bn\u00ed ob\u010dan\u016f do v\u00edce kategori\u00ed. Akce je po\u0159\u00e1d\u00e1na uskupen\u00edm \u00daI Svobody. Moderuje ji p\u0159edseda Svobodn\u00fdch Libor Vondr\u00e1\u010dek a odhadem se j\u00ed \u00fa\u010dastn\u00ed n\u011bkolik tis\u00edc lid\u00ed.<\/strong><\/p>\n<p>Na akci byla vid\u011bt sen\u00e1torka Alena Dernerov\u00e1 za STAN \u010di poslankyn\u011b Karla Ma\u0159\u00edkov\u00e1 z SPD. D\u00e1le se akce \u00fa\u010dastnila nap\u0159\u00edklad organiz\u00e1torka petice zdravotn\u00edch sester, kter\u00e9 se odm\u00edtaj\u00ed o\u010dkovat proti covidu, Adriana \u010cipi\u017e\u00e1kov\u00e1.<\/p>\n<p>Krom\u011b toho na akci promluvila i pr\u00e1vni\u010dka Jana Zwyrtek Hamplov\u00e1. To, co za\u017e\u00edv\u00e1me, je podle jej\u00edch slov\u00a0<strong>bezpr\u00e1v\u00ed<\/strong>. Na p\u00f3diu se objevil i zdravotnick\u00fd expert Ond\u0159ej Dost\u00e1l.<\/p>\n<p>Co se t\u00fd\u010de koronavirov\u00fdch \u010d\u00edsel, pak za sobotu\u00a0<a href=\"https:\/\/onemocneni-aktualne.mzcr.cz\/covid-19\">p\u0159ibylo<\/a>\u00a0v zemi 18 268 nov\u011b potvrzen\u00fdch p\u0159\u00edpad\u016f koronaviru, co\u017e je o 77 m\u00e9n\u011b ne\u017e o prvn\u00edm v\u00edkendov\u00e9m dni o t\u00fdden d\u0159\u00edve. Jde o prvn\u00ed mezit\u00fddenn\u00ed pokles od 10. ledna, tedy za posledn\u00edch dva a p\u016fl t\u00fddne. Co se hospitalizac\u00ed t\u00fd\u010de, po\u010det se v sobotu po dvou dnech vr\u00e1til pod 2000, i tak je ale o t\u00e9m\u011b\u0159 450 p\u0159\u00edpad\u016f vy\u0161\u0161\u00ed ne\u017e p\u0159ed t\u00fddnem.<\/p>\n<p><strong>Protest ve V\u00eddni<\/strong><\/p>\n<p>Protesty se nekonaj\u00ed jen v \u010cesk\u00e9 republice. Tis\u00edce lid\u00ed vy\u0161ly v\u010dera do ulic V\u00eddn\u011b, aby\u00a0<a href=\"https:\/\/cz.sputniknews.com\/20220129\/tisice-lidi-protestuji-ve-vidni-proti-povinnemu-ockovani---17397176.html\">protestovaly<\/a>\u00a0proti omezuj\u00edc\u00edm opat\u0159en\u00edm \u00fa\u0159ad\u016f kv\u016fli pandemii koronaviru a povinn\u00e9mu o\u010dkov\u00e1n\u00ed, jeho\u017e z\u00e1kon vstupuje v platnost 1. \u00fanora. Na sobotu bylo ve V\u00eddni ohl\u00e1\u0161eno 22 demonstrac\u00ed proti\u00a0<a href=\"https:\/\/cz.sputniknews.com\/20211121\/s-covidem-se-musime-naucit-zit-podle-prymuly-omezeni-potrvaji-jeste-minimalne-pul-roku-16587215.html\">omezen\u00edm<\/a>. Nejv\u011bt\u0161\u00ed z nich se konala na n\u00e1m\u011bst\u00ed Heldenplatz, odkud se lid\u00e9 vydali po hlavn\u00ed ulici Ringstrasse, obklopuj\u00edc\u00ed centrum m\u011bsta.<\/p>\n<p>P\u0159ipome\u0148me, \u017ee prvn\u00edho \u00fanora za\u010d\u00edn\u00e1 v Rakousku platit z\u00e1kon o povinn\u00e9m o\u010dkov\u00e1n\u00ed. Ten se bude vztahovat na v\u0161echny osoby star\u0161\u00ed 18 let registrovan\u00e9 v Rakousku. Od 15. b\u0159ezna bude dodr\u017eov\u00e1n\u00ed t\u00e9to povinnosti hl\u00eddat policie, p\u0159i\u010dem\u017e maxim\u00e1ln\u00ed\u00a0<a href=\"https:\/\/cz.sputniknews.com\/20220119\/vlada-zazaluje-evropskou-komisi-kvuli-miliardove-pokute-za-zemedelske-dotace-17276003.html\">pokuta <\/a>se b\u011bhem roku m\u016f\u017ee vy\u0161plhat a\u017e na 3,6 tis\u00edce eur.<\/p>\n<p>Minulou st\u0159edu rakousk\u00fd kancl\u00e9\u0159 Karl Nehammer ozn\u00e1mil konec lockdownu pro neo\u010dkovan\u00e9 proti koronaviru, kter\u00fd byl zaveden 31. ledna, p\u0159i\u010dem\u017e pro n\u00e1v\u0161t\u011bvu v\u011bt\u0161iny ve\u0159ejn\u00fdch m\u00edst z\u016fstane v platnosti pravidlo 2G (geimpft\/nao\u010dkovan\u00fd \u010di genesen\/uzdraven\u00fd). V sobotu \u00fa\u0159ady ozn\u00e1mily postupn\u00e9 rozvol\u0148ov\u00e1n\u00ed omezen\u00ed kv\u016fli koronaviru, a to od 5. \u00fanora.<\/p>\n<p><a href=\"https:\/\/cz.sputniknews.com\/20220130\/v-praze-se-opet-protestuje-tentokrat-proti-povinnemu-ockovani-a-za-obcanske-svobody-17408697.html\">ZDROJ<\/a><\/p>\n<p>&nbsp;<\/p>\n","protected":false},"excerpt":{"rendered":"<p>V ned\u011bli odpoledne se konala na pra\u017esk\u00e9m V\u00e1clavsk\u00e9m n\u00e1m\u011bst\u00ed demonstrace Za svobodu a ob\u010dansk\u00e1 pr\u00e1va,&#8230;<\/p>\n","protected":false},"author":2,"featured_media":6840,"comment_status":"closed","ping_status":"closed","sticky":false,"template":"","format":"standard","meta":[],"categories":[6],"tags":[23,144,1207,234,815,48],"_links":{"self":[{"href":"https:\/\/www.infokuryr.cz\/n\/wp-json\/wp\/v2\/posts\/7930"}],"collection":[{"href":"https:\/\/www.infokuryr.cz\/n\/wp-json\/wp\/v2\/posts"}],"about":[{"href":"https:\/\/www.infokuryr.cz\/n\/wp-json\/wp\/v2\/types\/post"}],"author":[{"embeddable":true,"href":"https:\/\/www.infokuryr.cz\/n\/wp-json\/wp\/v2\/users\/2"}],"replies":[{"embeddable":true,"href":"https:\/\/www.infokuryr.cz\/n\/wp-json\/wp\/v2\/comments?post=7930"}],"version-history":[{"count":0,"href":"https:\/\/www.infokuryr.cz\/n\/wp-json\/wp\/v2\/posts\/7930\/revisions"}],"wp:featuredmedia":[{"embeddable":true,"href":"https:\/\/www.infokuryr.cz\/n\/wp-json\/wp\/v2\/media\/6840"}],"wp:attachment":[{"href":"https:\/\/www.infokuryr.cz\/n\/wp-json\/wp\/v2\/media?parent=7930"}],"wp:term":[{"taxonomy":"category","embeddable":true,"href":"https:\/\/www.infokuryr.cz\/n\/wp-json\/wp\/v2\/categories?post=7930"},{"taxonomy":"post_tag","embeddable":true,"href":"https:\/\/www.infokuryr.cz\/n\/wp-json\/wp\/v2\/tags?post=7930"}],"curies":[{"name":"wp","href":"https:\/\/api.w.org\/{rel}","templated":true}]}}