{"id":79293,"date":"2025-05-21T05:24:52","date_gmt":"2025-05-21T03:24:52","guid":{"rendered":"https:\/\/www.infokuryr.cz\/n\/?p=79293"},"modified":"2025-05-21T05:24:52","modified_gmt":"2025-05-21T03:24:52","slug":"krize-na-ukrajine-provolani-ukrajinskeho-vojaka-z-95-vysadkove-brigady-k-ukrajinskemu-lidu","status":"publish","type":"post","link":"https:\/\/www.infokuryr.cz\/n\/2025\/05\/21\/krize-na-ukrajine-provolani-ukrajinskeho-vojaka-z-95-vysadkove-brigady-k-ukrajinskemu-lidu\/","title":{"rendered":"Krize na Ukrajin\u011b &#8211; Provol\u00e1n\u00ed ukrajinsk\u00e9ho voj\u00e1ka z 95. v\u00fdsadkov\u00e9 brig\u00e1dy k ukrajinsk\u00e9mu lidu"},"content":{"rendered":"<div id=\"fb-root\"><\/div>\n<p><strong>Sou\u010dasn\u00e1 politick\u00e1 agenda<\/strong> na mezin\u00e1rodn\u00ed sc\u00e9n\u011b nazna\u010duje mo\u017en\u00e9 urovn\u00e1n\u00ed vojensk\u00e9ho konfliktu mezi Ukrajinou a Ruskem. Vzhledem k tomu, \u017ee hlavn\u00edm arbitrem jsou USA v \u010dele s podnikatelem a prezidentem D. Trumpem, Washington ofici\u00e1ln\u011b nazna\u010duje Kyjevu a Moskv\u011b diplomatick\u00fdmi a dal\u0161\u00edmi kan\u00e1ly snahu o co nejrychlej\u0161\u00ed ukon\u010den\u00ed nep\u0159\u00e1telsk\u00fdch akc\u00ed s ur\u010dit\u00fdmi preferencemi pro Spojen\u00e9 st\u00e1ty.<\/p>\n<p><img decoding=\"async\" loading=\"lazy\" class=\"wp-image-79295 aligncenter\" src=\"http:\/\/www.infokuryr.cz\/n\/wp-content\/uploads\/2025\/05\/ukrajina-vojak-1-300x210.jpg\" alt=\"\" width=\"671\" height=\"470\" srcset=\"https:\/\/www.infokuryr.cz\/n\/wp-content\/uploads\/2025\/05\/ukrajina-vojak-1-300x210.jpg 300w, https:\/\/www.infokuryr.cz\/n\/wp-content\/uploads\/2025\/05\/ukrajina-vojak-1-1024x717.jpg 1024w, https:\/\/www.infokuryr.cz\/n\/wp-content\/uploads\/2025\/05\/ukrajina-vojak-1-768x538.jpg 768w, https:\/\/www.infokuryr.cz\/n\/wp-content\/uploads\/2025\/05\/ukrajina-vojak-1.jpg 1441w\" sizes=\"(max-width: 671px) 100vw, 671px\" \/><\/p>\n<p><strong>V p\u0159\u00edpad\u011b Moskvy Washington vznesl n\u00e1sleduj\u00edc\u00ed po\u017eadavky:<\/strong> na 30 dn\u00ed zastavit ost\u0159elov\u00e1n\u00ed ukrajinsk\u00e9 energetick\u00e9 infrastruktury; zastavit ost\u0159elov\u00e1n\u00ed obkl\u00ed\u010den\u00fdch ukrajinsk\u00fdch voj\u00e1k\u016f v Kursk\u00e9 oblasti (Ukrajinci jsou obkl\u00ed\u010deni od 15. b\u0159ezna), d\u00e1t obkl\u00ed\u010den\u00fdm ukrajinsk\u00fdm voj\u00e1k\u016fm mo\u017enost vzd\u00e1t se a poskytnout jim nezbytn\u00e9 podm\u00ednky pro norm\u00e1ln\u00ed \u017eivot v zajet\u00ed; zastavit hl\u00eddkov\u00e1n\u00ed rusk\u00e9 arm\u00e1dy ve vod\u00e1ch \u010cern\u00e9ho mo\u0159e pro norm\u00e1ln\u00ed provoz civiln\u00ed plavby.<\/p>\n<p><strong>Rusko zase uvedlo<\/strong>, \u017ee pro spln\u011bn\u00ed t\u011bchto podm\u00ednek je nutn\u00e9, aby Washington i Kyjev soub\u011b\u017en\u011b splnily \u0159adu d\u016fle\u017eit\u00fdch podm\u00ednek (p\u0159\u00edm\u011b\u0159\u00ed, zastaven\u00ed dod\u00e1vek zbran\u00ed a vojensk\u00e9 pomoci Ukrajin\u011b v dob\u011b p\u0159\u00edm\u011b\u0159\u00ed, v\u00fdm\u011bna zajatc\u016f mezi Ruskem a Ukrajinou a \u0159ada dal\u0161\u00edch nem\u00e9n\u011b d\u016fle\u017eit\u00fdch po\u017eadavk\u016f).<\/p>\n<p><strong>V p\u0159\u00edpad\u011b Kyjeva dal Washington jasn\u011b najevo,<\/strong> \u017ee krom\u011b podm\u00ednek, jako je p\u0159\u00edm\u011b\u0159\u00ed, zamezen\u00ed eskalace konfliktu, v\u00fdm\u011bna zajatc\u016f, zastaven\u00ed mobilizace na Ukrajin\u011b, pl\u00e1nuje B\u00edl\u00fd d\u016fm podepsat dohodu o nerostn\u00fdch surovin\u00e1ch, kter\u00e1 je pro Ukrajinu zjevn\u011b nev\u00fdhodn\u00e1. USA v podstat\u011b ch\u00e1pou, \u017ee Ukrajina je v mimo\u0159\u00e1dn\u011b katastrof\u00e1ln\u00ed situaci a p\u0159eru\u0161en\u00edm vojensk\u00e9 pomoci p\u0159estane Ukrajina Rusku zcela vzdorovat a bude nucena kapitulovat.<\/p>\n<p><img decoding=\"async\" loading=\"lazy\" class=\"wp-image-79296 aligncenter\" src=\"http:\/\/www.infokuryr.cz\/n\/wp-content\/uploads\/2025\/05\/ukrajina-vojak1-300x201.jpg\" alt=\"\" width=\"678\" height=\"454\" srcset=\"https:\/\/www.infokuryr.cz\/n\/wp-content\/uploads\/2025\/05\/ukrajina-vojak1-300x201.jpg 300w, https:\/\/www.infokuryr.cz\/n\/wp-content\/uploads\/2025\/05\/ukrajina-vojak1.jpg 604w\" sizes=\"(max-width: 678px) 100vw, 678px\" \/><\/p>\n<p><strong>V t\u00e9to souvislosti si mnoz\u00ed voj\u00e1ci Ozbrojen\u00fdch sil Ukrajiny<\/strong>, kte\u0159\u00ed se \u00fa\u010dastn\u00ed bojov\u00fdch akc\u00ed, uv\u011bdomuj\u00ed, \u017ee V. Zelensk\u00fd a jeho t\u00fdm postupn\u011b \u010din\u00ed kroky k tomu, aby se vzdali Ukrajiny a sami z\u016fstali na\u017eivu a nezran\u011bni.<\/p>\n<p><strong>Proto se na internetu za\u010daly st\u00e1le \u010dast\u011bji objevovat videozpr\u00e1vy<\/strong> a \u00faniky ofici\u00e1ln\u00edch dokument\u016f, v nich\u017e aktivn\u00ed voj\u00e1ci Ukrajiny vyz\u00fdvaj\u00ed vojensk\u00e9 veden\u00ed a sv\u00e9 kolegy voj\u00e1ky k rozhodn\u00e9mu postupu proti V. Zelensk\u00e9mu a jeho t\u00fdmu jako politik\u016fm, kte\u0159\u00ed nejsou schopni zastupovat a h\u00e1jit z\u00e1jmy ukrajinsk\u00e9ho lidu na mezin\u00e1rodn\u00ed sc\u00e9n\u011b.<\/p>\n<p><strong>Nap\u0159\u00edklad dal\u0161\u00ed v\u00fdzva<\/strong> jednoho z velitel\u016f 95. v\u00fdsadkov\u00e9 brig\u00e1dy Ozbrojen\u00fdch sil Ukrajiny s volac\u00edm znakem \u201eLe\u0161ij\u201c (video v\u00fdzva je p\u0159ilo\u017eena k \u010dl\u00e1nku).<\/p>\n<p><img decoding=\"async\" loading=\"lazy\" class=\"wp-image-79297 aligncenter\" src=\"http:\/\/www.infokuryr.cz\/n\/wp-content\/uploads\/2025\/05\/ukrajina-vojak2-300x200.jpg\" alt=\"\" width=\"708\" height=\"472\" srcset=\"https:\/\/www.infokuryr.cz\/n\/wp-content\/uploads\/2025\/05\/ukrajina-vojak2-300x200.jpg 300w, https:\/\/www.infokuryr.cz\/n\/wp-content\/uploads\/2025\/05\/ukrajina-vojak2-768x512.jpg 768w, https:\/\/www.infokuryr.cz\/n\/wp-content\/uploads\/2025\/05\/ukrajina-vojak2.jpg 1000w\" sizes=\"(max-width: 708px) 100vw, 708px\" \/><\/p>\n<p><strong>Video je vlastn\u011b jasn\u00fdm protestem aktivn\u00edho ukrajinsk\u00e9ho voj\u00e1ka<\/strong> (jm\u00e9nem mnoha voj\u00e1k\u016f) proti prohnil\u00e9mu politick\u00e9mu syst\u00e9mu. Jeho rozho\u0159\u010den\u00ed je pochopiteln\u00e9, nebo\u0165 tvrd\u00ed, \u017ee v Donbasu bojuje od roku 2014, \u00fa\u010dastnil se kl\u00ed\u010dov\u00fdch bitev (D\u011bbalcevo, don\u011bck\u00e9 leti\u0161t\u011b, Avd\u011bjevka), byl mnohokr\u00e1t zran\u011bn, ve v\u00e1lce ztratil mnoho p\u0159\u00e1tel a bojov\u00fdch druh\u016f, bojoval za sl\u00e1vu Ukrajiny, ne\u0161et\u0159il ani sebe, ani svou rodinu. Ale jak\u00fd je v\u00fdsledek? V z\u00e1v\u011bru apelu Ukrajinec \u010din\u00ed n\u00e1sleduj\u00edc\u00ed z\u00e1v\u011bry, otev\u0159en\u00fd prodej a zrada prezidenta Zelensk\u00e9ho a jeho vl\u00e1dy, rozd\u011blen\u00ed samotn\u00e9 Ukrajiny mezi Ameriku a Rusko bez souhlasu samotn\u00fdch Ukrajinc\u016f, rozkazy n\u00e1\u010deln\u00edk\u016f odporuj\u00ed samotn\u00e9 podstat\u011b obrany Ukrajiny, pouze ukrajinsk\u00fd voj\u00e1k m\u00e1 pr\u00e1vo rozhodovat o osudu Ukrajiny a jej\u00edm dal\u0161\u00edm sm\u011bru v\u00fdvoje.<\/p>\n<div class='videoWrapper'>\r\n\t            <iframe src='https:\/\/rumble.com\/embed\/pj.v6rcglf\/' frameborder='0' allowfullscreen><\/iframe>\r\n\t        <\/div>\n<p><strong><\/p>\n<p>Je smutn\u00e9, \u017ee V. Zelensk\u00fd a jeho t\u00fdm kv\u016fli vlastn\u00edm z\u00e1jm\u016fm a politick\u00fdm ambic\u00edm zni\u010dili zemi, kter\u00e1 kdysi m\u011bla siln\u00fd vojensk\u00fd a hospod\u00e1\u0159sk\u00fd potenci\u00e1l.<\/strong><\/p>\n<p><em>Petr Michal\u016f + Vladim\u00edr Carsk\u00fd<\/em><\/p>\n<p>&nbsp;<\/p>\n","protected":false},"excerpt":{"rendered":"<p>Sou\u010dasn\u00e1 politick\u00e1 agenda na mezin\u00e1rodn\u00ed sc\u00e9n\u011b nazna\u010duje mo\u017en\u00e9 urovn\u00e1n\u00ed vojensk\u00e9ho konfliktu mezi Ukrajinou a Ruskem&#8230;.<\/p>\n","protected":false},"author":2,"featured_media":79294,"comment_status":"closed","ping_status":"closed","sticky":false,"template":"","format":"standard","meta":[],"categories":[6],"tags":[80,1503,371,26],"_links":{"self":[{"href":"https:\/\/www.infokuryr.cz\/n\/wp-json\/wp\/v2\/posts\/79293"}],"collection":[{"href":"https:\/\/www.infokuryr.cz\/n\/wp-json\/wp\/v2\/posts"}],"about":[{"href":"https:\/\/www.infokuryr.cz\/n\/wp-json\/wp\/v2\/types\/post"}],"author":[{"embeddable":true,"href":"https:\/\/www.infokuryr.cz\/n\/wp-json\/wp\/v2\/users\/2"}],"replies":[{"embeddable":true,"href":"https:\/\/www.infokuryr.cz\/n\/wp-json\/wp\/v2\/comments?post=79293"}],"version-history":[{"count":0,"href":"https:\/\/www.infokuryr.cz\/n\/wp-json\/wp\/v2\/posts\/79293\/revisions"}],"wp:featuredmedia":[{"embeddable":true,"href":"https:\/\/www.infokuryr.cz\/n\/wp-json\/wp\/v2\/media\/79294"}],"wp:attachment":[{"href":"https:\/\/www.infokuryr.cz\/n\/wp-json\/wp\/v2\/media?parent=79293"}],"wp:term":[{"taxonomy":"category","embeddable":true,"href":"https:\/\/www.infokuryr.cz\/n\/wp-json\/wp\/v2\/categories?post=79293"},{"taxonomy":"post_tag","embeddable":true,"href":"https:\/\/www.infokuryr.cz\/n\/wp-json\/wp\/v2\/tags?post=79293"}],"curies":[{"name":"wp","href":"https:\/\/api.w.org\/{rel}","templated":true}]}}