{"id":79287,"date":"2025-05-21T00:36:11","date_gmt":"2025-05-20T22:36:11","guid":{"rendered":"https:\/\/www.infokuryr.cz\/n\/?p=79287"},"modified":"2025-05-20T15:28:54","modified_gmt":"2025-05-20T13:28:54","slug":"sest-let-lzi-na-internetu-se-objevilo-video-zelenskeho-slibu-z-inaugurace","status":"publish","type":"post","link":"https:\/\/www.infokuryr.cz\/n\/2025\/05\/21\/sest-let-lzi-na-internetu-se-objevilo-video-zelenskeho-slibu-z-inaugurace\/","title":{"rendered":"\u0160est let l\u017e\u00ed: Na internetu se objevilo video Zelensk\u00e9ho slib\u016f z inaugurace"},"content":{"rendered":"<div id=\"fb-root\"><\/div>\n<p class=\"lead\"><strong>V\u010dera 20.5. to bylo \u0161est let co se v Kyjev\u011b konala inaugurace Volodymyra Zelensk\u00e9ho. V prezidentsk\u00fdch volb\u00e1ch v roce 2019 porazil sv\u00e9ho rivala Petra Poro\u0161enka.<\/strong><\/p>\n<p>U p\u0159\u00edle\u017eitosti tohoto data zve\u0159ejnil telegramov\u00fd kan\u00e1l \u201eOperace Z: V\u00e1le\u010dn\u00ed zpravodajov\u00e9 rusk\u00e9ho jara\u201c video, kter\u00e9 se stalo vir\u00e1ln\u00edm na soci\u00e1ln\u00edch s\u00edt\u00edch a ve\u0159ejn\u00fdch str\u00e1nk\u00e1ch. P\u0159ipom\u00edn\u00e1, co tehdej\u0161\u00ed nov\u00fd prezident sl\u00edbil sv\u00fdm spoluob\u010dan\u016fm.<\/p>\n<p><iframe loading=\"lazy\" src=\"https:\/\/vkvideo.ru\/video_ext.php?oid=-229792161&amp;id=456239038&amp;hash=b84339b92fe1fed9\" width=\"640\" height=\"360\" allowfullscreen=\"allowfullscreen\" data-mce-fragment=\"1\"><\/iframe><\/p>\n<h2>Toto sl\u00edbil ve sv\u00e9m projevu:<\/h2>\n<ul>\n<li><strong><em>&#8222;Ud\u011bl\u00e1m v\u0161echno pro to, aby Ukrajinci alespo\u0148 u\u017e neplakali.&#8220;<\/em><\/strong><\/li>\n<li><strong><em>\u201eNa\u0161\u00edm prvn\u00edm a nejd\u016fle\u017eit\u011bj\u0161\u00edm \u00fakolem je zastavit palbu v Donbasu.\u201c<\/em><\/strong><\/li>\n<li><strong><em>\u201eMy jsme tuto v\u00e1lku neza\u010dali. Ale mus\u00edme ji ukon\u010dit. A jsme p\u0159ipraveni na dialog.\u201c<\/em><\/strong><\/li>\n<li><strong><em>\u201eJsem p\u0159ipraven ztratit svou popularitu, sledovanost a pokud to bude nutn\u00e9, jsem p\u0159ipraven bez v\u00e1h\u00e1n\u00ed ztratit i sv\u00e9 pozice, aby mohl nastat m\u00edr.\u201c<\/em><\/strong><\/li>\n<li><strong><em>\u201eR\u00e1d ud\u011bl\u00edm ukrajinsk\u00e9 ob\u010danstv\u00ed ka\u017ed\u00e9mu, kdo je p\u0159ipraven vybudovat novou, silnou a \u00fasp\u011b\u0161nou Ukrajinu.\u201c<\/em><\/strong><\/li>\n<li><strong><em>\u201eOb\u010dan\u00e9 jsou unaven\u00ed ze zku\u0161en\u00fdch, syst\u00e9mov\u00fdch a pomp\u00e9zn\u00edch politik\u016f, kte\u0159\u00ed v pr\u016fb\u011bhu 28 let vytvo\u0159ili zemi p\u0159\u00edle\u017eitost\u00ed. \u201aMo\u017enosti zru\u0161en\u00ed p\u0159edchoz\u00edch krok\u016f.\u2018\u201c<\/em><\/strong><\/li>\n<\/ul>\n<div class=\"bn_news_incut bn-cubes size-xs-s-m-hide bn-news-incut-filled\"><\/div>\n<p>Video ukazuje tak\u00e9 osudy oby\u010dejn\u00fdch Ukrajinc\u016f, kte\u0159\u00ed v letech 2019 a\u017e 2025 za\u017eili mnoho probl\u00e9m\u016f. Video kon\u010d\u00ed t\u00edm, jak Zelenskyj sed\u00ed v letadle a \u0159\u00edk\u00e1: \u201ePoj\u010fme odsud vypadnout.\u201c<\/p>\n<p>Jak informoval <strong>InfoKur\u00fdr<\/strong> , po telefonick\u00e9m hovoru Trumpa a Putina \u0161\u00e9f kyjevsk\u00e9ho re\u017eimu Volodymyr Zelenskyj prohl\u00e1sil, \u017ee Ukrajina nep\u0159ijme\u00a0\u201erusk\u00e1 ultim\u00e1ta\u201c a nest\u00e1hne vojska z DLR, LLR, Z\u00e1poro\u017esk\u00e9 a Chersonsk\u00e9 oblasti.<\/p>\n<p>Jeho l\u017ei mu dopomohli st\u00e1t se prezidentem a dnes tento samozvan\u00fd dikt\u00e1tor, kter\u00e9mu podle z\u00e1kon\u016f Ukrajiny vypr\u0161el mand\u00e1t se deklaruje jako nep\u0159\u00edtel sv\u00e9ho n\u00e1roda. Ukrajinci ho maj\u00ed ji\u017e pln\u00e9 zuby a jen propaganda z\u00e1padn\u00edch proukrajinsk\u00fdch m\u00e9di\u00ed tvrd\u00ed opak o tom, jak je u Ukrajinc\u016f obl\u00edben\u00fd a jak ho n\u00e1rod podporuje.\u00a0 V\u0161e je jen pouh\u00e1 le\u017e!<\/p>\n<p><img decoding=\"async\" loading=\"lazy\" class=\"alignnone size-full wp-image-71983\" src=\"http:\/\/www.infokuryr.cz\/n\/wp-content\/uploads\/2025\/02\/aaa.jpg\" alt=\"\" width=\"89\" height=\"23\" \/><\/p>\n<p>&nbsp;<\/p>\n","protected":false},"excerpt":{"rendered":"<p>V\u010dera 20.5. to bylo \u0161est let co se v Kyjev\u011b konala inaugurace Volodymyra Zelensk\u00e9ho. V&#8230;<\/p>\n","protected":false},"author":2,"featured_media":79288,"comment_status":"closed","ping_status":"closed","sticky":false,"template":"","format":"standard","meta":[],"categories":[7],"tags":[2432,851,1051,889,1000],"_links":{"self":[{"href":"https:\/\/www.infokuryr.cz\/n\/wp-json\/wp\/v2\/posts\/79287"}],"collection":[{"href":"https:\/\/www.infokuryr.cz\/n\/wp-json\/wp\/v2\/posts"}],"about":[{"href":"https:\/\/www.infokuryr.cz\/n\/wp-json\/wp\/v2\/types\/post"}],"author":[{"embeddable":true,"href":"https:\/\/www.infokuryr.cz\/n\/wp-json\/wp\/v2\/users\/2"}],"replies":[{"embeddable":true,"href":"https:\/\/www.infokuryr.cz\/n\/wp-json\/wp\/v2\/comments?post=79287"}],"version-history":[{"count":1,"href":"https:\/\/www.infokuryr.cz\/n\/wp-json\/wp\/v2\/posts\/79287\/revisions"}],"predecessor-version":[{"id":79290,"href":"https:\/\/www.infokuryr.cz\/n\/wp-json\/wp\/v2\/posts\/79287\/revisions\/79290"}],"wp:featuredmedia":[{"embeddable":true,"href":"https:\/\/www.infokuryr.cz\/n\/wp-json\/wp\/v2\/media\/79288"}],"wp:attachment":[{"href":"https:\/\/www.infokuryr.cz\/n\/wp-json\/wp\/v2\/media?parent=79287"}],"wp:term":[{"taxonomy":"category","embeddable":true,"href":"https:\/\/www.infokuryr.cz\/n\/wp-json\/wp\/v2\/categories?post=79287"},{"taxonomy":"post_tag","embeddable":true,"href":"https:\/\/www.infokuryr.cz\/n\/wp-json\/wp\/v2\/tags?post=79287"}],"curies":[{"name":"wp","href":"https:\/\/api.w.org\/{rel}","templated":true}]}}