{"id":79277,"date":"2025-05-21T00:30:42","date_gmt":"2025-05-20T22:30:42","guid":{"rendered":"https:\/\/www.infokuryr.cz\/n\/?p=79277"},"modified":"2025-05-20T11:13:45","modified_gmt":"2025-05-20T09:13:45","slug":"jaroslav-stefec-tak-uz-to-vime","status":"publish","type":"post","link":"https:\/\/www.infokuryr.cz\/n\/2025\/05\/21\/jaroslav-stefec-tak-uz-to-vime\/","title":{"rendered":"Jaroslav \u0160tefec: Tak u\u017e to v\u00edme"},"content":{"rendered":"<div id=\"fb-root\"><\/div>\n<p>Tak u\u017e to v\u00edme. Jak n\u00e1m prozradily British Sky News, Donald Trump n\u00e1s zradil. Zradil starou nebohou Evropu. Zklamal t\u00edm pr\u00fd jak Ukrajinu, tak jej\u00ed spojence. No, spojence \u2026 Ukrajina nen\u00ed ani v NATO, ani v EU. Jedin\u00fd, kdo se Zelensk\u00fdm podepsal stoletou smlouvu na vyu\u017eit\u00ed jej\u00edho a j\u00ed dobyt\u00e9ho bohatstv\u00ed Ruska, je britsk\u00fd premi\u00e9r Starmer. Tak\u017ee nejsp\u00ed\u0161 zklamal jeho.<\/p>\n<p>Veden\u00ed EU, st\u00e1le otev\u0159en\u011bji se chovaj\u00edc\u00ed jako britsk\u00e1 kolonie, p\u0159ece\u00a0Donaldu Trumpovi jasn\u011b nazna\u010dilo, \u017ee m\u00e1 v telefonick\u00e9m rozhovoru zadupat Vladim\u00edra Putina do zem\u011b a uvalit na Rusko tvrd\u00e9 sankce! M\u00edsto toho te\u010f mus\u00ed \u010delit americk\u00fdm v\u00fdzv\u00e1m k jedn\u00e1n\u00edm s Ruskem, nav\u00edc, podle prohl\u00e1\u0161en\u00ed samotn\u00e9ho americk\u00e9ho prezidenta, podpo\u0159en\u00fdm osobn\u011b Svat\u00fdm stolcem.<\/p>\n<p>Trump a Putin se b\u011bhem dvouhodinov\u00e9ho rozhovoru z\u0159ejm\u011b definitivn\u011b dohodli na zp\u016fsobu \u0159e\u0161en\u00ed nar\u016fstaj\u00edc\u00ed bezpe\u010dnostn\u00ed krize Evropy, rozdmych\u00e1van\u00e9 ne\u00fastupnost\u00ed evropsk\u00fdmi loutkovodi\u010di podn\u011bcovan\u00e9ho Zelensk\u00e9ho. Obsah rozhovoru byl nejsp\u00ed\u0161 pe\u010dliv\u011b p\u0159ipraven a do v\u0161ech podrobnost\u00ed projedn\u00e1n diplomaty a z\u00e1stupci zpravodajsk\u00fdch slu\u017eeb obou stran dlouho dop\u0159edu. \u0158\u00edk\u00e1 se tomu diplomacie. Co\u017e je slovo, pova\u017eovan\u00e9 mezi noblesn\u00ed eurosmet\u00e1nkou za n\u011bco nevhodn\u00e9ho, ba snad a\u017e sprost\u00e9ho.<\/p>\n<p>Obsahu tohoto slova neznal\u00ed evrop\u0161t\u00ed l\u00edd\u0159i snad opravdu \u010dekali, \u017ee Donald Trump bude Vladim\u00edru Putinovi vyhro\u017eovat a tla\u010dit ho k ni\u010d\u00edm neod\u016fvodniteln\u00e9mu p\u0159\u00edm\u011b\u0159\u00ed, navr\u017een\u00e9m p\u016fvodn\u011b Zelensk\u00fdm a definitivn\u011b dotvo\u0159en\u00e9m j\u00edm a trojic\u00ed jeho kump\u00e1n\u016f Starmerem, Macronem a Merzem v alb\u00e1nsk\u00e9 Tiran\u011b. Tam se tahle poveden\u00e1 \u201e\u010dty\u0159ka\u201c se\u0161la pot\u00e9, co d\u00edky komedi\u00e1ln\u00edmu v\u00fdstupu Zelensk\u00e9ho v tureck\u00e9m Istanbulu jedn\u00e1n\u00ed mezi ukrajinskou \u201est\u0159edn\u00ed skupinou vojsk\u201c na jedn\u00e9 stran\u011b a uhlazen\u00fdmi rusk\u00fdmi diplomaty na stran\u011b druh\u00e9 vlastn\u011b ani neza\u010dala. Z Tirany si pak telefonicky st\u011b\u017eovali \u201evelk\u00e9mu b\u00edl\u00e9mu otci ve Washingtonu\u201c, \u017ee jim Putin roz\u0161lapal kybl\u00ed\u010dek a ukradl lopati\u010dku a arogantn\u011b po\u017eadovali, aby u\u017e kone\u010dn\u011b za\u0159\u00eddil tu ruskou kapitulaci.<\/p>\n<p>\u201eIstanbul II\u201c tak p\u0159inesl jen v\u00fdm\u011bnu soupis\u016f obecn\u011b zn\u00e1m\u00fdch podm\u00ednek obou stran, jejich\u017e spln\u011bn\u00edm podmi\u0148uj\u00ed pokra\u010dov\u00e1n\u00ed m\u00edrov\u00fdch rozhovor\u016f. Britsko-francouzsko-n\u011bmeck\u00e9, zastupovan\u00e9 u jednac\u00edho stolu ukrajinsk\u00fdm gener\u00e1ln\u00edm \u0161t\u00e1bem (soud\u011b aspo\u0148 podle oble\u010den\u00ed), a rusk\u00e9, zastupovan\u00e9 diplomatickou mis\u00ed. Jejich po\u017eadavky jsou si ov\u0161em natolik vzd\u00e1len\u00e9, \u017ee je vlastn\u011b za sou\u010dasn\u00e9 konfigurace politick\u00fdch sil na Ukrajin\u011b a v Evrop\u011b jak\u00e9koliv dal\u0161\u00ed jedn\u00e1n\u00ed fakticky vylou\u010deno. Pro ruskou stranu nav\u00edc hraje \u010das, rostouc\u00ed vojensk\u00e1 p\u0159evaha, re\u00e1ln\u011b vyj\u00e1d\u0159en\u00e1 \u00fazemn\u00edmi zisky na nov\u011b p\u0159ipojen\u00fdch \u00fazem\u00edch, klesaj\u00edc\u00ed ochota oby\u010dejn\u00fdch Ukrajinc\u016f um\u00edrat za britsk\u00e9 a francouzsk\u00e9 z\u00e1jmy, plo\u0161n\u011b rostouc\u00ed soci\u00e1ln\u00ed, ekonomick\u00e9 a bezpe\u010dnostn\u00ed probl\u00e9my EU i pr\u00e1zdn\u00e9 vojensk\u00e9 sklady evropsk\u00fdch zem\u00ed NATO.<\/p>\n<p>Jedin\u00fdm pozitivn\u00edm v\u00fdstupem nov\u00e9ho kola istanbulsk\u00fdch jedn\u00e1n\u00ed, by\u0165 fakticky zma\u0159en\u00e9ho Zelensk\u00fdm a jeho spojenci d\u0159\u00edve, ne\u017e mohlo za\u010d\u00edt, se tak stala dohoda o vz\u00e1jemn\u00e9 v\u00fdm\u011bn\u011b tis\u00edcovky v\u00e1le\u010dn\u00fdch zajatc\u016f. Snad to m\u016f\u017ee zakl\u00e1dat nad\u011bji v budouc\u00ed sbli\u017eov\u00e1n\u00ed n\u00e1zor\u016f, vedouc\u00ed k n\u011bjak\u00e9mu stabiln\u011bj\u0161\u00edmu urovn\u00e1n\u00ed vz\u00e1jemn\u00fdch vztah\u016f.<\/p>\n<p>A okam\u017eit\u00e9 v\u00fdstupy jedn\u00e1n\u00ed Putin-Trump? Vladim\u00edr Zelensk\u00fd z n\u011bj m\u00e1 podle v\u0161eho osypky. V reakci na v\u00fdzvy americk\u00e9ho prezidenta k urychlen\u00e9mu ukon\u010den\u00ed vz\u00e1jemn\u00e9ho zab\u00edjen\u00ed vystoupil s velko\u00fast\u00fdm prohl\u00e1\u0161en\u00edm, \u017ee Ukrajina nikdy nest\u00e1hne \u201esv\u00e1 vojska ze sv\u00e9ho \u00fazem\u00ed a neustoup\u00ed rusk\u00fdm ultim\u00e1t\u016fm\u201c. S obvyklou bohorovnou aroganc\u00ed tak\u00e9 sd\u011blil sv\u011btu, \u017ee Donaldovi jasn\u011b zak\u00e1zal \u201erozhodovat o Ukrajin\u011b bez Ukrajiny\u201c. Co\u017e je ov\u0161em v naprost\u00e9m protikladu k Trumpem st\u00e1le nekompromisn\u011bji vyjad\u0159ovan\u00e9mu po\u017eadavku, aby vzal rozum do hrsti a za\u010dal m\u00edsto p\u0159\u00edpravy celoevropsk\u00e9 v\u00e1lky podle not z Lond\u00fdna a Pa\u0159\u00ed\u017ee rad\u011bji jednat s Ruskem o m\u00edru pro t\u011b\u017ece zkou\u0161en\u00fd lid Ukrajiny.<\/p>\n<p>Zelensk\u00e9ho dal\u0161\u00ed v\u00fdroky, \u017ee Ukrajina aktu\u00e1ln\u011b zva\u017euje mo\u017enost zorganizovat setk\u00e1n\u00ed delegac\u00ed z Ukrajiny, Ruska, USA a EU v Turecku, Vatik\u00e1nu nebo \u0160v\u00fdcarsku, nem\u00e1 v \u00famyslu opustit sm\u011b\u0159ov\u00e1n\u00ed do NATO, ani vyhl\u00e1sit neutr\u00e1ln\u00ed status, u\u017e jen ukazuj\u00ed jeho nepochopen\u00ed prost\u00e9ho faktu. Po dne\u0161n\u00edm telefon\u00e1tu na n\u011bm p\u0159estal dal\u0161\u00ed v\u00fdvoj situace na Ukrajin\u011b z\u00e1le\u017eet. Pro skute\u010dn\u011b velk\u00e9 hr\u00e1\u010de za\u010d\u00ednaj\u00ed m\u00edt v\u00e1hu sp\u00ed\u0161e ty a\u017e dosud \u201estatisticky zanedbateln\u00e9\u201c stovky tis\u00edc Ukrajinc\u016f, kter\u00e9 pos\u00edlal a pos\u00edl\u00e1 na smrt ve v\u00e1lce, udr\u017eovan\u00e9 v chodu jen d\u00edky jeho umanut\u00e9 pod\u0159\u00edzenosti z\u00e1jm\u016fm v\u011brchu\u0161ky EU. Vlast\u011b na n\u011bm velmi brzy nemus\u00ed z\u00e1le\u017eet v\u016fbec. Stejn\u011b jako dnes u\u017e v\u016fbec nez\u00e1le\u017e\u00ed na ned\u00e1vno je\u0161t\u011b sv\u011btozn\u00e1m\u00e9 a v\u0161emi oslavovan\u00e9 d\u00edvence jm\u00e9nem Greta Thunbergov\u00e1.<\/p>\n<p>Mimochodem, v\u0161iml jsem si na z\u00e1b\u011brech z Tirany, \u017ee se Merz dr\u017eel od \u201esvat\u00e9 trojice\u201c dost na distanc. Ono to s tou nerozbornou jednotou n\u00e1zor\u016f veden\u00ed EU asi nebude a\u017e zas tak slavn\u00e9.<\/p>\n<p>Jaroslav \u0160tefec<\/p>\n<p><img decoding=\"async\" loading=\"lazy\" class=\"alignnone size-medium wp-image-13906\" src=\"http:\/\/www.infokuryr.cz\/n\/wp-content\/uploads\/2022\/08\/stefec-257x300.jpg\" alt=\"\" width=\"257\" height=\"300\" srcset=\"https:\/\/www.infokuryr.cz\/n\/wp-content\/uploads\/2022\/08\/stefec-257x300.jpg 257w, https:\/\/www.infokuryr.cz\/n\/wp-content\/uploads\/2022\/08\/stefec.jpg 557w\" sizes=\"(max-width: 257px) 100vw, 257px\" \/><\/p>\n<p>&nbsp;<\/p>\n","protected":false},"excerpt":{"rendered":"<p>Tak u\u017e to v\u00edme. Jak n\u00e1m prozradily British Sky News, Donald Trump n\u00e1s zradil. Zradil&#8230;<\/p>\n","protected":false},"author":2,"featured_media":55203,"comment_status":"closed","ping_status":"closed","sticky":false,"template":"","format":"standard","meta":[],"categories":[6],"tags":[1503,39,122,22,26],"_links":{"self":[{"href":"https:\/\/www.infokuryr.cz\/n\/wp-json\/wp\/v2\/posts\/79277"}],"collection":[{"href":"https:\/\/www.infokuryr.cz\/n\/wp-json\/wp\/v2\/posts"}],"about":[{"href":"https:\/\/www.infokuryr.cz\/n\/wp-json\/wp\/v2\/types\/post"}],"author":[{"embeddable":true,"href":"https:\/\/www.infokuryr.cz\/n\/wp-json\/wp\/v2\/users\/2"}],"replies":[{"embeddable":true,"href":"https:\/\/www.infokuryr.cz\/n\/wp-json\/wp\/v2\/comments?post=79277"}],"version-history":[{"count":0,"href":"https:\/\/www.infokuryr.cz\/n\/wp-json\/wp\/v2\/posts\/79277\/revisions"}],"wp:featuredmedia":[{"embeddable":true,"href":"https:\/\/www.infokuryr.cz\/n\/wp-json\/wp\/v2\/media\/55203"}],"wp:attachment":[{"href":"https:\/\/www.infokuryr.cz\/n\/wp-json\/wp\/v2\/media?parent=79277"}],"wp:term":[{"taxonomy":"category","embeddable":true,"href":"https:\/\/www.infokuryr.cz\/n\/wp-json\/wp\/v2\/categories?post=79277"},{"taxonomy":"post_tag","embeddable":true,"href":"https:\/\/www.infokuryr.cz\/n\/wp-json\/wp\/v2\/tags?post=79277"}],"curies":[{"name":"wp","href":"https:\/\/api.w.org\/{rel}","templated":true}]}}