{"id":79271,"date":"2025-05-21T00:26:12","date_gmt":"2025-05-20T22:26:12","guid":{"rendered":"https:\/\/www.infokuryr.cz\/n\/?p=79271"},"modified":"2025-05-20T11:01:29","modified_gmt":"2025-05-20T09:01:29","slug":"jiri-paroubek-nemcova-ods-a-kovarova-stan-u-v-moravce-jako-domovnice","status":"publish","type":"post","link":"https:\/\/www.infokuryr.cz\/n\/2025\/05\/21\/jiri-paroubek-nemcova-ods-a-kovarova-stan-u-v-moravce-jako-domovnice\/","title":{"rendered":"Ji\u0159\u00ed Paroubek: N\u011bmcov\u00e1 (ODS) a Kov\u00e1\u0159ov\u00e1 (STAN) u V. Moravce jako domovnice"},"content":{"rendered":"<div id=\"fb-root\"><\/div>\n<p><strong>Mus\u00edm \u0159\u00edci, \u017ee jsem u\u017e dlouho nesledoval od za\u010d\u00e1tku a\u017e do konce po\u0159ad Ot\u00e1zky V\u00e1clava Moravce. Tentokr\u00e1t se v n\u011bm st\u0159etly p\u0159edstavitelky mimoparlamentn\u00ed opozice: europoslankyn\u011b K. Kone\u010dn\u00e1 (KS\u010cM) a p\u0159edsedkyn\u011b SocDem J. Mal\u00e1\u010dov\u00e1 s dv\u011bma reprezentkami stran vl\u00e1dn\u00ed koalice. Ob\u011b dv\u011b opozi\u010dn\u00ed politi\u010dky se v diskusi pln\u011b v\u011bnovaly opozi\u010dn\u00ed pr\u00e1ci, p\u0159edev\u0161\u00edm ale pr\u00e1ci s fakty.<\/strong><\/p>\n<p style=\"font-weight: 400;\">V\u00a0po\u0159adu byla otev\u0159ena cel\u00e1 \u0159ada ot\u00e1zek. Tak nap\u0159. ot\u00e1zka\u00a0dopad\u016f mo\u017en\u00fdch skand\u00e1l\u016f plynouc\u00edch z\u00a0kauzy Dozimetr na volebn\u00ed v\u00fdsledek hnut\u00ed STAN. D\u00e1le pak v\u00fddaje na zbrojen\u00ed ze st\u00e1tn\u00edho rozpo\u010dtu a jejich v\u00fd\u0161e v\u00a0p\u0159\u00ed\u0161t\u00edch letech. Ukon\u010den\u00ed v\u00e1lky na Ukrajin\u011b, v\u010detn\u011b toho, pro\u010d se prezidentu Trumpovi neda\u0159\u00ed ukon\u010dit tento v\u00e1le\u010dn\u00fd konflikt. Na p\u0159et\u0159es tak\u00e9 p\u0159i\u0161la politick\u00e1 kultura v\u00a0r\u00e1mci volebn\u00ed kampan\u011b\u00a0 atd.<\/p>\n<p><strong>1.<\/strong>Moravec, jako obvykle byl pon\u011bkud zaujat\u00fd a stran\u00edc\u00ed d\u00e1m\u00e1m sv\u00e9ho srdce z \u0159ad vl\u00e1dn\u00ed koalice. Za vl\u00e1dn\u00ed koalici, jak ji\u017e bylo nazna\u010deno v n\u00e1zvu tohoto \u010dl\u00e1nku, byly zastoupeny dv\u011b \u017eeny: sen\u00e1torka M. N\u011bmcov\u00e1 a m\u00edstop\u0159edsedkyn\u011b sn\u011bmovny V. Kov\u00e1\u0159ov\u00e1.<\/p>\n<p style=\"font-weight: 400;\">Obecn\u011b bych cht\u011bl \u0159\u00edci, \u017ee mezi ob\u011bma dvojicemi byl zna\u010dn\u00fd rozd\u00edl, p\u0159edev\u0161\u00edm ve vyu\u017eit\u00ed\u00a0 fakt\u016f na podporu argumentace v debat\u011b. V\u00fdkon koali\u010dn\u00edho tandemu Kov\u00e1\u0159ov\u00e1 \u2013 N\u011bmcov\u00e1 byl odstra\u0161uj\u00edc\u00edm p\u0159\u00edkladem n\u00edzk\u00e9 politick\u00e9 kultury, kter\u00e1 na\u0161i zemi ovl\u00e1dla d\u00edky \u010desk\u00e9 pravici. Zejm\u00e9na sen\u00e1torka N\u011bmcov\u00e1 je dlouhodob\u011b zn\u00e1m\u00e1 z\u00e1libou ve vyhled\u00e1v\u00e1n\u00ed vnit\u0159n\u00edch i zahrani\u010dn\u00edch nep\u0159\u00e1tel \u010desk\u00e9ho st\u00e1tu, kter\u00fdm v\u011bnuje svou nesmlouvavou a n\u011bkdy m\u00e1lo zaslou\u017eenou pozornost. Chyby v\u00a0\u010dinnosti sou\u010dasn\u00e9 vl\u00e1dy pan\u00ed sen\u00e1torka nen\u00ed schopna vn\u00edmat. Ostatn\u011b nen\u00ed schopna tyto chyby vn\u00edmat ani m\u00edstop\u0159edsedkyn\u011b sn\u011bmovny Kov\u00e1\u0159ov\u00e1.<\/p>\n<p style=\"font-weight: 400;\">D\u00e1m jeden prost\u00fd p\u0159\u00edklad neschopnosti vn\u00edmat fakta a \u010dinit spr\u00e1vn\u00e9 z\u00e1v\u011bry ze strany V. Kov\u00e1\u0159ov\u00e9. Chyst\u00e1 se soudn\u00ed projedn\u00e1v\u00e1n\u00ed kauzy Dozimetr, ale pr\u00fd to nen\u00ed pro hnut\u00ed STAN p\u0159ed volbami \u017e\u00e1dn\u00fd probl\u00e9m. Oni se s\u00a0t\u00edm p\u0159ece ji\u017e vyrovnali, tedy podle Kov\u00e1\u0159ov\u00e9, ale i p\u0159edsedy Raku\u0161ana. J\u00e1 bych rad\u011bji po\u010dkal na jedn\u00e1n\u00ed soudu a zejm\u00e9na na soudn\u00ed verdikt samotn\u00fd. V\u00a0ka\u017ed\u00e9m p\u0159\u00edpad\u011b je z\u0159ejm\u00e9, alespo\u0148 podle m\u00e9ho n\u00e1zoru, \u017ee hnut\u00ed STAN ve Zl\u00ednsk\u00e9m kraji pod z\u00e1\u0161titou dlouholet\u00e9ho p\u0159edsedy tohoto hnut\u00ed Gazd\u00edka, vzniklo jako mafi\u00e1nsk\u00fd projekt ve spolupr\u00e1ci s\u00a0rodinou R\u00e9dl\u016f. Konec konc\u016f libereck\u00fd hejtman P\u016fta je po dlouh\u00fdch letech odsouzen a jeho trest je st\u00e1le jen bagatelizov\u00e1n. \u017d\u00e1dn\u00e1 osobn\u00ed reflexe.<\/p>\n<p style=\"font-weight: 400;\">A co hospoda\u0159en\u00ed n\u011bkdej\u0161\u00edho m\u00edstop\u0159edsedy a b\u00fdval\u00e9ho budouc\u00edho aspiranta na k\u0159eslo ministra pr\u016fmyslu za\u00a0 STAN Michal\u00edka. O zvl\u00e1\u0161tn\u00edch finan\u010dn\u00edch \u010dachrech ve finan\u010dn\u00edch r\u00e1j\u00edch, p\u0159es kter\u00e9 mohlo z\u010d\u00e1sti prob\u00edhat financov\u00e1n\u00ed hnut\u00ed STAN, u\u017e nemluv\u00ed ani nejodv\u00e1\u017en\u011bj\u0161\u00ed novin\u00e1\u0159i. V\u0161ichni trp\u00ed\u00a0 amn\u00e9zi\u00ed. Ob\u011b vl\u00e1dn\u00ed politi\u010dky p\u0159edvedly ve sv\u00fdch vystoupen\u00edch op\u011bt mantry, kter\u00fdmi se budou sna\u017eit jejich politick\u00e9 formace p\u0159ed volbami uhranout voli\u010de.<\/p>\n<p style=\"font-weight: 400;\">Tak v\u00a0prvn\u00ed \u0159ad\u011b pr\u00fd je A. Babi\u0161 a jeho hnut\u00ed ohro\u017een\u00edm demokracie. A stejn\u011b tak SPD a tak\u00e9 Sta\u010dilo!. Prost\u011b v\u0161ichni, kdo maj\u00ed jin\u00fd n\u00e1zor a kdo si mysl\u00ed, \u017ee sou\u010dasn\u00e1 vl\u00e1da pracuje \u0161patn\u011b. Ji\u017e to sice nejsou chcim\u00ed\u0159i a dezol\u00e1ti, ale dezinform\u00e1to\u0159i pracuj\u00edc\u00ed ve prosp\u011bch \u010di p\u0159\u00edmo na pokyn Kremlu.<\/p>\n<p style=\"font-weight: 400;\">Dal\u0161\u00edm d\u016fle\u017eit\u00fdm narativem, jak vl\u00e1dn\u00ed politici \u010dasto tento m\u00f3dn\u00ed v\u00fdraz pou\u017e\u00edvaj\u00ed, je proradnost Putina a jeho neochota uzav\u0159\u00edt s\u00a0Ukrajinou p\u0159\u00edm\u011b\u0159\u00ed. Je\u0161t\u011b p\u0159ed p\u00e1r t\u00fddny mluvili tit\u00ed\u017e politici Z\u00e1padu, v\u010detn\u011b \u010desk\u00fdch o tom, \u017ee Putin rozum\u00ed jenom s\u00edle a \u017ee nebude schopen dlouhodob\u011b vydr\u017eet tlak sankc\u00ed. Te\u010f u\u017e se p\u0159ipravuje z\u0159ejm\u011b osmn\u00e1ct\u00e9 kolo sankc\u00ed EU.<\/p>\n<p><strong>2.<\/strong>Kone\u010dn\u00e1 spr\u00e1vn\u011b uvedla, \u017ee Rusko v lo\u0148sk\u00e9m roce zaznamenalo meziro\u010dn\u00ed hospod\u00e1\u0159sk\u00fd r\u016fst 4,5 %, ale naopak N\u011bmecko za\u017eilo m\u00edrn\u00fd hospod\u00e1\u0159sk\u00fd pokles. Tak k \u010demu slou\u017e\u00ed takov\u00e9to sankce? Vystoupen\u00ed K. Kone\u010dn\u00e9 a J. Mal\u00e1\u010dov\u00e9 bylo prakticky bez chyb, by\u0165 jejich vyj\u00e1d\u0159en\u00ed se setk\u00e1vala se zjevn\u00fdm nep\u0159\u00e1telstv\u00edm a nen\u00e1vist\u00ed koali\u010dn\u00edch politi\u010dek a touhou uv\u00e1d\u011bt v\u011bci na pravou m\u00edru ze strany moder\u00e1tora. V. Moravec samoz\u0159ejm\u011b ml\u010del jako ryba, kdy\u017e zj. sen\u00e1torka N\u011bmcov\u00e1 pou\u017e\u00edvala p\u0159edev\u0161\u00edm ke vztahu ke K. Kone\u010dn\u00e9 naprosto l\u017eiv\u00e9 a ur\u00e1\u017eliv\u00e9 argumenty. Cht\u011blo by to v jeho p\u0159\u00edpad\u011b\u00a0 alespo\u0148 m\u00edrn\u011b si dr\u017eet distanc od zjevn\u00fdch l\u017e\u00ed sen\u00e1torky i m\u00edstop\u0159edsedkyn\u011b sn\u011bmovny a zachov\u00e1vat dekorum.<\/p>\n<p style=\"font-weight: 400;\">Co ov\u0161em p\u0159edvedly ob\u011b \u010dinitelky vl\u00e1dn\u00ed koalice v\u00a0z\u00e1v\u011bru diskuse, to p\u0159ekonalo jak\u00e9koliv m\u00e9 o\u010dek\u00e1v\u00e1n\u00ed, jak hluboko m\u016f\u017ee je\u0161t\u011b klesnout politick\u00e1 kultura v\u00a0na\u0161\u00ed zemi. Ob\u011b d\u00e1my, N\u011bmcov\u00e1 a Kov\u00e1\u0159ov\u00e1, byly po hodin\u011b debaty z\u0159ejm\u011b ji\u017e du\u0161evn\u011b vy\u010derp\u00e1ny. A proto\u017ee nebyly schopny pou\u017e\u00edvat k\u00a0obran\u011b vl\u00e1dn\u00ed politiky validn\u00ed argumenty, uchylovaly se k\u00a0osobn\u00edm \u00fatok\u016fm a ok\u0159ikov\u00e1n\u00ed. A tak nejd\u0159\u00edv byly ob\u011b opozi\u010dn\u00ed politi\u010dky vyz\u00fdv\u00e1ny zv\u00fd\u0161en\u00fdm hlasem jejich soupe\u0159ek z debaty, aby byly zticha. V. Moravec velkoryse p\u0159ehl\u00e9dl, \u017ee n\u011bkdo z\u00a0\u00fa\u010dastnic diskuse vlastn\u011b p\u0159evzal \u00falohu moder\u00e1tora. V\u00a0sam\u00e9m z\u00e1v\u011bru K. Kone\u010dn\u00e1 p\u0159\u00edmo rozv\u00e1\u0161nila sen\u00e1torku N\u011bmcovou, p\u0159ed\u00e1n\u00edm jak\u00e9si drobn\u00e9 publikace z\u00a0d\u00edlny Sta\u010dilo!. Snad jsem zachytil dob\u0159e n\u00e1zev t\u00e9to publikace, n\u011bco k\u00a0fialov\u00e9mu vl\u00e1dnut\u00ed. Tato drobn\u00e1 publikace pak let\u011bla z\u00a0rukou N\u011bmcov\u00e9 vzduchem do jednoho z\u00a0kout\u016f m\u00edstnosti, \u017ee to dokonce vystra\u0161ilo jinak v\u016f\u010di osobn\u00edm \u00fatok\u016fm na ob\u011b opozi\u010dn\u00ed politi\u010dky zcela nete\u010dn\u00e9ho V. Moravce.<\/p>\n<p style=\"font-weight: 400;\">Jedin\u00e9 chyby v\u00a0argumentaci, kterou K. Kone\u010dn\u00e1 a J. Mal\u00e1\u010dov\u00e1 ud\u011blala, bylo v\u00a0t\u00e9 pas\u00e1\u017ei, ve kter\u00e9 hovo\u0159ila o tom, \u017ee sou\u010dasnou vl\u00e1du zaj\u00edm\u00e1 na prvn\u00edm m\u00edst\u011b v\u00e1lka na Ukrajin\u011b a pak teprve probl\u00e9my \u010desk\u00fdch ob\u010dan\u016f, ji\u017e nepou\u017eila dostupn\u00e9 \u010d\u00edslo od Kielsk\u00e9ho institutu pro hospod\u00e1\u0159stv\u00ed, podle kter\u00e9ho za t\u0159i roky konfliktu, tedy do 28.2. t.r. \u010cesk\u00e1 republika vynalo\u017eila na \u0159e\u0161en\u00ed ukrajinsk\u00e9 krize 232 miliard korun. Je to skute\u010dn\u011b d\u011bsiv\u00e9 \u010d\u00edslo a byl by to i dobr\u00fd argument dokl\u00e1daj\u00edc\u00ed rozma\u0159ilost vl\u00e1dy. Tak snad p\u0159\u00ed\u0161t\u011b. Nejpodstatn\u011bj\u0161\u00ed je ov\u0161em argument, \u017ee s\u00a0domovnicemi \u2013 a v\u00fdkon obou vl\u00e1dn\u00edch politi\u010dek nelze charakterizovat, podle m\u00e9ho n\u00e1zoru, jinak \u2013 nem\u00e1 smysl se h\u00e1dat a je obt\u00ed\u017en\u00e9 pou\u017e\u00edvat racion\u00e1ln\u00ed argumenty. Ty prost\u011b\u00a0 nejsou pochopeny.<\/p>\n<p style=\"font-weight: 400;\">Pokud bude \u201cargumentace\u201c vl\u00e1dn\u00edch politik\u016f pokra\u010dovat a\u017e do voleb v \u0159\u00edjnu\u00a0 zp\u016fsobem, jak nazna\u010dily v ned\u011bli N\u011bmcov\u00e1 s\u00a0Kov\u00e1\u0159ovou, vyvol\u00e1 to nutn\u011b studenou ob\u010danskou v\u00e1lku. Volby jsou a\u017e za 4,5 m\u011bs\u00edce. A pokud je\u0161t\u011b dojde k dal\u0161\u00ed eskalaci nen\u00e1visti a arogance ze strany vl\u00e1dn\u00edch stran, m\u016f\u017ee to vyvolat velmi v\u00e1\u017en\u00e9 n\u00e1sledky.<\/p>\n<p><a href=\"https:\/\/vasevec.info\/domaci-politika\/nemcova-ods-kovarova-stan-u-v-moravce-jako-domovnice\">Ji\u0159\u00ed Paroubek<\/a><\/p>\n<p><img decoding=\"async\" loading=\"lazy\" class=\"alignnone size-medium wp-image-2342\" src=\"http:\/\/www.infokuryr.cz\/n\/wp-content\/uploads\/2021\/06\/paroubek-300x208.jpg\" alt=\"\" width=\"300\" height=\"208\" srcset=\"https:\/\/www.infokuryr.cz\/n\/wp-content\/uploads\/2021\/06\/paroubek-300x208.jpg 300w, https:\/\/www.infokuryr.cz\/n\/wp-content\/uploads\/2021\/06\/paroubek.jpg 318w\" sizes=\"(max-width: 300px) 100vw, 300px\" \/><\/p>\n<p>&nbsp;<\/p>\n","protected":false},"excerpt":{"rendered":"<p>Mus\u00edm \u0159\u00edci, \u017ee jsem u\u017e dlouho nesledoval od za\u010d\u00e1tku a\u017e do konce po\u0159ad Ot\u00e1zky V\u00e1clava&#8230;<\/p>\n","protected":false},"author":2,"featured_media":79272,"comment_status":"closed","ping_status":"closed","sticky":false,"template":"","format":"standard","meta":[],"categories":[6],"tags":[1357,1503,449,864,6768],"_links":{"self":[{"href":"https:\/\/www.infokuryr.cz\/n\/wp-json\/wp\/v2\/posts\/79271"}],"collection":[{"href":"https:\/\/www.infokuryr.cz\/n\/wp-json\/wp\/v2\/posts"}],"about":[{"href":"https:\/\/www.infokuryr.cz\/n\/wp-json\/wp\/v2\/types\/post"}],"author":[{"embeddable":true,"href":"https:\/\/www.infokuryr.cz\/n\/wp-json\/wp\/v2\/users\/2"}],"replies":[{"embeddable":true,"href":"https:\/\/www.infokuryr.cz\/n\/wp-json\/wp\/v2\/comments?post=79271"}],"version-history":[{"count":0,"href":"https:\/\/www.infokuryr.cz\/n\/wp-json\/wp\/v2\/posts\/79271\/revisions"}],"wp:featuredmedia":[{"embeddable":true,"href":"https:\/\/www.infokuryr.cz\/n\/wp-json\/wp\/v2\/media\/79272"}],"wp:attachment":[{"href":"https:\/\/www.infokuryr.cz\/n\/wp-json\/wp\/v2\/media?parent=79271"}],"wp:term":[{"taxonomy":"category","embeddable":true,"href":"https:\/\/www.infokuryr.cz\/n\/wp-json\/wp\/v2\/categories?post=79271"},{"taxonomy":"post_tag","embeddable":true,"href":"https:\/\/www.infokuryr.cz\/n\/wp-json\/wp\/v2\/tags?post=79271"}],"curies":[{"name":"wp","href":"https:\/\/api.w.org\/{rel}","templated":true}]}}