{"id":7926,"date":"2022-01-30T16:10:37","date_gmt":"2022-01-30T15:10:37","guid":{"rendered":"http:\/\/www.infokuryr.cz\/n\/?p=7926"},"modified":"2022-01-30T16:16:52","modified_gmt":"2022-01-30T15:16:52","slug":"konvoj-svobody-otrasa-kanadou-kanadsky-premier-uprchl-ze-strachu-do-bezpeci","status":"publish","type":"post","link":"https:\/\/www.infokuryr.cz\/n\/2022\/01\/30\/konvoj-svobody-otrasa-kanadou-kanadsky-premier-uprchl-ze-strachu-do-bezpeci\/","title":{"rendered":"&#8222;Konvoj svobody&#8220; ot\u0159\u00e1s\u00e1 Kanadou &#8211; kanadsk\u00fd premi\u00e9r uprchl ze strachu do bezpe\u010d\u00ed"},"content":{"rendered":"<div id=\"fb-root\"><\/div>\n<p><strong>Tis\u00edce kamio\u0148\u00e1k\u016f vyrazily p\u0159ed p\u00e1r dny do kanadsk\u00e9ho hlavn\u00edho m\u011bsta, aby protestovaly proti zaveden\u00e9mu na\u0159\u00edzen\u00ed o o\u010dkov\u00e1n\u00ed. Po p\u0159\u00edjezdu do Ottawy je s nad\u0161en\u00edm p\u0159ijaly tis\u00edce lid\u00ed. Demonstranti protestuj\u00ed proti politice koronavirov\u00fdch opat\u0159en\u00ed. Premi\u00e9r Trudeau uprchl a je pr\u00fd na nezn\u00e1m\u00e9m m\u00edst\u011b.\u00a0<\/strong><\/p>\n<p>Masivn\u00ed konvoj se dal do pohybu v kanadsk\u00e9m Vancouveru minulou ned\u011bli. K tis\u00edc\u016fm trucker\u016f z cel\u00e9 Kanady a dokonce i USA se p\u0159id\u00e1vali dal\u0161\u00ed a dal\u0161\u00ed sympatizanti, n\u011bkte\u0159\u00ed i soukrom\u00fdmi vozidly, tak\u017ee protestn\u00ed pochod pr\u00fd dos\u00e1hl d\u00e9lky des\u00edtek kilometr\u016f. Celkov\u011b tuto j\u00edzdu nazvanou &#8222;konvoj svobody&#8220; podporuje miliony Kana\u010fan\u016f.<\/p>\n<p>\u0158idi\u010di kamion\u016f byli cestou opakovan\u011b oslavov\u00e1ni lidmi, kte\u0159\u00ed je zdravili u silnice nebo na mostech a vyjad\u0159ovali svou solidaritu kanadsk\u00fdmi vlajkami a plak\u00e1ty.<\/p>\n<p>V pozad\u00ed protestu je v polovin\u011b ledna vstoupila v platnost povinnost o\u010dkov\u00e1n\u00ed, kter\u00e1 plat\u00ed i pro \u0159idi\u010de kamion\u016f.\u00a0Mand\u00e1t vy\u017eaduje, aby neo\u010dkovan\u00ed nebo ne zcela o\u010dkovan\u00ed \u0159idi\u010di n\u00e1kladn\u00edch vozidel p\u0159ekra\u010duj\u00edc\u00ed hranice do Kanady ze Spojen\u00fdch st\u00e1t\u016f americk\u00fdch byli v karant\u00e9n\u011b po dobu dvou t\u00fddn\u016f.\u00a0Od 22. ledna jsou o\u010dkov\u00e1ni i kanad\u0161t\u00ed \u0159idi\u010di kamion\u016f, kte\u0159\u00ed p\u0159ekro\u010d\u00ed hranici USA.<\/p>\n<div class=\"EmbedBlock-root EmbedBlock-twitter\">\n<div class=\"TwitterEmbed\">\n<div class=\"twitter-tweet twitter-tweet-rendered\"><iframe id=\"twitter-widget-0\" class=\"\" title=\"Twitter tweet\" src=\"https:\/\/platform.twitter.com\/embed\/Tweet.html?dnt=false&amp;embedId=twitter-widget-0&amp;features=eyJ0ZndfZXhwZXJpbWVudHNfY29va2llX2V4cGlyYXRpb24iOnsiYnVja2V0IjoxMjA5NjAwLCJ2ZXJzaW9uIjpudWxsfSwidGZ3X2hvcml6b25fdHdlZXRfZW1iZWRfOTU1NSI6eyJidWNrZXQiOiJodGUiLCJ2ZXJzaW9uIjpudWxsfSwidGZ3X3NwYWNlX2NhcmQiOnsiYnVja2V0Ijoib2ZmIiwidmVyc2lvbiI6bnVsbH19&amp;frame=false&amp;hideCard=false&amp;hideThread=false&amp;id=1487529884905836549&amp;lang=cs&amp;origin=https%3A%2F%2Fde.rt.com%2Fnordamerika%2F130740-konvoi-freiheit-mischt-hauptstadt-auf%2F&amp;sessionId=8fa7ef2055e748f72262d6117ec210b0a40ead91&amp;siteScreenName=ActualidadRT&amp;theme=light&amp;widgetsVersion=75b3351%3A1642573356397&amp;width=550px\" frameborder=\"0\" scrolling=\"no\" allowfullscreen=\"allowfullscreen\" data-tweet-id=\"1487529884905836549\" data-mce-fragment=\"1\"><\/iframe><\/div>\n<\/div>\n<\/div>\n<p>To bylo ji\u017e moc\u00a0 nejen pro \u0159idi\u010de kamion\u016f V dal\u0161\u00edch kanadsk\u00fdch m\u011bstech, jako je Toronto, vyj\u00e1d\u0159ilo mnoho lid\u00ed svou solidaritu s kamionisty.<\/p>\n<div class=\"EmbedBlock-root EmbedBlock-twitter\">\n<div class=\"TwitterEmbed\">\n<div class=\"twitter-tweet twitter-tweet-rendered\"><iframe id=\"twitter-widget-1\" class=\"\" title=\"Twitter tweet\" src=\"https:\/\/platform.twitter.com\/embed\/Tweet.html?dnt=false&amp;embedId=twitter-widget-1&amp;features=eyJ0ZndfZXhwZXJpbWVudHNfY29va2llX2V4cGlyYXRpb24iOnsiYnVja2V0IjoxMjA5NjAwLCJ2ZXJzaW9uIjpudWxsfSwidGZ3X2hvcml6b25fdHdlZXRfZW1iZWRfOTU1NSI6eyJidWNrZXQiOiJodGUiLCJ2ZXJzaW9uIjpudWxsfSwidGZ3X3NwYWNlX2NhcmQiOnsiYnVja2V0Ijoib2ZmIiwidmVyc2lvbiI6bnVsbH19&amp;frame=false&amp;hideCard=false&amp;hideThread=false&amp;id=1486758804037451779&amp;lang=cs&amp;origin=https%3A%2F%2Fde.rt.com%2Fnordamerika%2F130740-konvoi-freiheit-mischt-hauptstadt-auf%2F&amp;sessionId=8fa7ef2055e748f72262d6117ec210b0a40ead91&amp;siteScreenName=ActualidadRT&amp;theme=light&amp;widgetsVersion=75b3351%3A1642573356397&amp;width=550px\" frameborder=\"0\" scrolling=\"no\" allowfullscreen=\"allowfullscreen\" data-tweet-id=\"1486758804037451779\" data-mce-fragment=\"1\"><\/iframe><\/div>\n<\/div>\n<\/div>\n<p>Zpo\u010d\u00e1tku byl protest ignorov\u00e1n hlavn\u00edmi m\u00e9dii a enormn\u011b vizu\u00e1ln\u011b ohromuj\u00edc\u00ed \u201eConvoy of Freedom\u201c dorazil do sv\u00e9ho c\u00edle, kanadsk\u00e9ho hlavn\u00edho m\u011bsta Ottawy, v sobotu, jen aby byl nad\u0161en\u011b p\u0159ijat Kana\u010fany, kte\u0159\u00ed vl\u00e1dn\u00ed covid\u00a0 politiku dlouho kritizovali.<\/p>\n<div class=\"EmbedBlock-root EmbedBlock-twitter\">\n<div class=\"TwitterEmbed\">\n<div class=\"twitter-tweet twitter-tweet-rendered\"><iframe id=\"twitter-widget-2\" class=\"\" title=\"Twitter tweet\" src=\"https:\/\/platform.twitter.com\/embed\/Tweet.html?dnt=false&amp;embedId=twitter-widget-2&amp;features=eyJ0ZndfZXhwZXJpbWVudHNfY29va2llX2V4cGlyYXRpb24iOnsiYnVja2V0IjoxMjA5NjAwLCJ2ZXJzaW9uIjpudWxsfSwidGZ3X2hvcml6b25fdHdlZXRfZW1iZWRfOTU1NSI6eyJidWNrZXQiOiJodGUiLCJ2ZXJzaW9uIjpudWxsfSwidGZ3X3NwYWNlX2NhcmQiOnsiYnVja2V0Ijoib2ZmIiwidmVyc2lvbiI6bnVsbH19&amp;frame=false&amp;hideCard=false&amp;hideThread=false&amp;id=1487510421095522305&amp;lang=cs&amp;origin=https%3A%2F%2Fde.rt.com%2Fnordamerika%2F130740-konvoi-freiheit-mischt-hauptstadt-auf%2F&amp;sessionId=8fa7ef2055e748f72262d6117ec210b0a40ead91&amp;siteScreenName=ActualidadRT&amp;theme=light&amp;widgetsVersion=75b3351%3A1642573356397&amp;width=550px\" frameborder=\"0\" scrolling=\"no\" allowfullscreen=\"allowfullscreen\" data-tweet-id=\"1487510421095522305\" data-mce-fragment=\"1\"><\/iframe><\/div>\n<\/div>\n<\/div>\n<p>Tis\u00edce demonstrant\u016f se v sobotu se\u0161ly v extr\u00e9mn\u011b mraziv\u00fdch teplot\u00e1ch p\u0159ed kanadsk\u00fdm parlamentem na hlu\u010dn\u00e9 demonstraci.\u00a0Lid\u00e9, kte\u0159\u00ed se na m\u00edst\u011b shroma\u017e\u010fuj\u00ed, poch\u00e1zej\u00ed z cel\u00e9 zem\u011b.\u00a0Cestovali do Ottawy, aby vyj\u00e1d\u0159ili svou nespokojenost s politikou opat\u0159en\u00ed kanadsk\u00e9 vl\u00e1dy, kterou vn\u00edmali jako nep\u0159im\u011b\u0159enou.<\/p>\n<div class=\"EmbedBlock-root EmbedBlock-twitter\">\n<div class=\"TwitterEmbed\">\n<div class=\"twitter-tweet twitter-tweet-rendered\"><iframe id=\"twitter-widget-3\" class=\"\" title=\"Twitter tweet\" src=\"https:\/\/platform.twitter.com\/embed\/Tweet.html?dnt=false&amp;embedId=twitter-widget-3&amp;features=eyJ0ZndfZXhwZXJpbWVudHNfY29va2llX2V4cGlyYXRpb24iOnsiYnVja2V0IjoxMjA5NjAwLCJ2ZXJzaW9uIjpudWxsfSwidGZ3X2hvcml6b25fdHdlZXRfZW1iZWRfOTU1NSI6eyJidWNrZXQiOiJodGUiLCJ2ZXJzaW9uIjpudWxsfSwidGZ3X3NwYWNlX2NhcmQiOnsiYnVja2V0Ijoib2ZmIiwidmVyc2lvbiI6bnVsbH19&amp;frame=false&amp;hideCard=false&amp;hideThread=false&amp;id=1487590264558563331&amp;lang=cs&amp;origin=https%3A%2F%2Fde.rt.com%2Fnordamerika%2F130740-konvoi-freiheit-mischt-hauptstadt-auf%2F&amp;sessionId=8fa7ef2055e748f72262d6117ec210b0a40ead91&amp;siteScreenName=ActualidadRT&amp;theme=light&amp;widgetsVersion=75b3351%3A1642573356397&amp;width=550px\" frameborder=\"0\" scrolling=\"no\" allowfullscreen=\"allowfullscreen\" data-tweet-id=\"1487590264558563331\" data-mce-fragment=\"1\"><\/iframe><\/div>\n<\/div>\n<\/div>\n<p>Houkaj\u00edc\u00ed n\u00e1kla\u010f\u00e1ky a osobn\u00ed auta a pick-upy ov\u011b\u0161en\u00e9 vlajkami nebo transparenty mezit\u00edm blokuj\u00ed p\u0159ilehl\u00e9 dopravn\u00ed tepny m\u011bsta, zat\u00edmco mnoho obyvatel poskytuje \u0159idi\u010d\u016fm kamion\u016f to nejnutn\u011bj\u0161\u00ed.<\/p>\n<div class=\"EmbedBlock-root EmbedBlock-twitter\">\n<div class=\"TwitterEmbed\">\n<div class=\"twitter-tweet twitter-tweet-rendered\"><iframe id=\"twitter-widget-4\" class=\"\" title=\"Twitter tweet\" src=\"https:\/\/platform.twitter.com\/embed\/Tweet.html?dnt=false&amp;embedId=twitter-widget-4&amp;features=eyJ0ZndfZXhwZXJpbWVudHNfY29va2llX2V4cGlyYXRpb24iOnsiYnVja2V0IjoxMjA5NjAwLCJ2ZXJzaW9uIjpudWxsfSwidGZ3X2hvcml6b25fdHdlZXRfZW1iZWRfOTU1NSI6eyJidWNrZXQiOiJodGUiLCJ2ZXJzaW9uIjpudWxsfSwidGZ3X3NwYWNlX2NhcmQiOnsiYnVja2V0Ijoib2ZmIiwidmVyc2lvbiI6bnVsbH19&amp;frame=false&amp;hideCard=false&amp;hideThread=false&amp;id=1487517370805637136&amp;lang=cs&amp;origin=https%3A%2F%2Fde.rt.com%2Fnordamerika%2F130740-konvoi-freiheit-mischt-hauptstadt-auf%2F&amp;sessionId=8fa7ef2055e748f72262d6117ec210b0a40ead91&amp;siteScreenName=ActualidadRT&amp;theme=light&amp;widgetsVersion=75b3351%3A1642573356397&amp;width=550px\" frameborder=\"0\" scrolling=\"no\" allowfullscreen=\"allowfullscreen\" data-tweet-id=\"1487517370805637136\" data-mce-fragment=\"1\"><\/iframe><\/div>\n<\/div>\n<\/div>\n<p>Dokonce i c\u00edrkve, kter\u00e9 a\u017e dosud d\u016fsledn\u011b h\u00e1jily a podporovaly vl\u00e1dn\u00ed covid politiku, otev\u0159ely sv\u00e9 dve\u0159e \u0159idi\u010d\u016fm kamion\u016f.<\/p>\n<div class=\"EmbedBlock-root EmbedBlock-twitter\">\n<div class=\"TwitterEmbed\">\n<div class=\"twitter-tweet twitter-tweet-rendered\"><iframe id=\"twitter-widget-5\" class=\"\" title=\"Twitter tweet\" src=\"https:\/\/platform.twitter.com\/embed\/Tweet.html?dnt=false&amp;embedId=twitter-widget-5&amp;features=eyJ0ZndfZXhwZXJpbWVudHNfY29va2llX2V4cGlyYXRpb24iOnsiYnVja2V0IjoxMjA5NjAwLCJ2ZXJzaW9uIjpudWxsfSwidGZ3X2hvcml6b25fdHdlZXRfZW1iZWRfOTU1NSI6eyJidWNrZXQiOiJodGUiLCJ2ZXJzaW9uIjpudWxsfSwidGZ3X3NwYWNlX2NhcmQiOnsiYnVja2V0Ijoib2ZmIiwidmVyc2lvbiI6bnVsbH19&amp;frame=false&amp;hideCard=false&amp;hideThread=false&amp;id=1487530804192370697&amp;lang=cs&amp;origin=https%3A%2F%2Fde.rt.com%2Fnordamerika%2F130740-konvoi-freiheit-mischt-hauptstadt-auf%2F&amp;sessionId=8fa7ef2055e748f72262d6117ec210b0a40ead91&amp;siteScreenName=ActualidadRT&amp;theme=light&amp;widgetsVersion=75b3351%3A1642573356397&amp;width=550px\" frameborder=\"0\" scrolling=\"no\" allowfullscreen=\"allowfullscreen\" data-tweet-id=\"1487530804192370697\" data-mce-fragment=\"1\"><\/iframe><\/div>\n<\/div>\n<\/div>\n<p>Protesty, kter\u00e9 ohromily celou Kanadu, jsou podle policie zat\u00edm poklidn\u00e9. V sobotu ve\u010der nedo\u0161lo k \u017e\u00e1dn\u00e9mu zat\u010den\u00ed.\u00a0Tis\u00edce demonstrant\u016f proch\u00e1zely ulicemi ucpan\u00fdmi vozidly a pomalu jedouc\u00ed dopravou nebo se shrom\u00e1\u017edily na tr\u00e1vn\u00edc\u00edch p\u0159ed parlamentem.\u00a0Jen n\u011bkolik sympatizant\u016f p\u0159ikl\u00e1dalo d\u016fle\u017eitost no\u0161en\u00ed rou\u0161ek nebo dodr\u017eov\u00e1n\u00ed pravidel vzd\u00e1lenosti.<\/p>\n<p>Mezit\u00edm premi\u00e9r Justin Trudeau ji\u017e klasifikoval protesty trucker\u016f a vynesl rozsudek.\u00a0Trudeau je p\u0159esv\u011bd\u010den, \u017ee jde \u00fadajn\u011b o \u201emalou okrajovou skupinu lid\u00ed, kte\u0159\u00ed jsou na cest\u011b do Ottawy\u201c aby vyjad\u0159ovali \u201enep\u0159ijateln\u00e9 n\u00e1zory\u201c. Bohu\u017eel \u0161\u00ed\u0159il o protestech ve\u0159ejn\u00e9 dezinformace!<\/p>\n<p>\u201eBlok\u00e1da\u201c hlavn\u00edho m\u011bsta Ottawy je mo\u017en\u00e1 nejdrasti\u010dt\u011bj\u0161\u00ed, nejl\u00e9pe zorganizovan\u00e1 demonstrace inspirovan\u00e1 COVID-19, jakou kdy sv\u011bt vid\u011bl, v\u011b\u0159\u00ed jin\u00ed.\u00a0Protesty jsou p\u0159itom p\u0159edev\u0161\u00edm lah\u016fdkou pro \u201e\u00a0<a href=\"https:\/\/www.thedailybeast.com\/canadas-anti-vax-answer-to-january-6-is-an-indefinite-blockade-of-ottawa\" target=\"_blank\" rel=\"noopener noreferrer\">mezin\u00e1rodn\u00ed<\/a>\u00a0pravici\u201c.<\/p>\n<p>P\u0159edev\u0161\u00edm se od za\u010d\u00e1tku protestu trucker\u016f opakovan\u011b poukazovalo na to, \u017ee jej iniciovala Tamara Lich, gener\u00e1ln\u00ed tajemnice relativn\u011b nov\u00e9 Maverick Party.\u00a0Maverick Party je \u201epravicov\u00e1 skupina\u201c propaguj\u00edc\u00ed odd\u011blen\u00ed t\u0159\u00ed z\u00e1padn\u00edch provinci\u00ed Kanady od zbytku zem\u011b.<\/p>\n<p><em>Kanadsk\u00e1 vys\u00edlac\u00ed korporace\u00a0<\/em>\u00a0<em>(CBC)<\/em>\u00a0, mo\u017en\u00e1 p\u0159i hled\u00e1n\u00ed praktick\u00e9ho z\u00e1kladn\u00edho pravidla, kter\u00e9 by dok\u00e1zala d\u00e1t ud\u00e1lostem definitivn\u011b negativn\u00ed raz\u00edtko,\u00a0nyn\u00ed polo\u017eila na st\u016fl konspira\u010dn\u00ed teorii, kter\u00e1 nebyla v \u017e\u00e1dn\u00e9m p\u0159\u00edpad\u011b nov\u00e1, ale v tuto chv\u00edli mo\u017en\u00e1 neo\u010dek\u00e1van\u00e1. .\u00a0Nemohlo by Rusko sed\u011bt za volantem a \u0159\u00eddit protesty?\u00a0Ustaran\u011b vypadaj\u00edc\u00ed, ale ne zcela p\u0159esv\u011bd\u010den\u00fd hostitel\u00a0<em>CBC<\/em>\u00a0se zeptal :<\/p>\n<p><strong><em>\u201e&#8230;vzhledem k podpo\u0159e Kanady Ukrajin\u011b&#8230;nev\u00edm, jestli je p\u0159ita\u017een\u00e9 za vlasy se pt\u00e1t, ale existuje obava, \u017ee zat\u00edmco tento protest nar\u016fst\u00e1&#8230;tento by mo\u017en\u00e1 ru\u0161t\u00ed herci mohli je\u0161t\u011b v\u00edce rozv\u00ed\u0159it v\u011bci. dokonce podn\u011bcov\u00e1n&#8230;\u201c<\/em><\/strong><\/p>\n<div class=\"EmbedBlock-root EmbedBlock-twitter\">\n<div class=\"TwitterEmbed\">\n<div class=\"twitter-tweet twitter-tweet-rendered\"><iframe id=\"twitter-widget-10\" class=\"\" title=\"Twitter tweet\" src=\"https:\/\/platform.twitter.com\/embed\/Tweet.html?dnt=false&amp;embedId=twitter-widget-10&amp;features=eyJ0ZndfZXhwZXJpbWVudHNfY29va2llX2V4cGlyYXRpb24iOnsiYnVja2V0IjoxMjA5NjAwLCJ2ZXJzaW9uIjpudWxsfSwidGZ3X2hvcml6b25fdHdlZXRfZW1iZWRfOTU1NSI6eyJidWNrZXQiOiJodGUiLCJ2ZXJzaW9uIjpudWxsfSwidGZ3X3NwYWNlX2NhcmQiOnsiYnVja2V0Ijoib2ZmIiwidmVyc2lvbiI6bnVsbH19&amp;frame=false&amp;hideCard=false&amp;hideThread=false&amp;id=1487467556743127045&amp;lang=cs&amp;origin=https%3A%2F%2Fde.rt.com%2Fnordamerika%2F130740-konvoi-freiheit-mischt-hauptstadt-auf%2F&amp;sessionId=8fa7ef2055e748f72262d6117ec210b0a40ead91&amp;siteScreenName=ActualidadRT&amp;theme=light&amp;widgetsVersion=75b3351%3A1642573356397&amp;width=550px\" frameborder=\"0\" scrolling=\"no\" allowfullscreen=\"allowfullscreen\" data-tweet-id=\"1487467556743127045\" data-mce-fragment=\"1\"><\/iframe><\/div>\n<\/div>\n<\/div>\n<p>Mezit\u00edm po\u010detn\u00fd kontingent policejn\u00edch sil v Ottaw\u011b doplnili d\u016fstojn\u00edci z m\u011bst vzd\u00e1len\u00fdch stovky mil, stejn\u011b jako Provin\u010dn\u00ed policie Ontaria a Kr\u00e1lovsk\u00e1 kanadsk\u00e1 j\u00edzdn\u00ed policie.\u00a0Mezit\u00edm se objevily obavy, \u017ee by demonstranti mohli cht\u00edt z\u00edskat p\u0159\u00edstup do parlamentu.<\/p>\n<p>Nyn\u00ed\u00a0<a href=\"https:\/\/www.nytimes.com\/2022\/01\/29\/world\/americas\/canada-trucker-protest.html\" target=\"_blank\" rel=\"noopener noreferrer\">se<\/a>\u00a0mno\u017e\u00ed\u00a0<a href=\"https:\/\/www.cbc.ca\/news\/politics\/truck-convoy-protest-some-key-players-1.6332312\" target=\"_blank\" rel=\"noopener noreferrer\">zpr\u00e1vy<\/a> , \u017ee premi\u00e9r Trudeau a jeho rodina uprchl na m\u00edsto, kter\u00e9 ve\u0159ejnost nezn\u00e1.<\/p>\n<p><strong><em>&#8222;Kv\u016fli obav\u00e1m o bezpe\u010dnost byli Trudeau a jeho rodina p\u0159em\u00edst\u011bni ze sv\u00e9ho domu na nejmenovan\u00e9 m\u00edsto v hlavn\u00edm m\u011bst\u011b.&#8220;<\/em><\/strong><\/p>\n<p>\u00da\u0159ad premi\u00e9ra odm\u00edtl m\u00edsto pobytu kanadsk\u00e9ho premi\u00e9ra komentovat.<\/p>\n<div class=\"EmbedBlock-root EmbedBlock-twitter\">\n<div class=\"TwitterEmbed\">\n<div class=\"twitter-tweet twitter-tweet-rendered\"><iframe id=\"twitter-widget-11\" class=\"\" title=\"Twitter tweet\" src=\"https:\/\/platform.twitter.com\/embed\/Tweet.html?dnt=false&amp;embedId=twitter-widget-11&amp;features=eyJ0ZndfZXhwZXJpbWVudHNfY29va2llX2V4cGlyYXRpb24iOnsiYnVja2V0IjoxMjA5NjAwLCJ2ZXJzaW9uIjpudWxsfSwidGZ3X2hvcml6b25fdHdlZXRfZW1iZWRfOTU1NSI6eyJidWNrZXQiOiJodGUiLCJ2ZXJzaW9uIjpudWxsfSwidGZ3X3NwYWNlX2NhcmQiOnsiYnVja2V0Ijoib2ZmIiwidmVyc2lvbiI6bnVsbH19&amp;frame=false&amp;hideCard=false&amp;hideThread=false&amp;id=1486704226449379329&amp;lang=cs&amp;origin=https%3A%2F%2Fde.rt.com%2Fnordamerika%2F130740-konvoi-freiheit-mischt-hauptstadt-auf%2F&amp;sessionId=8fa7ef2055e748f72262d6117ec210b0a40ead91&amp;siteScreenName=ActualidadRT&amp;theme=light&amp;widgetsVersion=75b3351%3A1642573356397&amp;width=550px\" frameborder=\"0\" scrolling=\"no\" allowfullscreen=\"allowfullscreen\" data-tweet-id=\"1486704226449379329\" data-mce-fragment=\"1\"><\/iframe><\/div>\n<\/div>\n<\/div>\n<p>Trudeau d\u0159\u00edve na Twitteru ozn\u00e1mil, \u017ee byl v kontaktu s COVID-19, a proto se p\u011bt dn\u00ed izoloval.\u00a0Bez ud\u00e1n\u00ed dal\u0161\u00edch podrobnost\u00ed ji\u017e d\u0159\u00edve uvedl, \u017ee jedno z jeho t\u0159\u00ed d\u011bt\u00ed m\u011blo\u00a0<a href=\"https:\/\/www.ctvnews.ca\/politics\/prime-minister-justin-trudeau-s-isolation-due-to-child-testing-positive-for-covid-19-1.5758589\" target=\"_blank\" rel=\"noopener noreferrer\">pozitivn\u00ed test<\/a>\u00a0.<\/p>\n<div class=\"EmbedBlock-root EmbedBlock-twitter\">\n<div class=\"TwitterEmbed\">\n<div class=\"twitter-tweet twitter-tweet-rendered\"><iframe id=\"twitter-widget-12\" class=\"\" title=\"Twitter tweet\" src=\"https:\/\/platform.twitter.com\/embed\/Tweet.html?dnt=false&amp;embedId=twitter-widget-12&amp;features=eyJ0ZndfZXhwZXJpbWVudHNfY29va2llX2V4cGlyYXRpb24iOnsiYnVja2V0IjoxMjA5NjAwLCJ2ZXJzaW9uIjpudWxsfSwidGZ3X2hvcml6b25fdHdlZXRfZW1iZWRfOTU1NSI6eyJidWNrZXQiOiJodGUiLCJ2ZXJzaW9uIjpudWxsfSwidGZ3X3NwYWNlX2NhcmQiOnsiYnVja2V0Ijoib2ZmIiwidmVyc2lvbiI6bnVsbH19&amp;frame=false&amp;hideCard=false&amp;hideThread=false&amp;id=1487044388110974979&amp;lang=cs&amp;origin=https%3A%2F%2Fde.rt.com%2Fnordamerika%2F130740-konvoi-freiheit-mischt-hauptstadt-auf%2F&amp;sessionId=8fa7ef2055e748f72262d6117ec210b0a40ead91&amp;siteScreenName=ActualidadRT&amp;theme=light&amp;widgetsVersion=75b3351%3A1642573356397&amp;width=550px\" frameborder=\"0\" scrolling=\"no\" allowfullscreen=\"allowfullscreen\" data-tweet-id=\"1487044388110974979\" data-mce-fragment=\"1\"><\/iframe><\/div>\n<\/div>\n<\/div>\n<p>Mezit\u00edm se kamio\u0148\u00e1ci mimo Kanadu tak\u00e9 c\u00edt\u00ed inspirov\u00e1ni protesty.\u00a0\u0158idi\u010di kamion\u016f v USA se nyn\u00ed cht\u011bj\u00ed dostat do Washingtonu.\u00a0I v It\u00e1lii na sebe a svou kritiku politiky covidu upozornili \u0159idi\u010di kamion\u016f.<\/p>\n<p><span style=\"color: #ff0000;\"><strong>Tyto protesty ot\u0159\u00e1sly Kanadou a je z\u0159ejm\u00e9, \u017ee lid\u00e9 se ji\u017e za\u010d\u00ednaj\u00ed probouzet a uv\u011bdomuj\u00ed si zr\u016fdnost a nelogi\u010dnost tzv. pandemick\u00fdch na\u0159\u00edzen\u00edch. V\u0161imn\u011bte si, jak op\u011bt na\u0161e pravdomluvn\u00e1 ve\u0159ejnopr\u00e1vn\u00ed m\u00e9dia zaryt\u011b ml\u010d\u00ed. O situaci v Kanad\u011b jsme ji\u017e psali <a style=\"color: #ff0000;\" href=\"http:\/\/www.infokuryr.cz\/n\/2022\/01\/28\/freedom-convoy-priblizne-50-000-ridicu-nakladnich-automobilu-v-kanade-se-bouri-proti-opatrenim-proti-koronaviru\/\">ZDE<\/a>a\u00a0<a style=\"color: #ff0000;\" href=\"http:\/\/www.infokuryr.cz\/n\/2022\/01\/30\/kanada-je-v-nadeji-my-v\/\">ZDE<\/a><\/strong><\/span><\/p>\n<p><img decoding=\"async\" loading=\"lazy\" class=\"alignnone size-full wp-image-1185\" src=\"http:\/\/www.infokuryr.cz\/n\/wp-content\/uploads\/2021\/04\/kuryr-podpis.png\" alt=\"\" width=\"84\" height=\"24\" \/><\/p>\n<p>&nbsp;<\/p>\n","protected":false},"excerpt":{"rendered":"<p>Tis\u00edce kamio\u0148\u00e1k\u016f vyrazily p\u0159ed p\u00e1r dny do kanadsk\u00e9ho hlavn\u00edho m\u011bsta, aby protestovaly proti zaveden\u00e9mu na\u0159\u00edzen\u00ed&#8230;<\/p>\n","protected":false},"author":2,"featured_media":7927,"comment_status":"closed","ping_status":"closed","sticky":false,"template":"","format":"standard","meta":[],"categories":[7],"tags":[23,248,621,95,1248],"_links":{"self":[{"href":"https:\/\/www.infokuryr.cz\/n\/wp-json\/wp\/v2\/posts\/7926"}],"collection":[{"href":"https:\/\/www.infokuryr.cz\/n\/wp-json\/wp\/v2\/posts"}],"about":[{"href":"https:\/\/www.infokuryr.cz\/n\/wp-json\/wp\/v2\/types\/post"}],"author":[{"embeddable":true,"href":"https:\/\/www.infokuryr.cz\/n\/wp-json\/wp\/v2\/users\/2"}],"replies":[{"embeddable":true,"href":"https:\/\/www.infokuryr.cz\/n\/wp-json\/wp\/v2\/comments?post=7926"}],"version-history":[{"count":1,"href":"https:\/\/www.infokuryr.cz\/n\/wp-json\/wp\/v2\/posts\/7926\/revisions"}],"predecessor-version":[{"id":7928,"href":"https:\/\/www.infokuryr.cz\/n\/wp-json\/wp\/v2\/posts\/7926\/revisions\/7928"}],"wp:featuredmedia":[{"embeddable":true,"href":"https:\/\/www.infokuryr.cz\/n\/wp-json\/wp\/v2\/media\/7927"}],"wp:attachment":[{"href":"https:\/\/www.infokuryr.cz\/n\/wp-json\/wp\/v2\/media?parent=7926"}],"wp:term":[{"taxonomy":"category","embeddable":true,"href":"https:\/\/www.infokuryr.cz\/n\/wp-json\/wp\/v2\/categories?post=7926"},{"taxonomy":"post_tag","embeddable":true,"href":"https:\/\/www.infokuryr.cz\/n\/wp-json\/wp\/v2\/tags?post=7926"}],"curies":[{"name":"wp","href":"https:\/\/api.w.org\/{rel}","templated":true}]}}