{"id":7925,"date":"2022-01-30T14:32:25","date_gmt":"2022-01-30T13:32:25","guid":{"rendered":"http:\/\/www.infokuryr.cz\/n\/?p=7925"},"modified":"2022-01-30T14:32:25","modified_gmt":"2022-01-30T13:32:25","slug":"ceske-granaty-pro-ukrajinu-dopad-i-na-ceskou-ambasadu-znalec-geopolitiky-se-obava-ze-fiala-nic-nevi","status":"publish","type":"post","link":"https:\/\/www.infokuryr.cz\/n\/2022\/01\/30\/ceske-granaty-pro-ukrajinu-dopad-i-na-ceskou-ambasadu-znalec-geopolitiky-se-obava-ze-fiala-nic-nevi\/","title":{"rendered":"\u010cesk\u00e9 gran\u00e1ty pro Ukrajinu! Dopad i na \u010deskou ambas\u00e1du? Znalec geopolitiky se ob\u00e1v\u00e1, \u017ee \u201eFiala nic nev\u00ed\u201c"},"content":{"rendered":"<div id=\"fb-root\"><\/div>\n<p><strong>\u201ePotvrzen\u00ed o beznad\u011bji na rozumn\u00e1 jedn\u00e1n\u00ed.\u201c I takto hovo\u0159\u00ed znalec geopolitiky, analytik, vysoko\u0161kolsk\u00fd pedagog Jan Campbell o p\u0159\u00edstupu \u010ceska k ukrajinsk\u00e9 krizi. \u201eNa\u0161t\u011bst\u00ed pan premi\u00e9r netvrd\u00ed, \u017ee Z\u00e1pad stoj\u00ed pevn\u011b na Ukrajin\u011b,\u201c komentuje. Popisuje, jak\u00e9 hroz\u00ed nebezpe\u010d\u00ed na D\u00e1ln\u00e9m v\u00fdchod\u011b, analyzuje p\u0159\u00edstup N\u011bmecka i NATO. \u201e\u010c\u00edm v\u00edce a rychleji se NATO bude roz\u0161i\u0159ovat, t\u00edm rychleji zmiz\u00ed v archivu a pot\u00e9 mnoz\u00ed z n\u00e1s budou klidn\u011bji sp\u00e1t,\u201c podot\u00fdk\u00e1 Campbell.<\/strong><\/p>\n<p><strong>Pane doktore, \u0159\u00edk\u00e1te, \u017ee se st\u0159\u00edd\u00e1 st\u00e1le to sam\u00e9: NATO, omikron, Putin. Kter\u00e9 t\u00e9ma bude, podle v\u00e1s, p\u0159eva\u017eovat v p\u0159\u00ed\u0161t\u00edm t\u00fddnu?<\/strong><\/p>\n<p>Star\u00e9 r\u010den\u00ed prav\u00ed: V\u0161echny dobr\u00e9 v\u011bci jsou t\u0159i. Proto \u017e\u00e1dn\u00e1 z nich nebude m\u00edt absolutn\u00ed prioritu. Budou se st\u0159\u00eddat jako r\u00e1no, poledne a ve\u010der.<\/p>\n<p><strong>Berl\u00edn po\u0161le ukrajinsk\u00e9 arm\u00e1d\u011b p\u011bt tis\u00edc p\u0159ileb a tak\u00e9 potvrdil pen\u00edze na stavbu poln\u00ed nemocnice. Zbran\u011b poskytnout odm\u00edt\u00e1. Jak \u010dtete postoj Berl\u00edna?<\/strong><\/p>\n<p>Ob\u00e9zn\u00ed Berl\u00edn se sna\u017e\u00ed ud\u011blat \u0161pag\u00e1t. Na z\u00e1pad\u011b za oce\u00e1nem kancl\u00e9\u0159 Olaf a ministryn\u011b Annalena absolvovali p\u0159ij\u00edmac\u00ed zkou\u0161ku ve Washingtonu a mus\u00ed te\u010f plnit dom\u00e1c\u00ed \u00fakoly, jestli\u017ee se cht\u011bj\u00ed udr\u017eet na v\u00fdslun\u00ed podm\u00edn\u011bn\u00e9 moci. Na v\u00fdslun\u00ed hroz\u00ed Olafovi nebezpe\u010d\u00ed, \u017ee nebude m\u00edt dost sil uh\u00e1jit svoji pravdu. Podobn\u011b jako hrdina bulharsk\u00e9ho filmu z roku 1977 \u2013 Slune\u010dn\u00ed \u00fader. Pro mlad\u00e9 \u010dten\u00e1\u0159e uv\u00e1d\u00edm, \u017ee film byl uveden v roce 1978 na 21. ro\u010dn\u00edku MFF v Karlov\u00fdch Varech a z\u00edskal Cenu Rud\u00e9ho pr\u00e1va. Pro Annalenu v\u00fdslun\u00ed p\u0159edstavuje mo\u017enost dostat se do galerie politick\u00fdch hv\u011bzd. Ty n\u00e1m ukazuj\u00ed cestu do modern\u00edho prav\u011bku lemovanou \u201ezelen\u00fdm \u00fad\u011blem\u201c, mo\u017en\u00e1 i ropovodem pln\u011bn\u00fdm vodkou, a ne plynem (jak vtipkovala pan\u00ed Nuland) a podobn\u00fdmi inovacemi. Z d\u011bjepisu v\u00edme, \u017ee bylo obdob\u00ed naz\u00fdvaj\u00edc\u00ed se matriarch\u00e1t. To je forma spole\u010dnosti, kde vl\u00e1dne \u017eena. Tenkr\u00e1t to byla matka, v na\u0161\u00ed dob\u011b to bude rodi\u010d \u010d\u00edslo 1 nebo jin\u00e9. Postaru se \u017e\u00edt ned\u00e1.<\/p>\n<p>Na D\u00e1ln\u00e9m v\u00fdchod\u011b, v \u010cLR, hroz\u00ed jin\u00e9 nebezpe\u010d\u00ed. Jak\u00e9? Kdyby \u010d\u00ednsk\u00e9 komunisty opustil rozum b\u011bhem oslav \u010d\u00ednsk\u00e9ho nov\u00e9ho roku, kter\u00fd za\u010d\u00edn\u00e1 1. \u00fanora, a rozhodli by se bojovat s omikronem tak, jak s n\u00edm bojuj\u00ed SRN a jinde na Z\u00e1pad\u011b, sn\u00ed\u017eil by se hospod\u00e1\u0159sk\u00fd v\u00fdkon \u010cLR na polovinu, v \u010desk\u00e9 kotlin\u011b na desetinu, p\u0159i\u010dem\u017e nev\u00edm, o kolik by se zmen\u0161il objem CO2 a t\u00edm by se urychlila cesta k vysn\u011bn\u00e9mu c\u00edli, popsan\u00e9m ve Velk\u00e9m resetu.<\/p>\n<p>Mezi Z\u00e1padem a V\u00fdchodem zpochyb\u0148uje n\u011bmeck\u00fd \u0161pag\u00e1t Rusk\u00e1 federace. V n\u00ed se stav\u00ed na zadn\u00ed nohy rusk\u00fd medv\u011bd. Probudil ruskou p\u00e1tou kolonu a tak\u00e9 politika Dmitrije Medved\u011bva. Ten b\u00e1sn\u00ed t\u00e9m\u011b\u0159 ka\u017ed\u00fd den o pro a proti QR k\u00f3d\u016fm, v\u00e1lce a lockdownu v Rusk\u00e9 federaci. Boj\u00ed se o demokracii a svobodu ob\u010dan\u016f. Proto nevylu\u010duji, \u017ee se m\u016f\u017ee jednat o p\u0159\u00edpravu na n\u00e1vrat do Kremlu. Kdo v\u00ed n\u011bco o zoologii a jak bojuj\u00ed medv\u011bdi o medv\u011bdici, potvrd\u00ed, \u017ee ten men\u0161\u00ed se vzd\u00e1v\u00e1 bez boje a nikdy nebojuje proti v\u011bt\u0161\u00edmu, vy\u0161\u0161\u00edmu a z\u0159ejm\u011b i siln\u011bj\u0161\u00edmu medv\u011bdovi.<\/p>\n<p><strong>\u010cesk\u00e1 vl\u00e1da ve st\u0159edu souhlasila, \u017ee Ukrajin\u011b daruje p\u0159es \u010dty\u0159i tis\u00edce d\u011blost\u0159eleck\u00fdch gran\u00e1t\u016f za v\u00edce ne\u017e 36 milion\u016f korun. Jak\u00fd je to vzkaz pro Evropu a pro sv\u011bt?<\/strong><\/p>\n<p>V\u00e1mi uveden\u00fd dar p\u0159edstavuje pro pozorovatele p\u0159\u00edklad gesta, lakomosti a hlouposti. Pro v\u00fdchodn\u00edho \u201enep\u0159\u00edtele\u201c \u010cR dar p\u0159edstavuje potvrzen\u00ed o beznad\u011bji na rozumn\u00e1 jedn\u00e1n\u00ed, spr\u00e1vnost za\u0159azen\u00ed do seznamu \u201enikoli p\u0159\u00e1telsk\u00fdch\u201c st\u00e1t\u016f a potenci\u00e1ln\u00ed sn\u00ed\u017een\u00ed n\u00e1klad\u016f na provoz velvyslanectv\u00ed. Je mo\u017en\u00e9, \u017ee \u010desk\u00e1 vl\u00e1da s ru\u010den\u00edm omezen\u00fdm, s nekone\u010dnou fantazi\u00ed a sv\u00fdm souhlasem se sna\u017e\u00ed zm\u011bnit sm\u011br a s\u00edlu v\u011btru, kter\u00fd duje do plachet poh\u00e1dek o \u0161pion\u00e1\u017ei v \u010cR.<\/p>\n<p><strong>Na jakou cestu jsme se, co se t\u00fdk\u00e1 zahrani\u010dn\u00ed politiky, vydali?<\/strong><\/p>\n<p>\u010cR se nevydala na cestu, ale nach\u00e1z\u00ed se ji\u017e cel\u00e1 desetilet\u00ed na jednosm\u011brn\u00e9 cest\u011b, bez mo\u017enosti zm\u011bnit sm\u011br j\u00edzdy bez trestu do doby, ne\u017e evrop\u0161t\u00ed politi\u010dt\u00ed trpasl\u00edci pochop\u00ed, \u017ee existuje n\u011bco, co se v n\u011bm\u010din\u011b naz\u00fdv\u00e1 Zeitgeist (duch doby), a \u017ee drony, gran\u00e1tomety, star\u00e9 lod\u011b, gesta a patrony nemohou zako\u0159enit demokracii na Ukrajin\u011b ani nikde ve sv\u011bt\u011b.<\/p>\n<p><strong>Podle premi\u00e9ra Petra Fialy Z\u00e1pad stoj\u00ed pevn\u011b za Ukrajinou. Jak to vid\u00edte vy?<\/strong><\/p>\n<p>Na\u0161t\u011bst\u00ed pan premi\u00e9r netvrd\u00ed, \u017ee Z\u00e1pad stoj\u00ed pevn\u011b na Ukrajin\u011b. P\u0159esto ale sou\u010dasn\u011b potvrzuje, \u017ee nev\u00ed, nechce nebo nesm\u00ed v\u011bd\u011bt, kter\u00e1 hodina bije. Nem\u00e1m d\u016fvod m\u011bnit sv\u016fj dlouhodob\u00fd n\u00e1zor na Ukrajinu: bu\u010f bude v p\u0159\u00e1telsk\u00e9m vztahu k Rusk\u00e9 federaci, nebo se stane neutr\u00e1ln\u00edm st\u00e1tem s garanc\u00ed USA a RF bez souhlasu EU, nebo zmiz\u00ed jako st\u00e1t z politick\u00e9 mapy.<\/p>\n<p><strong>V Severoatlantick\u00e9 alianci zva\u017euj\u00ed podle slovensk\u00e9ho ministra zahrani\u010d\u00ed Ivana Kor\u010doka nasazen\u00ed jednotek NATO i na Slovensku. \u010cesk\u00fd ministr zahrani\u010d\u00ed to v\u00edt\u00e1. M\u011bli bychom to v\u00edtat? A v\u00e1\u0161 zku\u0161en\u00fd p\u0159edpoklad, dojde na nasazen\u00ed jednotek na Slovensku?<\/strong><\/p>\n<p>Nevid\u00edm do hlav, kter\u00e9 rozhoduj\u00ed o NATO a jeho akc\u00edch, nevid\u00edm do hlavy pana ministra. Mo\u017en\u00e1, \u017ee m\u00e1 za \u00fakol testovat reakce ob\u010dan\u016f Slovensk\u00e9 republiky a \u010cesk\u00e9 republiky, aby NATO mohlo p\u0159ipravit pro ob\u010dany straviteln\u00e9 vysv\u011btlen\u00ed pro nasazen\u00ed \u017eold\u00e1k\u016f. Co se t\u00fd\u010de \u010desk\u00e9 kotliny a jej\u00edho ministra zahrani\u010d\u00ed, mne jeho v\u00edt\u00e1n\u00ed nep\u0159ekvapuje. Kotlina, jak napov\u00edd\u00e1 jej\u00ed historie, nab\u00edz\u00ed m\u00edsto pro hodn\u011b v\u00edtaj\u00edc\u00edch v\u0161ech druh\u016f a v\u0161eho mo\u017en\u00e9ho.<\/p>\n<p><strong>Sou\u010dasn\u00e9 nap\u011bt\u00ed p\u0159irovn\u00e1vaj\u00ed mnoz\u00ed v jist\u00fdch ohledech ke studen\u00e9 v\u00e1lce. Jak\u00e9 historick\u00e9 paralely napadaj\u00ed v\u00e1s?<\/strong><\/p>\n<p>\u017d\u00e1dn\u00e9 paralely m\u011b nenapadaj\u00ed. Pro\u010d by tak\u00e9 m\u011bly? Z H\u00e9rakleitova u\u010den\u00ed je toti\u017e pro \u010dlov\u011bka nejv\u011bt\u0161\u00ed inspirac\u00ed u\u010den\u00ed o zm\u011bn\u011b jako podstatn\u00e9m rysu vesm\u00edru. Z u\u010den\u00ed poch\u00e1z\u00ed z\u0159ejm\u011b r\u010den\u00ed: Nevstoup\u00ed\u0161 dvakr\u00e1t do t\u00e9\u017ee \u0159eky. A tak\u00e9: Cesta nahoru-dol\u016f, jedna a t\u00e1\u017e.<\/p>\n<p><strong>P\u0159i jedn\u00e1n\u00edch o znovusjednocen\u00ed N\u011bmecka m\u011bl Z\u00e1pad sl\u00edbit, \u017ee se NATO neroz\u0161\u00ed\u0159\u00ed \u201eani o p\u00ed\u010f na v\u00fdchod\u201c. I to opakuje Moskva nejen v souvislosti s Ukrajinou. \u017d\u00e1dn\u00fd p\u00edsemn\u00fd z\u00e1vazek pr\u00fd ale neexistuje. Bude se NATO, podle v\u00e1s, roz\u0161i\u0159ovat? Jak\u00fd p\u0159edpokl\u00e1d\u00e1te dal\u0161\u00ed krok?<\/strong><\/p>\n<p>V p\u0159edstaviteln\u00e9 dob\u011b NATO s pravd\u011bpodobnost\u00ed hrani\u010d\u00edc\u00ed s jistotou se z pudu sebez\u00e1chovy nebude roz\u0161i\u0159ovat. P\u0159eji si ale, aby se NATO roz\u0161i\u0159ovalo ka\u017ed\u00fd t\u00fdden, a ne jenom jednou za n\u011bkolik let. Pro\u010d takov\u00e9 p\u0159\u00e1n\u00ed? \u010c\u00edm v\u00edce a rychleji se toti\u017e NATO bude roz\u0161i\u0159ovat, t\u00edm rychleji zmiz\u00ed v archivu a pot\u00e9 mnoz\u00ed z n\u00e1s budou klidn\u011bji sp\u00e1t, s nimi i emoce, le\u017e a pokrytectv\u00ed.<\/p>\n<p><strong>V m\u00e9di\u00edch u\u017e se objevuj\u00ed zpr\u00e1vy, \u017ee pokud Rusko vtrhne na Ukrajinu, zp\u016fsob\u00ed to v rozvojov\u00fdch zem\u00edch hladomor, politickou nestabilitu a migraci. Co si o tom mysl\u00edte?<\/strong><\/p>\n<p>Mysl\u00edm si, \u017ee v\u0161echna t\u0159i v\u00e1mi zm\u00edn\u011bn\u00e1 nebezpe\u010d\u00ed hroz\u00ed sp\u00ed\u0161e \u010desk\u00e9 kotlin\u011b, a ne rozvojov\u00fdm zem\u00edm. V nich je uveden\u00e1 trojice doma. Nevylu\u010duji, \u017ee trojice bude pokra\u010dovat v cest\u011b do EU podobn\u011b jako omikron. Proto si dovoluji nab\u00eddnout radu zalo\u017eenou na starozn\u00e1m\u00e9 p\u00edsni\u010dce Voskovce a Wericha:\u00a0<em>Ten kdo se na sv\u011bt d\u00edv\u00e1 a ke v\u0161emu k\u00fdv\u00e1, ten samoz\u0159ejm\u011b b\u00fdv\u00e1 v\u017edy v\u00e1\u017een\u00fd a ct\u011bn. Takov\u00fd mozek pta\u010d\u00ed, tomu to snad sta\u010d\u00ed, j\u00e1 a\u010d se p\u00e1ni mra\u010d\u00ed, j\u00e1 mus\u00edm s pravdou ven. Co na sv\u011bt\u011b m\u00e1m r\u00e1d, ned\u00e1m si br\u00e1t, ne\u017e s lumpy tancovat, to se chci rad\u0161i pr\u00e1t. Te\u010f sly\u0161te draz\u00ed p\u00e1ni m\u00e9 p\u00edsn\u011b posl\u00e1n\u00ed, te\u010f je po tancov\u00e1n\u00ed, te\u010f se budeme pr\u00e1t. Nebu\u010fte lidi hlu\u0161\u00ed a nastavte u\u0161i, chceme v\u00e1s na mou du\u0161i up\u0159\u00edmn\u011b varovat. Nem\u00e1te ani zd\u00e1n\u00ed, \u017ee jsou s v\u00e1mi p\u00e1ni, fale\u0161n\u011b hraj\u00ed s v\u00e1mi, cht\u011bj\u00ed v\u00e1s obehr\u00e1t. Co na sv\u011bt\u011b m\u00e1m r\u00e1d&#8230;.<\/em>\u00a0Souhlasu net\u0159eba.<\/p>\n<p><a href=\"https:\/\/www.parlamentnilisty.cz\/arena\/rozhovory\/Ceske-granaty-pro-Ukrajinu-Dopad-i-na-ceskou-ambasadu-Znalec-geopolitiky-se-obava-ze-Fiala-nic-nevi-691031\">ZDROJ<\/a><\/p>\n<p>&nbsp;<\/p>\n","protected":false},"excerpt":{"rendered":"<p>\u201ePotvrzen\u00ed o beznad\u011bji na rozumn\u00e1 jedn\u00e1n\u00ed.\u201c I takto hovo\u0159\u00ed znalec geopolitiky, analytik, vysoko\u0161kolsk\u00fd pedagog Jan&#8230;<\/p>\n","protected":false},"author":2,"featured_media":650,"comment_status":"closed","ping_status":"closed","sticky":false,"template":"","format":"standard","meta":[],"categories":[6],"tags":[1042,29,122,1052],"_links":{"self":[{"href":"https:\/\/www.infokuryr.cz\/n\/wp-json\/wp\/v2\/posts\/7925"}],"collection":[{"href":"https:\/\/www.infokuryr.cz\/n\/wp-json\/wp\/v2\/posts"}],"about":[{"href":"https:\/\/www.infokuryr.cz\/n\/wp-json\/wp\/v2\/types\/post"}],"author":[{"embeddable":true,"href":"https:\/\/www.infokuryr.cz\/n\/wp-json\/wp\/v2\/users\/2"}],"replies":[{"embeddable":true,"href":"https:\/\/www.infokuryr.cz\/n\/wp-json\/wp\/v2\/comments?post=7925"}],"version-history":[{"count":0,"href":"https:\/\/www.infokuryr.cz\/n\/wp-json\/wp\/v2\/posts\/7925\/revisions"}],"wp:featuredmedia":[{"embeddable":true,"href":"https:\/\/www.infokuryr.cz\/n\/wp-json\/wp\/v2\/media\/650"}],"wp:attachment":[{"href":"https:\/\/www.infokuryr.cz\/n\/wp-json\/wp\/v2\/media?parent=7925"}],"wp:term":[{"taxonomy":"category","embeddable":true,"href":"https:\/\/www.infokuryr.cz\/n\/wp-json\/wp\/v2\/categories?post=7925"},{"taxonomy":"post_tag","embeddable":true,"href":"https:\/\/www.infokuryr.cz\/n\/wp-json\/wp\/v2\/tags?post=7925"}],"curies":[{"name":"wp","href":"https:\/\/api.w.org\/{rel}","templated":true}]}}