{"id":79215,"date":"2025-05-20T00:34:03","date_gmt":"2025-05-19T22:34:03","guid":{"rendered":"https:\/\/www.infokuryr.cz\/n\/?p=79215"},"modified":"2025-05-19T18:45:35","modified_gmt":"2025-05-19T16:45:35","slug":"jiri-vyvadil-to-si-hitler-myslel-taky","status":"publish","type":"post","link":"https:\/\/www.infokuryr.cz\/n\/2025\/05\/20\/jiri-vyvadil-to-si-hitler-myslel-taky\/","title":{"rendered":"Ji\u0159\u00ed Vyvadil: To si Hitler myslel taky\u2026"},"content":{"rendered":"<div id=\"fb-root\"><\/div>\n<p><strong>D\u0159\u00edve u\u017e s t\u00edm p\u0159i\u0161el Jo Biden, a t\u0159i roky cel\u00fd kolektivn\u00ed Z\u00e1pad, v\u0161echny st\u00e1ty NATO a v\u0161echny st\u00e1ty EU, se s radostnou tv\u00e1\u0159\u00ed rozhodl nasadit v\u0161echny p\u00e1ky proti Rusku, aby uk\u00e1zal, jak je bezv\u00fdznamn\u00fd. Dnes m\u00e1 EU rozvr\u00e1cenou ekonomiku a z\u00e1padn\u00ed zoufalci, zejm\u00e9na pobaltsk\u00e9 st\u00e1ty napln\u011bn\u00e9 touhou po revan\u0161i, se sna\u017e\u00ed, ale i podle ofici\u00e1ln\u00edch p\u0159izn\u00e1n\u00ed dosavadn\u00ed politika naprosto k \u017e\u00e1dn\u00e9 zm\u011bn\u011b chov\u00e1n\u00ed Ruska nevedla.<\/strong><\/p>\n<p style=\"font-weight: 400;\">Podle The Guardian se finsk\u00fd prezident Alexander Stubb se sna\u017eil p\u0159esv\u011bd\u010dit Donalda \u00a0Trumpa, \u017ee Rusko ztratilo status \u201evelmoci\u201c. Poznamenal, \u017ee rusk\u00e1 ekonomika je \u00fadajn\u011b men\u0161\u00ed ne\u017e italsk\u00e1 a jen o m\u00e1lo v\u011bt\u0161\u00ed ne\u017e \u0161pan\u011blsk\u00e1 a v roce 2025 kl\u00ed\u010dov\u00e1 sazba v Rusku p\u0159esahuje 20 % a rezervy jsou podle n\u011bj v\u00fdrazn\u011b vy\u010derp\u00e1ny.<\/p>\n<p style=\"font-weight: 400;\">Podle Stubba Rusko \u201eji\u017e nen\u00ed zem\u00ed, kterou lze pova\u017eovat za velmoc\u201c.<\/p>\n<p style=\"font-weight: 400;\">Finsk\u00fd prezident poznamenal, \u017ee Trumpovy n\u00e1zory jsou v mnoha ohledech v souladu s 19. stolet\u00edm a konceptem velmoc\u00ed. Stubb zd\u016fraznil d\u016fle\u017eitost p\u0159esv\u011bd\u010den\u00ed Trumpa o v\u00fdhod\u00e1ch voln\u00e9ho obchodu a jednotn\u00fdch pravidel oproti bilater\u00e1ln\u00edmu uzav\u00edr\u00e1n\u00ed dohod. \u0158ekl tak\u00e9, \u017ee \u00fakolem Evropy je prok\u00e1zat, \u017ee to v bezpe\u010dnostn\u00edch z\u00e1le\u017eitostech bere v\u00e1\u017en\u011b, a b\u00fdt dodavatelem, nikoli spot\u0159ebitelem obrany.<\/p>\n<p style=\"font-weight: 400;\">Stubb uvedl, \u017ee v rozhovoru s Trumpem vyu\u017eil sv\u00e9ho osobn\u00edho vlivu, proto\u017ee b\u00fdval\u00fd americk\u00fd prezident naslouch\u00e1 jen m\u00e1lo zahrani\u010dn\u00edm v\u016fdc\u016fm. Ji\u017e d\u0159\u00edve\u00a0prohl\u00e1sil, \u017ee Rusko by nem\u011blo pokou\u0161et osud a \u201ezahr\u00e1vat si\u201c s Donaldem Trumpem.<\/p>\n<p style=\"font-weight: 400;\">Tak uvid\u00edme.<\/p>\n<p><a href=\"https:\/\/vasevec.info\/blogy\/si-hitler-myslel-taky\">Ji\u0159\u00ed Vyvadil<\/a><\/p>\n<p><img decoding=\"async\" loading=\"lazy\" class=\"alignnone size-medium wp-image-16474\" src=\"http:\/\/www.infokuryr.cz\/n\/wp-content\/uploads\/2022\/10\/jiri-vyvadil-300x200.jpg\" alt=\"\" width=\"300\" height=\"200\" srcset=\"https:\/\/www.infokuryr.cz\/n\/wp-content\/uploads\/2022\/10\/jiri-vyvadil-300x200.jpg 300w, https:\/\/www.infokuryr.cz\/n\/wp-content\/uploads\/2022\/10\/jiri-vyvadil-768x512.jpg 768w, https:\/\/www.infokuryr.cz\/n\/wp-content\/uploads\/2022\/10\/jiri-vyvadil.jpg 800w\" sizes=\"(max-width: 300px) 100vw, 300px\" \/><\/p>\n<p>&nbsp;<\/p>\n","protected":false},"excerpt":{"rendered":"<p>D\u0159\u00edve u\u017e s t\u00edm p\u0159i\u0161el Jo Biden, a t\u0159i roky cel\u00fd kolektivn\u00ed Z\u00e1pad, v\u0161echny st\u00e1ty&#8230;<\/p>\n","protected":false},"author":2,"featured_media":70406,"comment_status":"closed","ping_status":"closed","sticky":false,"template":"","format":"standard","meta":[],"categories":[6],"tags":[59,1503,22,365],"_links":{"self":[{"href":"https:\/\/www.infokuryr.cz\/n\/wp-json\/wp\/v2\/posts\/79215"}],"collection":[{"href":"https:\/\/www.infokuryr.cz\/n\/wp-json\/wp\/v2\/posts"}],"about":[{"href":"https:\/\/www.infokuryr.cz\/n\/wp-json\/wp\/v2\/types\/post"}],"author":[{"embeddable":true,"href":"https:\/\/www.infokuryr.cz\/n\/wp-json\/wp\/v2\/users\/2"}],"replies":[{"embeddable":true,"href":"https:\/\/www.infokuryr.cz\/n\/wp-json\/wp\/v2\/comments?post=79215"}],"version-history":[{"count":1,"href":"https:\/\/www.infokuryr.cz\/n\/wp-json\/wp\/v2\/posts\/79215\/revisions"}],"predecessor-version":[{"id":79216,"href":"https:\/\/www.infokuryr.cz\/n\/wp-json\/wp\/v2\/posts\/79215\/revisions\/79216"}],"wp:featuredmedia":[{"embeddable":true,"href":"https:\/\/www.infokuryr.cz\/n\/wp-json\/wp\/v2\/media\/70406"}],"wp:attachment":[{"href":"https:\/\/www.infokuryr.cz\/n\/wp-json\/wp\/v2\/media?parent=79215"}],"wp:term":[{"taxonomy":"category","embeddable":true,"href":"https:\/\/www.infokuryr.cz\/n\/wp-json\/wp\/v2\/categories?post=79215"},{"taxonomy":"post_tag","embeddable":true,"href":"https:\/\/www.infokuryr.cz\/n\/wp-json\/wp\/v2\/tags?post=79215"}],"curies":[{"name":"wp","href":"https:\/\/api.w.org\/{rel}","templated":true}]}}