{"id":79206,"date":"2025-05-20T00:30:52","date_gmt":"2025-05-19T22:30:52","guid":{"rendered":"https:\/\/www.infokuryr.cz\/n\/?p=79206"},"modified":"2025-05-19T18:04:31","modified_gmt":"2025-05-19T16:04:31","slug":"ondrej-prokop-vlada-proji-a-propije-i-ctvrt-milionu-za-den-rocne-171-milionu-cesi-ale-chudnou","status":"publish","type":"post","link":"https:\/\/www.infokuryr.cz\/n\/2025\/05\/20\/ondrej-prokop-vlada-proji-a-propije-i-ctvrt-milionu-za-den-rocne-171-milionu-cesi-ale-chudnou\/","title":{"rendered":"Ond\u0159ej Prokop: Vl\u00e1da proj\u00ed a propije i \u010dtvrt milionu za den. Ro\u010dn\u011b 171 milion\u016f. \u010ce\u0161i ale chudnou"},"content":{"rendered":"<div id=\"fb-root\"><\/div>\n<p>Fialova vl\u00e1da proj\u00ed a propije i \u010dtvrt milionu za jedin\u00fd den aneb jejich radov\u00e1nky v Kutn\u00e9 Ho\u0159e. Te\u010f u\u017e se asi nediv\u00edme, \u017ee jen minul\u00fd rok st\u00e1lo poho\u0161t\u011bn\u00ed ministr\u016f a jejich pracovn\u00edk\u016f 171 milion\u016f K\u010d. Jsou \u00fapln\u011b odtr\u017een\u00ed od reality oby\u010dejn\u00fdch lid\u00ed.<\/p>\n<p>\ud83d\udc49 Policie zablokovala pochybn\u00fd k\u0161eft Pir\u00e1t\u016f v hodnot\u011b 649 milion\u016f, za kter\u00e9 cht\u011bli nakoupit p\u0159edra\u017een\u00e9 nemovitosti Jarom\u00edra Soukupa. Dle odborn\u00edk\u016f m\u011bly nemovitosti re\u00e1ln\u011b jen polovi\u010dn\u00ed hodnotu. Jsem nad\u0161en\u00fd, proto\u017ee je vid\u011bt, \u017ee i opozi\u010dn\u00ed pr\u00e1ce m\u00e1 v\u00fdsledky. Tak\u00e9 jsem velmi zv\u011bdav\u00fd, jestli se poda\u0159\u00ed policist\u016fm prok\u00e1zat, zda nebo kdo dra\u017ebu zmanipuloval.<\/p>\n<p>\ud83d\udc49 Zat\u00edmco minist\u0159i proj\u00ed i stovky tis\u00edc denn\u011b, oby\u010dejn\u00ed \u010ce\u0161i svoji situaci finan\u010dn\u011b nezvl\u00e1daj\u00ed. &#8222;\u010ctvrtina dom\u00e1cnost\u00ed nem\u00e1 finan\u010dn\u00ed rezervy na ne\u010dekan\u00e9 v\u00fddaje,&#8220; psalo Echo24.<\/p>\n<p>\ud83d\udc49 &#8222;Kr\u00e1l Raku\u0161an&#8220;, jak ho nazval Blesk, obh\u00e1jil znovu post p\u0159edsedy Starost\u016f bez jak\u00e9hokoliv protikandid\u00e1ta a Milion chvilek p\u0159ekvapiv\u011b ml\u010d\u00ed. Rok zp\u00e1tky se p\u0159itom nemohli udr\u017eet a h\u00fd\u0159ili vztekem, kdy\u017e podobn\u00fdm zp\u016fsobem vyhr\u00e1l Andrej Babi\u0161 v ANO. Te\u010f? Ticho po p\u011b\u0161in\u011b.<\/p>\n<p>\ud83d\udc49 Vl\u00e1da rozd\u00e1v\u00e1 arm\u00e1dn\u00ed zak\u00e1zky v hodnot\u011b stovek milion\u016f lidem napojen\u00fdm na ODS aneb devades\u00e1tky jsou zp\u011bt. M\u00e9dia p\u0159i\u0161la s pobu\u0159uj\u00edc\u00ed zpr\u00e1vou, \u017ee spole\u010dnost ex\u010dlena ob\u010dansk\u00fdch demokrat\u016f, kter\u00e1 nem\u00e1 ani v\u00fdrobn\u00ed haly a s\u00eddl\u00ed na virtu\u00e1ln\u00ed adrese, m\u00e1 dostat 182 milion\u016f za p\u0159edra\u017een\u00e9 vybaven\u00ed.<\/p>\n<p>\ud83d\udc49 Hlas pro Pir\u00e1ty v leto\u0161n\u00edch volb\u00e1ch je hlasem pro zelen\u00e9 \u0161\u00edlenstv\u00ed. Pir\u00e1tsk\u00e1 strana si toti\u017e pl\u00e1cla se Zelen\u00fdmi, kte\u0159\u00ed prosazuj\u00ed odm\u00edtnut\u00ed jadern\u00e9 energie a dal\u0161\u00ed utu\u017eov\u00e1n\u00ed ekologick\u00e9ho fanatismu, co\u017e jsou p\u0159esn\u011b kroky, kter\u00e9 dovedly nap\u0159\u00edklad N\u011bmecko k ekonomick\u00e9 stagnaci a selh\u00e1n\u00ed.<\/p>\n<p>\ud83d\udc49 &#8222;O krok bl\u00ed\u017e k Balk\u00e1nu,&#8220; psaly Hospod\u00e1\u0159sk\u00e9 noviny. \u010cesko se propad\u00e1 v \u017eeb\u0159\u00ed\u010dku prosperity a pr\u016fzkumy jasn\u011b ukazuj\u00ed, \u017ee pod Fialou chudneme a v r\u00e1mci Evropy pat\u0159\u00edme k nejhor\u0161\u00edm zem\u00edm, kde se vyd\u011bl\u00e1v\u00e1 m\u00e9n\u011b ne\u017e p\u0159ed p\u011bti lety.<\/p>\n<p>\ud83d\udc49 Obrovsk\u00e9 selh\u00e1n\u00ed Zde\u0148ka H\u0159iba, kter\u00fd p\u0159edsed\u00e1 dozor\u010d\u00ed rad\u011b Dopravn\u00edho podniku. Soud uvedl, \u017ee Dopravn\u00ed podnik nen\u00ed v kauze Dozimetr uveden\u00fd jako po\u0161kozen\u00fd a t\u00edm p\u00e1dem nebude m\u00edt n\u00e1rok na \u017e\u00e1dn\u00e9 od\u0161kodn\u00e9. Sta\u010dilo p\u0159itom, aby vy\u010d\u00edslil \u0161kodu, kterou mu tato korup\u010dn\u00ed af\u00e9ra a krimin\u00e1ln\u00ed machinace zp\u016fsobily.<\/p>\n<p>\ud83d\udc49 Ka\u017ed\u00fd p\u00e1t\u00fd student se v Praze nedostal na st\u0159edn\u00ed \u0161kolu. U\u017e n\u011bkolik let bijeme s kolegy na poplach, proto\u017ee katastrof\u00e1ln\u00ed nedostatek m\u00edst ve \u0161kol\u00e1ch nen\u00ed \u017e\u00e1dn\u00e1 p\u0159ekvapiv\u00e1 ud\u00e1lost &#8211; ty progn\u00f3zy m\u011blo veden\u00ed Prahy k dispozici cel\u00e9 roky. Neud\u011blalo se s t\u00edm v\u016fbec nic a koalice Pir\u00e1t\u016f s ODS situaci od po\u010d\u00e1tku jen a pouze ignoruje.<\/p>\n<p>\ud83d\udc49 Pozitivn\u00ed zpr\u00e1va je, \u017ee Praha znovu roz\u0161\u00ed\u0159ila pomoc pro posti\u017een\u00e9 a otev\u0159ela nov\u00fd denn\u00ed stacion\u00e1\u0159 na Zbraslavi. Za toto velk\u00e9 d\u00edky, proto\u017ee je to velmi pot\u0159eba. Podobn\u011b bude otev\u0159en stacion\u00e1\u0159 i v zrekonstruovan\u00e9m Hotelu Opatov, kter\u00fd jsme na Praze 11 prosadili s kolegy.<\/p>\n<p>\ud83d\udc49 Poda\u0159ilo se n\u00e1m postavit za ob\u010dany v developersk\u00e9m projektu OC Chrpa na Ji\u017en\u00edm M\u011bst\u011b. Ti jsou velmi znepokojeni nulovou komunikac\u00ed investora, kter\u00fd ignoruje p\u0159\u00e1n\u00ed m\u00edstn\u00edch a chystal se lokalitu maxim\u00e1ln\u011b zahustit v\u00fdstavbou, dokonce i zru\u0161it \u010d\u00e1st ob\u010dansk\u00e9 vybavenosti. Prosadili jsme, \u017ee takov\u00fd z\u00e1m\u011br odm\u00edt\u00e1me a starosta mus\u00ed zah\u00e1jit jedn\u00e1n\u00ed mezi investorem, radnic\u00ed a obyvateli.<\/p>\n<p>To v\u0161e a mnohem v\u00edc se dozv\u00edte ve 133. d\u00edlu m\u00e9ho politick\u00e9ho podcastu. D\u011bkuji v\u00e1m p\u0159edem za zhl\u00e9dnut\u00ed a pros\u00edm o dal\u0161\u00ed sd\u00edlen\u00ed, a\u0165 se pravdu dozv\u00ed co nejv\u00edc lid\u00ed! T\u011b\u0161\u00edm se na dotazy i koment\u00e1\u0159e!<\/p>\n<p><iframe loading=\"lazy\" title=\"Vl\u00e1da proj\u00ed a propije i \u010dtvrt milionu za den. Ro\u010dn\u011b 171 milion\u016f. \u010ce\u0161i ale chudnou. | \u010cau Praho #133\" width=\"640\" height=\"360\" src=\"https:\/\/www.youtube.com\/embed\/AoJSFbdYSyY?feature=oembed\" frameborder=\"0\" allow=\"accelerometer; autoplay; clipboard-write; encrypted-media; gyroscope; picture-in-picture; web-share\" referrerpolicy=\"strict-origin-when-cross-origin\" allowfullscreen><\/iframe><\/p>\n<p><span style=\"font-size: 14pt;\"><strong>Ing. Ond\u0159ej Prokop<\/strong><\/span><\/p>\n<p>&nbsp;<\/p>\n","protected":false},"excerpt":{"rendered":"<p>Fialova vl\u00e1da proj\u00ed a propije i \u010dtvrt milionu za jedin\u00fd den aneb jejich radov\u00e1nky v&#8230;<\/p>\n","protected":false},"author":2,"featured_media":67844,"comment_status":"closed","ping_status":"closed","sticky":false,"template":"","format":"standard","meta":[],"categories":[6],"tags":[45,1503,889,99],"_links":{"self":[{"href":"https:\/\/www.infokuryr.cz\/n\/wp-json\/wp\/v2\/posts\/79206"}],"collection":[{"href":"https:\/\/www.infokuryr.cz\/n\/wp-json\/wp\/v2\/posts"}],"about":[{"href":"https:\/\/www.infokuryr.cz\/n\/wp-json\/wp\/v2\/types\/post"}],"author":[{"embeddable":true,"href":"https:\/\/www.infokuryr.cz\/n\/wp-json\/wp\/v2\/users\/2"}],"replies":[{"embeddable":true,"href":"https:\/\/www.infokuryr.cz\/n\/wp-json\/wp\/v2\/comments?post=79206"}],"version-history":[{"count":0,"href":"https:\/\/www.infokuryr.cz\/n\/wp-json\/wp\/v2\/posts\/79206\/revisions"}],"wp:featuredmedia":[{"embeddable":true,"href":"https:\/\/www.infokuryr.cz\/n\/wp-json\/wp\/v2\/media\/67844"}],"wp:attachment":[{"href":"https:\/\/www.infokuryr.cz\/n\/wp-json\/wp\/v2\/media?parent=79206"}],"wp:term":[{"taxonomy":"category","embeddable":true,"href":"https:\/\/www.infokuryr.cz\/n\/wp-json\/wp\/v2\/categories?post=79206"},{"taxonomy":"post_tag","embeddable":true,"href":"https:\/\/www.infokuryr.cz\/n\/wp-json\/wp\/v2\/tags?post=79206"}],"curies":[{"name":"wp","href":"https:\/\/api.w.org\/{rel}","templated":true}]}}