{"id":79190,"date":"2025-05-20T00:16:43","date_gmt":"2025-05-19T22:16:43","guid":{"rendered":"https:\/\/www.infokuryr.cz\/n\/?p=79190"},"modified":"2025-05-19T13:11:40","modified_gmt":"2025-05-19T11:11:40","slug":"eutanazie-uchylactvi-a-euro-to-je-nas-program-libtardi-otevrene-kdo-za-tim-doopravdy-stoji","status":"publish","type":"post","link":"https:\/\/www.infokuryr.cz\/n\/2025\/05\/20\/eutanazie-uchylactvi-a-euro-to-je-nas-program-libtardi-otevrene-kdo-za-tim-doopravdy-stoji\/","title":{"rendered":"\u201eEutan\u00e1zie, \u00fachyl\u00e1ctv\u00ed a EURO, to je n\u00e1\u0161 program\u201c, libtardi otev\u0159en\u011b! Kdo za t\u00edm doopravdy stoj\u00ed?"},"content":{"rendered":"<div id=\"fb-root\"><\/div>\n<p><strong>O v\u00edkendu p\u0159edstavila vl\u00e1dn\u00ed strana STAN sv\u016fj program a je to pozoruhodn\u00e9 \u010dten\u00ed.<\/strong><\/p>\n<p>P\u00e1r hlavn\u00edch bod\u016f jist\u011b nenech\u00e1 \u017e\u00e1dn\u00e9ho soudn\u00e9ho \u010dlov\u011bka v klidu:<\/p>\n<ol>\n<li><strong>Zaveden\u00ed eutan\u00e1zie\u00a0<\/strong>\u2013 \u010cech\u016f je po\u0159\u00e1d moc a o\u010dkov\u00e1n\u00ed korona vakc\u00ednami je asi nehub\u00ed dost rychle!<\/li>\n<li><strong>Podpora \u00fachyl\u00e1ck\u00e9 agendy LGBT++P<\/strong>\u00a0(umo\u017en\u011bn\u00ed s\u0148atk\u016f sexu\u00e1ln\u00edch deviant\u016f mezi sebou, tamp\u00f3ny i pro \u201emu\u017ee\u201c zdarma\u2026atd. atd.)<\/li>\n<li><strong>Zaveden\u00ed Eura\u00a0<\/strong>a t\u00edm ru\u010den\u00ed za v\u0161echny ob\u0159\u00ed dluhy euroz\u00f3ny<\/li>\n<\/ol>\n<p>Nejedn\u00e1 se o \u017e\u00e1dnou n\u00e1hodu, ani \u00fachyl\u00e1ck\u00e9 \u201ekreativn\u00ed\u201c zamy\u0161len\u00ed veden\u00ed strany.\u00a0<strong>Tohle je globalistick\u00e1 agenda glob\u00e1ln\u00ed finan\u010dn\u00ed oligarchie a nejstar\u0161\u00ed mafie lidstva na zlat\u00e9m podnosu. Loutky jako Raku\u0161an, Nerudov\u00e1, Farsk\u00fd atd. jen pln\u00ed p\u0159\u00edkazy zahrani\u010dn\u00edch p\u00e1n\u016f.<\/strong><\/p>\n<p><strong>Prezentuje je sou\u010dasn\u00e1 vl\u00e1dn\u00ed strana, kter\u00e9 \u201ev\u00fdzkumn\u00e9\u201c agentury p\u0159isuzuj\u00ed kolem 11% voli\u010dsk\u00e9 podpory. Z toho tedy plyne, \u017ee ve spole\u010dnosti by m\u011blo b\u00fdt nejm\u00e9n\u011b 10% dosp\u011bl\u00fdch osob, kter\u00e9 chod\u00ed volit a \u017eij\u00ed ve sv\u011bt\u011b nejhor\u0161\u00edch satanistick\u00fdch perverz\u00ed.<\/strong> Je to skute\u010dn\u011b tak? Pokud ano, pak l\u017eidovl\u00e1da u\u017e dos\u00e1hla dal\u0161\u00edho z miln\u00edk\u016f, kdy se \u010ce\u0161i budu navz\u00e1jem hubit \u201emilosrdnou smrt\u00ed\u201c p\u0159i \u201enepot\u0159ebnosti\u201c\u2026..<\/p>\n<p>To v\u0161e za mru\u010div\u00e9ho souhlasu zbytku \u201evl\u00e1dn\u00edch\u201c stran. Tedy Pir\u00e1t\u016f a Spolu\u2026..<\/p>\n<p>Tohle jsou ty \u201ez\u00e1padn\u00ed hodnoty\u201c, kter\u00e9 pr\u00fd m\u00e1me br\u00e1nit?! D\u011bkuji, ale nem\u00e1m z\u00e1jem! Je skute\u010dn\u011b \u010das na zm\u011bnu syst\u00e9mu!!!<\/p>\n<p><a href=\"https:\/\/ceskavec.com\/2025\/05\/eutanazie-uchylactvi-a-euro-to-je-nas-program-libtardi-otevrene-kdo-za-tim-doopravdy-stoji\">Aron G.<\/a><\/p>\n<p>&nbsp;<\/p>\n","protected":false},"excerpt":{"rendered":"<p>O v\u00edkendu p\u0159edstavila vl\u00e1dn\u00ed strana STAN sv\u016fj program a je to pozoruhodn\u00e9 \u010dten\u00ed. P\u00e1r hlavn\u00edch&#8230;<\/p>\n","protected":false},"author":2,"featured_media":4447,"comment_status":"closed","ping_status":"closed","sticky":false,"template":"","format":"standard","meta":[],"categories":[6],"tags":[1503,424,9156],"_links":{"self":[{"href":"https:\/\/www.infokuryr.cz\/n\/wp-json\/wp\/v2\/posts\/79190"}],"collection":[{"href":"https:\/\/www.infokuryr.cz\/n\/wp-json\/wp\/v2\/posts"}],"about":[{"href":"https:\/\/www.infokuryr.cz\/n\/wp-json\/wp\/v2\/types\/post"}],"author":[{"embeddable":true,"href":"https:\/\/www.infokuryr.cz\/n\/wp-json\/wp\/v2\/users\/2"}],"replies":[{"embeddable":true,"href":"https:\/\/www.infokuryr.cz\/n\/wp-json\/wp\/v2\/comments?post=79190"}],"version-history":[{"count":0,"href":"https:\/\/www.infokuryr.cz\/n\/wp-json\/wp\/v2\/posts\/79190\/revisions"}],"wp:featuredmedia":[{"embeddable":true,"href":"https:\/\/www.infokuryr.cz\/n\/wp-json\/wp\/v2\/media\/4447"}],"wp:attachment":[{"href":"https:\/\/www.infokuryr.cz\/n\/wp-json\/wp\/v2\/media?parent=79190"}],"wp:term":[{"taxonomy":"category","embeddable":true,"href":"https:\/\/www.infokuryr.cz\/n\/wp-json\/wp\/v2\/categories?post=79190"},{"taxonomy":"post_tag","embeddable":true,"href":"https:\/\/www.infokuryr.cz\/n\/wp-json\/wp\/v2\/tags?post=79190"}],"curies":[{"name":"wp","href":"https:\/\/api.w.org\/{rel}","templated":true}]}}