{"id":79158,"date":"2025-05-19T07:08:10","date_gmt":"2025-05-19T05:08:10","guid":{"rendered":"https:\/\/www.infokuryr.cz\/n\/?p=79158"},"modified":"2025-05-19T07:09:19","modified_gmt":"2025-05-19T05:09:19","slug":"michael-svatos-nejzurivejsi-rusky-general-prevzal-veleni-nad-nejsilnejsi-ruskou-operacni-skupinou-na-ukrajine","status":"publish","type":"post","link":"https:\/\/www.infokuryr.cz\/n\/2025\/05\/19\/michael-svatos-nejzurivejsi-rusky-general-prevzal-veleni-nad-nejsilnejsi-ruskou-operacni-skupinou-na-ukrajine\/","title":{"rendered":"Michael Svato\u0161: Nejzu\u0159iv\u011bj\u0161\u00ed rusk\u00fd gener\u00e1l p\u0159evzal velen\u00ed nad nejsiln\u011bj\u0161\u00ed ruskou opera\u010dn\u00ed skupinou na Ukrajin\u011b!"},"content":{"rendered":"<div id=\"fb-root\"><\/div>\n<p>Dnes v pond\u011bl\u00ed 19. kv\u011btna m\u00e1 Trump telefonovat Putinovi, \u201caby ho v\u00fdhru\u017ekami p\u0159im\u011bl k m\u00edru\u201d. Tak\u0159ka v\u0161ichni evrop\u0161t\u00ed \u00fa\u0159aduj\u00edc\u00ed politici, s v\u00fdjimkou Orb\u00e1na a Fica, nemysl\u00ed ve dne v noci na nic jin\u00e9ho, ne\u017e jak Putina \u201cp\u0159inutit\u201d k m\u00edru. Donutit jadernou supervelmoc, aby uzav\u0159ela pro ni nev\u00fdhodn\u00fd m\u00edr s nep\u0159\u00e1telskou trpasli\u010d\u00ed entitou, kter\u00e1 se rozhodla velmoci p\u0159es d\u016frazn\u00e9 varov\u00e1n\u00ed odporovat a \u0161kodit, nav\u00edc v dob\u011b, kdy velmoc na front\u011b trpasl\u00edka v\u00e1lcuje pom\u011brem KO, je\u0161t\u011b nikdy \u017e\u00e1dn\u00e9ho politika\u00a0 v cel\u00e9 historii lidstva nenapadlo ani zkou\u0161et, nato\u017e aby dos\u00e1hl k\u00fd\u017een\u00e9ho v\u00fdsledku, diktovan\u00e9ho jeho utkv\u011bl\u00fdmi bludn\u00fdmi p\u0159edstavami. Ani Rusov\u00e9 to nevid\u00ed jinak, a podle nich je t\u0159eba, aby p\u0159\u00ed\u0161t\u00ed kolo m\u00edrov\u00fdch jedn\u00e1n\u00ed u\u017e prob\u011bhlo podle n\u00ed\u017ee zn\u00e1zorn\u011bn\u00e9ho sc\u00e9n\u00e1\u0159e. \u017de tomu tak nejsp\u00ed\u0161 bude, bude po p\u0159e\u010dten\u00ed dne\u0161n\u00ed anal\u00fdzy v\u00edce nasnad\u011b.<\/p>\n<p><img decoding=\"async\" loading=\"lazy\" class=\"wp-image-17941 aligncenter\" src=\"https:\/\/www.michalapetr.com\/wp-content\/uploads\/2025\/05\/photo_2025-05-17_20-32-20.jpg\" sizes=\"(max-width: 1266px) 100vw, 1266px\" srcset=\"https:\/\/www.michalapetr.com\/wp-content\/uploads\/2025\/05\/photo_2025-05-17_20-32-20.jpg 1266w, https:\/\/www.michalapetr.com\/wp-content\/uploads\/2025\/05\/photo_2025-05-17_20-32-20-300x200.jpg 300w, https:\/\/www.michalapetr.com\/wp-content\/uploads\/2025\/05\/photo_2025-05-17_20-32-20-1030x687.jpg 1030w, https:\/\/www.michalapetr.com\/wp-content\/uploads\/2025\/05\/photo_2025-05-17_20-32-20-768x512.jpg 768w, https:\/\/www.michalapetr.com\/wp-content\/uploads\/2025\/05\/photo_2025-05-17_20-32-20-705x470.jpg 705w, https:\/\/www.michalapetr.com\/wp-content\/uploads\/2025\/05\/photo_2025-05-17_20-32-20-450x300.jpg 450w\" alt=\"\" width=\"837\" height=\"558\" \/><\/p>\n<h3>(1) Nejagresivn\u011bj\u0161\u00ed a nejtalentovan\u011bj\u0161\u00ed rusk\u00fd gener\u00e1l se ujal velen\u00ed nejsiln\u011bj\u0161\u00ed \u201cgrupirovky\u201d rusk\u00fdch vojsk na front\u011b! A hned se pustil do pr\u00e1ce!<\/h3>\n<p>\u0158ada z V\u00e1s se mn\u011b v posledn\u00edch dnech ptala, jak je to se zajat\u00fdmi Ukrajinci z ned\u00e1vno likvidovan\u00e9ho kursk\u00e9ho v\u00fdb\u011b\u017eku. Faktem je, \u017ee Putin na za\u010d\u00e1tku procesu likvidace kursk\u00e9ho v\u00fdb\u011b\u017eku sebev\u011bdom\u011b vyhl\u00e1sil, \u017ee zajatc\u016f budou v\u011bt\u0161\u00ed tis\u00edce, a \u017ee n\u011bjak nebyli. Faktem taky je, \u017ee Rusov\u00e9 maj\u00ed asi 8 a\u017e 10 kr\u00e1t v\u00edce ukrajinsk\u00fdch zajatc\u016f, ne\u017e m\u00e1 kyjevsk\u00fd re\u017eim zajato Rus\u016f. A \u017ee mazan\u00fd Zelenskyj proto neust\u00e1le rafinovan\u011b po\u017eaduje, aby se v r\u00e1mci tzv. \u201cdo\u010dasn\u00e9ho spravedliv\u00e9ho p\u0159\u00edm\u011b\u0159\u00ed\u201d vym\u011bnili zajatci podle kl\u00ed\u010de, v\u0161ichni za v\u0161echny. Nicm\u00e9n\u011b st\u00e1le zb\u00fdv\u00e1 ot\u00e1zka, kam se vlastn\u011b Putinem letos slibovan\u00ed ukrajin\u0161t\u00ed zajatci z osvobozen\u00e9 kursk\u00e9 oblasti pod\u011bli, kdy\u017e evidentn\u011b prost\u011b nejsou.<\/p>\n<p>Z\u00e1hadu neexistuj\u00edc\u00ed masy ukrajinsk\u00fdch zajatc\u016f z kursk\u00e9 oblasti tento t\u00fdden na Ukrajin\u011b ve\u0159ejn\u011b nakousnul,\u00a0<a href=\"https:\/\/www.unian.ua\/society\/brigada-magura-madh-yar-zasudiv-demarsh-komendanta-13012362.html\">ke vzteku je\u0161t\u011b slavn\u011bj\u0161\u00edho gener\u00e1la Roberta \u201cMa\u010fara\u201d Brovdyho<\/a>,\u00a0\u00a0tamn\u00ed nem\u00e9n\u011b ost\u0159\u00edlen\u00fd v\u00e1le\u010dn\u00fd veter\u00e1n a nacionalista, velitel 1. \u00fadern\u00e9ho batalionu elitn\u00ed 47. \u00fadern\u00e9 brig\u00e1dy Magura, plukovn\u00edk Oleksandr \u0160ir\u0161in, kdy\u017e napadnul nejvy\u0161\u0161\u00ed ukrajinsk\u00e9 velen\u00ed za tot\u00e1ln\u00ed neschopnost a zbyte\u010dn\u00e9 mrh\u00e1n\u00ed \u017eivot\u016f ukrajinsk\u00fdch voj\u00e1k\u016f v idiotsk\u00fdch masov\u00fdch \u0161turmech a bitv\u00e1ch, kter\u00e9 postr\u00e1daj\u00ed jak\u00fdkoli vojensk\u00fd smysl, ale slou\u017e\u00ed pouze k politick\u00e9mu zviditel\u0148ov\u00e1n\u00ed Zelensk\u00e9ho a jeho nejvy\u0161\u0161\u00ed gener\u00e1lsk\u00e9 kamarily.<\/p>\n<div id=\"attachment_17956\" class=\"wp-caption aligncenter\" style=\"width: 602px;\">\n<p><img decoding=\"async\" loading=\"lazy\" class=\" wp-image-17956\" src=\"https:\/\/www.michalapetr.com\/wp-content\/uploads\/2025\/05\/300x173.jpg\" alt=\"\" width=\"602\" height=\"347\" aria-describedby=\"caption-attachment-17956\" \/><\/p>\n<p id=\"caption-attachment-17956\" class=\"wp-caption-text\" style=\"text-align: justify;\">Plukovn\u00edk Oleksandr \u0160ir\u0161in, velitel elitn\u00edho 1. batalionu elitn\u00ed \u00fadern\u00e9 brig\u00e1dy Magura, p\u0159edev\u010d\u00edrem odstoupil z funkce, a obvinil Kyjev z idiotsk\u00e9ho masivn\u00edho krut\u00e9ho pl\u00fdtv\u00e1n\u00ed \u017eivoty ukrajinsk\u00e9 p\u011bchoty v kursk\u00e9 bitv\u011b.<\/p>\n<\/div>\n<p><a href=\"https:\/\/censor.net\/en\/news\/3552875\/shyrshin-submitted-a-report-requesting-dismissal-what-butusov-says\">Plukovn\u00edk \u0160ir\u0161in sou\u010dasn\u011b se zve\u0159ejn\u011bn\u00edm sv\u00e9ho doslova protire\u017eimn\u00edho textu, na protest z velitelsk\u00e9 funkce rezignoval<\/a>,\u00a0a pop\u0159\u00e1l v\u0161em kyjevsk\u00fdm politik\u016fm i apar\u00e1t\u010d\u00edk\u016fm, aby i jejich d\u011bti a vnou\u010data musely brzy narukovat na frontu, a bojovat tam jako oby\u010dejn\u00e1 p\u011bchota, aby poznaly krut\u00fd a kr\u00e1tk\u00fd \u017eivot prost\u00e9ho ukrajinsk\u00e9ho voj\u00e1ka. Kyjevsk\u00fd re\u017eim byl evidentn\u011b vyhl\u00e1\u0161en\u00edm plukovn\u00edka \u0160ir\u0161ina zasa\u017een v nevhodn\u00fd \u010das na bolav\u00e9m m\u00edst\u011b,\u00a0<a href=\"https:\/\/censor.net\/en\/news\/3552904\/how-the-general-staff-reacted-to-the-report-of-the-commander-of-the-47th-brigade-shyrshyn\">proto\u017ee okam\u017eit\u011b ozn\u00e1mil \u201czastaven\u00ed \u00fatok\u016f v kursk\u00e9 oblasti, kter\u00e9 potrv\u00e1 do vy\u0161et\u0159en\u00ed pln\u00e9ho textu mimo\u0159\u00e1dn\u011b drastick\u00e9ho obvin\u011bn\u00ed\u201d<\/a>. Plukovn\u00edk \u0160iri\u0161in u\u017e novin\u00e1\u0159\u016fm ozn\u00e1mil,\u00a0<a href=\"https:\/\/censor.net\/en\/news\/3552848\/battalion-commander-shyrshyn-submitted-his-resignation-report\">\u017ee jim brzy sd\u011bl\u00ed dal\u0161\u00ed podrobnosti ze sv\u00e9 drsn\u00e9 zpr\u00e1vy, kter\u00e1 je krom obecn\u00fdch argumentac\u00ed p\u0159\u00edsn\u011b tajn\u00e1<\/a>.\u00a0 Cel\u00e1 47. \u00fadern\u00e1 brig\u00e1da Magura je p\u0159itom elitn\u00ed ukrajinsk\u00e1 jednotka, kter\u00e1 od ledna leto\u0161n\u00edho roku nesla nejt\u011b\u017e\u0161\u00ed b\u0159\u00edm\u011b boj\u016f s Rusy a Severn\u00edmi Kimy v kursk\u00e9 oblasti, a je zn\u00e1m\u00e1 i t\u00edm, \u017ee se \u010desk\u00fd mainstream \u010dasto a r\u00e1d holedb\u00e1\u00a0 jej\u00edmi tzv. vyhl\u00e1\u0161en\u00fdmi bojov\u00fdmi akcemi, p\u0159i nich\u017e chyt\u0159\u00ed voj\u00e1ci Magura snadno likviduj\u00ed hloup\u00e9 Rusy ve velk\u00e9m.\u00a0 (Viz zdroj videa\u00a0<a href=\"https:\/\/zpravy.aktualne.cz\/zahranici\/bradley-na-velkou-dalku-znicilo-ruske-bojove-vozidlo\/r~6d3f08de094511efae9c0cc47ab5f122\/\">jedna<\/a>\u00a0a\u00a0<a href=\"https:\/\/www.forum24.cz\/video-nakopali-jsme-jim-do-zubu-ukrajinci-v-kurske-oblasti-zmasakrovali-celou-ruskou-rotu\">dva<\/a>\u00a0z mnoha.) Pokud velitel elitn\u00edho 1. praporu 47. elitn\u00ed \u00fadern\u00e9 brig\u00e1dy rozpout\u00e1 celo-ukrajinsk\u00fd skand\u00e1l, \u017ee s \u017eivoty jeho voj\u00e1k\u016f bylo sprost\u011b, nesmysln\u011b a krut\u011b pl\u00fdtv\u00e1no, aby se Kyjev p\u0159ed Z\u00e1padem mohl zviditel\u0148ovat, pak je jasn\u00e9, \u017ee s \u017eivoty mobilizovan\u00fdch i \u0159adov\u00fdch ukrajinsk\u00fdch p\u011b\u0161\u00e1k\u016f z oby\u010dejn\u00fdch brig\u00e1d Zelensk\u00e9ho re\u017eim u\u017e nakl\u00e1d\u00e1 \u010dist\u011b zv\u011brsky. Prvn\u00ed \u010d\u00e1st z\u00e1hady, kam zmizeli Putinovi zajatci z kursk\u00e9 oblasti, je tak vy\u0159e\u0161ena. Le\u010d to nen\u00ed v\u0161echno.<\/p>\n<p><a href=\"https:\/\/amalantra.ru\/komanduyushchiye-gruppirovkami-voysk-v-zone-svo\/\">N\u011bkdy v pr\u016fb\u011bhu leto\u0161n\u00edho \u00fanora, zp\u016fsobem naprosto potichu, vytvo\u0159il n\u00e1\u010deln\u00edk gener\u00e1ln\u00edho \u0161t\u00e1bu rusk\u00e9 arm\u00e1dy gener\u00e1l Valerij Gerasimov v kursk\u00e9 oblasti \u00fapln\u011b novou 7. opera\u010dn\u00ed skupinu, a nazval ji \u201cKURSK<\/a>\u201c. Dodnes nen\u00ed \u00fapln\u011b jasn\u00e9, jestli opera\u010dn\u00ed skupina \u201cKURSK\u201d byla v pr\u016fb\u011bhu leto\u0161n\u00edho roku celou dobu pod\u0159\u00edzen\u00e1 opera\u010dn\u00ed skupin\u011b \u201cSEVER\u201d gener\u00e1la Lapina, ale z vyj\u00e1d\u0159en\u00ed rusk\u00e9ho ministra obrany Belousova (<a href=\"https:\/\/ura.news\/news\/1052934110\">video zde<\/a>) se zd\u00e1, \u017ee v z\u00e1v\u011bre\u010dnou likvidaci ukrajinsk\u00e9 skupiny vojsk v kursk\u00e9 oblasti \u0159\u00eddila tato nov\u00e1 opera\u010dn\u00ed skupina u\u017e zcela samostatn\u011b. A z vyj\u00e1d\u0159en\u00ed mnoha rusk\u00fdch vojensk\u00fdch expert\u016f, i z p\u0159izn\u00e1n\u00ed ukrajinsk\u00fdch veter\u00e1n\u016f bojuj\u00edc\u00edch v t\u00e9to oblasti, je z\u0159ejm\u00e9, \u017ee nejm\u00e9n\u011b od poloviny \u00fanora prob\u00edhaly boje p\u0159i likvidaci Ukrajinc\u016f na \u00fazem\u00ed kursk\u00e9 oblasti podle zcela nov\u00e9ho taktick\u00e9ho manu\u00e1lu. Ten Rusov\u00e9 popisuj\u00ed nikoli jako \u201cboj o vesnici\u201d, nebo \u201cboj o op\u011brn\u00fd bod\u201d, ale pouze jako \u201cza\u010di\u0161t\u011bn\u00ed vesnice\u201d, nebo za\u010di\u0161t\u011bn\u00ed \u201cop\u011brn\u00e9ho bodu\u201d.<\/p>\n<p>Celou vesnici obsazenou Ukrajinci, nebo op\u011brn\u00fd bod pro jednu ukrajinskou \u010detu, (\u010deta cca 30 mu\u017e\u016f), u\u017e nedob\u00fdv\u00e1 rusk\u00e1 rota o 2 tanc\u00edch, 4 obrn\u011bnc\u00edch a 50 p\u011b\u0161\u00e1k\u016f, ale pouze ji obsazuje jedno obrn\u011bn\u00e9 kolov\u00e9 vozidlo, nebo ter\u00e9nn\u00ed t\u0159\u00edkolky, \u010di motorky, kter\u00e9 na m\u00edsto rychle doprav\u00ed 6 elitn\u00edch rusk\u00fdch \u201c\u0161turmovik\u016f\u201d. Ti se rozd\u011bl\u00ed na t\u0159i dvojice, kter\u00e9 koordinovan\u011b postupuj\u00ed vesnic\u00ed, nebo op\u011brn\u00fdm bodem, a prov\u00e1d\u011bj\u00ed jeho \u201cza\u010distku\u201d. Prvn\u00ed a druh\u00e1 dvojice nav\u00e1d\u011bn\u00e1 oper\u00e1tory sl\u00edd\u00edc\u00edch dron\u016f postupuje d\u016fm od domu, bunkr od bunkru, a metodicky a nemilosrdn\u011b je za\u010di\u0161\u0165uje v\u00fdbu\u0161ninami od posledn\u00edch p\u0159e\u017eiv\u0161\u00edch Ukrajinc\u016f. T\u0159et\u00ed dvojice je v z\u00e1loze, a reaguje na nenad\u00e1l\u00e9 ud\u00e1losti, a specificky, kryje prvn\u00ed dv\u011b dvojice speci\u00e1ln\u00edmi automatick\u00fdmi brokovnicemi proti ukrajinsk\u00fdm dron\u016fm.<\/p>\n<p>Zm\u011bna rusk\u00e9 taktiky spo\u010d\u00edv\u00e1 v prost\u00e9 skute\u010dnosti-\u00a0 Rusov\u00e9 v kursk\u00e9 oblasti od \u00fanora leto\u0161n\u00edho roku u\u017e vesnice nedob\u00fdvali zte\u010demi, ale pouze je obsazovali, a za\u010di\u0161\u0165ovali, proto\u017ee kr\u00e1tce p\u0159ed t\u00edm, velmi rychle, velmi soust\u0159ed\u011bn\u00fdmi n\u00e1lety absolutn\u011b p\u0159esn\u00fdch zabij\u00e1ck\u00fdch dron\u016f, naprostou v\u011bt\u0161inu p\u0159e\u017e\u00edvaj\u00edc\u00edch ukrajinsk\u00fdch voj\u00e1k\u016f ve vesnici, nebo v op\u011brn\u00e9m bodu, vyhubili. Dva a\u017e p\u011bt p\u0159e\u017eiv\u0161\u00edch Ukrajinc\u016f ve vesnici je po t\u011bchto soust\u0159ed\u011bn\u00fdch z\u00e1v\u011bre\u010dn\u00fdch \u00fatoc\u00edch dron\u016f natolik ot\u0159eseno, \u017ee u\u017e nekladou \u017e\u00e1dn\u00fd odpor, a kdy\u017e se pokus\u00ed p\u0159ed proveden\u00edm kone\u010dn\u00e9 p\u011b\u0161\u00ed \u201cza\u010distky\u201d sv\u016fj bunkr nebo doup\u011b opustit, hl\u00eddkuj\u00edc\u00ed dron je okam\u017eit\u011b zlikviduje. Dokonale procovan\u00e1 vyvra\u017e\u010fovac\u00ed rusk\u00e1 taktika dron\u016f slav\u00ed v posledn\u00edch m\u011bs\u00edc\u00edch na boji\u0161ti ohromuj\u00edc\u00ed \u00fasp\u011bch. Rusov\u00e9 d\u011blost\u0159elbou, drony a klouzav\u00fdmi bombami neust\u00e1le ni\u010d\u00ed ukrajinsk\u00e1 obrann\u00e1 postaven\u00ed. Jakmile je vyhodnoceno, \u017ee jeden op\u011brn\u00fd bod mezi vesnicemi, nebo jedna vesnice byly t\u011bmito \u00fadery zbaveny v\u011bt\u0161iny sv\u00e9 pos\u00e1dky, a \u017ee op\u011brn\u00fd bod je u\u017e zcela rozbit, nebo domy ve vesnici jsou u\u017e v\u0161echny zcela zni\u010deny, a posledn\u00ed obr\u00e1nci se u\u017e nemaj\u00ed, kde ukr\u00fdvat, Rusov\u00e9 provedou z\u00e1v\u011bre\u010dn\u00fd masivn\u00ed n\u00e1let velmi p\u0159esn\u00fdmi drony, a vy\u0161lou mal\u00e9 za\u010di\u0161\u0165ovac\u00ed komando.<\/p>\n<p>P\u0159i tomto vyhlazovac\u00edm zp\u016fsobu boje zajatci neb\u00fdvaj\u00ed, naprost\u00e1 v\u011bt\u0161ina Ukrajinc\u016f padne, ani\u017e by mohla spat\u0159it Rusa, nebo po n\u011bm snad i vyst\u0159elit. Jakmile \u201c\u0161turmovici\u201d vesnici za\u010dist\u00ed, dal\u0161\u00ed technika na m\u00edsto doprav\u00ed 4 a\u017e 6 rusk\u00fdch \u0159adov\u00fdch voj\u00e1k\u016f se z\u00e1sobami, a ti se vesnici zakopou, a \u201c\u0161turmovici\u201d odjedou odpo\u010d\u00edvat do t\u00fdlu. Rusov\u00e9 i Ukrajinci p\u0159izn\u00e1vaj\u00ed, \u017ee dokonal\u00e1 p\u0159esnost dron\u016f, kter\u00e9 dok\u00e1\u017e\u00ed v\u011bt\u0161inu obr\u00e1nc\u016f vesnice velmi rychle vyhladit, soust\u0159ed\u011bn\u00fdm \u00fatokem kr\u00e1tce po t\u00e9, co d\u011bla a klouzav\u00e9 bomby rozbij\u00ed naprostou v\u011bt\u0161inu v\u011bt\u0161inu v\u0161ech jejich \u00fakryt\u016f, \u00fapln\u011b zm\u011bnil pom\u011br ztr\u00e1t \u00fato\u010dn\u00edk\/obr\u00e1nce. Platil-li tak\u0159ka sto let pom\u011br ztr\u00e1t 3 ku 1, dnes plat\u00ed 1 ku 3. A to je druh\u00e1 \u010d\u00e1st odpov\u011bdi, kam zmizeli Putinovi zajatci z kursk\u00e9 oblasti.<\/p>\n<div id=\"attachment_17957\" class=\"wp-caption aligncenter\" style=\"width: 463px;\">\n<p><img decoding=\"async\" loading=\"lazy\" class=\" wp-image-17957\" src=\"https:\/\/www.michalapetr.com\/wp-content\/uploads\/2025\/05\/Valery_Solodchuk.jpg\" sizes=\"(max-width: 375px) 100vw, 375px\" srcset=\"https:\/\/www.michalapetr.com\/wp-content\/uploads\/2025\/05\/Valery_Solodchuk.jpg 375w, https:\/\/www.michalapetr.com\/wp-content\/uploads\/2025\/05\/Valery_Solodchuk-225x300.jpg 225w\" alt=\"\" width=\"463\" height=\"619\" aria-describedby=\"caption-attachment-17957\" \/><\/p>\n<p id=\"caption-attachment-17957\" class=\"wp-caption-text\" style=\"text-align: justify;\">Nejagresivn\u011bj\u0161\u00ed a nejtalentovan\u011bj\u0161\u00ed mlad\u00fd rusk\u00fd gener\u00e1l Valerij Solud\u010duk\u00a0 p\u0159evzal velen\u00ed opera\u010dn\u00ed skupiny ST\u0158ED, a hned se pustil do pr\u00e1ce.<\/p>\n<\/div>\n<p>Technika t\u011bchto \u00fatok\u016f i jej\u00ed d\u016fsledn\u00e9 uplat\u0148ov\u00e1n\u00ed jsou d\u00edlem rusk\u00e9ho gener\u00e1la\u00a0<a href=\"https:\/\/ura.news\/news\/1052934110\">Valerije Solod\u010duka<\/a>, kter\u00fd v z\u00e1v\u011bre\u010dn\u00fdch boj\u00edch velel nov\u00e9 opera\u010dn\u00ed skupin\u011b KURSK, a 15. kv\u011btna nahradil do Moskvy pov\u00fd\u0161en\u00e9ho gener\u00e1la Mordvi\u010deva ve velen\u00ed nejsiln\u011bj\u0161\u00ed rusk\u00e9 opera\u010dn\u00ed skupiny ST\u0158ED.<\/p>\n<p><a href=\"https:\/\/en.wikipedia.org\/wiki\/Valery_Solodchuk\">Gener\u00e1l Solod\u010duk<\/a>\u00a0je mimo\u0159\u00e1dn\u011b agresivn\u00ed a tvrd\u00fd gener\u00e1l. Je absolventem Suvorovsk\u00e9ho leningradsk\u00e9ho u\u010dili\u0161t\u011b, Rjaza\u0148sk\u00e9ho u\u010dili\u0161t\u011b pro vy\u0161\u0161\u00ed velitele v\u00fdsadkov\u00fdch vojsk, i dvou nejvy\u0161\u0161\u00edch rusk\u00fdch v\u00e1le\u010dn\u00fdch akademi\u00ed. Na za\u010d\u00e1tku Putinovi speci\u00e1ln\u00ed operace v \u00fanoru 2022 vpadl v\u010dele v\u00fdsadk\u00e1\u0159\u016f z B\u011bloruska na Kyjev a celou tuto sebevra\u017eednou diverzn\u00ed operaci, kter\u00e1 podle star\u00e9 sov\u011btsk\u00e9 strategie \u201chloubkov\u00e9ho man\u00e9vru opera\u010dn\u00ed \u00fadernou skupinou\u201d m\u011bla za c\u00edl rozvr\u00e1tit pr\u016fb\u011bh ukrajinsk\u00e9 mobilizace a p\u0159it\u00e1hnou v\u0161echny dostupn\u00e9 ukrajinsk\u00e9 s\u00edly k obran\u011b Kyjeva, a z\u00edskat tak rusk\u00fdm sil\u00e1m na Ji\u017en\u00ed Ukrajin\u011b \u010das k dobyt\u00ed Mariupolu, severn\u00edho pob\u0159e\u017e\u00ed azovsk\u00e9ho mo\u0159e, a k vybudov\u00e1n\u00ed neprostupn\u00e9 obrany od jadern\u00e9 elektr\u00e1rny na ji\u017en\u00edm Dn\u011bpru a\u017e k m\u011bstu Don\u011bck, zvl\u00e1dnul s p\u0159ekvapivou bravurou a lehkost\u00ed, a jak se u\u017e uk\u00e1zalo i s miziv\u00fdmi ztr\u00e1tami vzhledem k sebevra\u017eedn\u00e9mu charakteru t\u00e9to operace v hlubok\u00e9m t\u00fdlu nep\u0159\u00edtele proti obrovsk\u00e9 po\u010detn\u00ed p\u0159evaze.<\/p>\n<p>Rusk\u00fd diverzn\u00ed \u00fatok na Kyjev veden\u00fd Solod\u010dukov\u00fdmi v\u00fdsadk\u00e1\u0159i z B\u011bloruska v roce 2022 je nejl\u00e9pe pochopiteln\u00fd p\u0159i srovn\u00e1n\u00ed s tzv. \u201c<span class=\"mw-page-title-main\"><a href=\"https:\/\/en.wikipedia.org\/wiki\/Raid_on_Tatsinskaya\">Raid on Tatsinskaya<\/a>\u201c, operac\u00ed kterou provedl v prosinci 1942 slavn\u00fd sov\u011btsk\u00fd gener\u00e1l\u00a0<\/span><span class=\"mw-page-title-main\"><a href=\"https:\/\/en.wikipedia.org\/wiki\/Vasily_Badanov\">Vasilyj Badanov<\/a>. Ten v\u010dele tankov\u00e9ho sboru proniknul hluboko do t\u00fdlu n\u011bmeck\u00e9 arm\u00e1dn\u00ed skupiny JIH, a obsadil kl\u00ed\u010dov\u00e9 n\u011bmeck\u00e9 z\u00e1sobovac\u00ed leti\u0161t\u011b Tacinskaja, ze kter\u00e9ho se dopravovaly z\u00e1soby obkl\u00ed\u010den\u00e9 Paulusov\u011b 6. arm\u00e1d\u011b ve Stalingradu.\u00a0<a href=\"https:\/\/cs.wikipedia.org\/wiki\/Erich_von_Manstein\">Mar\u0161\u00e1l von Manstein<\/a>\u00a0st\u00e1l tou dobou u\u017e pouh\u00fdch 48km od Pauluse, ale \u00fader Badanova do jeho hlubok\u00e9ho t\u00fdlu ho donutil okam\u017eit\u011b p\u0159esunout sv\u00e9 nejsiln\u011bj\u0161\u00ed tankov\u00e9 divize 6 a 11, a p\u011b\u0161\u00ed divizi 306 z \u00fatoku na osvobozen\u00ed Pauluse, k proveden\u00ed rychl\u00e9ho obkl\u00ed\u010den\u00ed a okam\u017eit\u00e9ho zni\u010den\u00ed Badanova tankov\u00e9ho sboru. A\u010dkoli Badanov p\u0159i \u00fatoku na leti\u0161t\u011b Tacinskaja zni\u010dil stovku dopravn\u00edch letadel, a na n\u011bkolik dn\u00ed znemo\u017enil leteck\u00e9 z\u00e1sobov\u00e1n\u00ed 6. arm\u00e1dy, za hlavn\u00ed \u00fasp\u011bch jeho operace se po\u010d\u00edt\u00e1 odvle\u010den\u00ed hlavn\u00edch obrn\u011bn\u00fdch sil von Mansteina, z \u00fatoku na \u00fastrety Paulusovi, ke zni\u010den\u00ed Badanova. <\/span><\/p>\n<p><span class=\"mw-page-title-main\">Kdokoli si dovolil v dal\u0161\u00edm pr\u016fb\u011bhu v\u00e1lky p\u0159ed Stalinem n\u011bjak zpochyb\u0148ovat Badanova, do\u010dkal se okam\u017eit\u00e9ho Stalinova zlov\u011bstn\u00e9ho zasy\u010den\u00ed \u201cTacinskaja\u201d, a kdyby Badanov neutrp\u011bl v roce 1944 jako velitel tankov\u00e9 arm\u00e1dy v boj\u00edch na Ukrajin\u011b t\u011b\u017ek\u00e9 zran\u011bn\u00ed, byl by mnohem slavn\u011bj\u0161\u00ed, ne\u017e je dnes. Od obrovsk\u00e9ho \u00fasp\u011bchu n\u00e1jezdu Badanova na Tacinskaja, bez kter\u00e9ho by z\u0159ejm\u011b von Manstein mohl vysvobodit 6. arm\u00e1du z obkl\u00ed\u010den\u00ed, nebo j\u00ed aspo\u0148 dopravit po zemi p\u00e1r tis\u00edc tun z\u00e1sob, kter\u00e9 u\u017e m\u011bl nalo\u017een\u00e9 na automobilech, sov\u011btsk\u00e1 a rusk\u00e1 v\u00e1le\u010dn\u00e1 \u0161kola dob\u0159e ch\u00e1pou smysl ob\u011btov\u00e1n\u00ed stovek tank\u016f a tis\u00edcovek voj\u00e1k\u016f p\u0159i takov\u00e9m to hloubkov\u00e9m n\u00e1jezdu, kter\u00fd vyhr\u00e1v\u00e1 \u010das a odvl\u00e9k\u00e1 na sebe velk\u00e9 nep\u0159\u00e1telsk\u00e9 s\u00edly z kl\u00ed\u010dov\u00fdch \u00fasek\u016f fronty. Jak jsem u\u017e napsal v minul\u00fdch anal\u00fdz\u00e1ch, gener\u00e1l Valerij Gerasimov je zan\u00edcen\u00fd vojensk\u00fd historik, Badanov\u016fv n\u00e1jezd na Tacinskaja je naprost\u00e1 klasika tohoto \u017e\u00e1nru, a Solod\u010duk\u016fv n\u00e1jezd na Kyjev z B\u011bloruska v \u00fanoru 2022 vstoup\u00ed do d\u011bjin teprve, a\u017e v\u00e1lka skon\u010d\u00ed, a z\u00e1padn\u00ed analytici budou moci kone\u010dn\u011b odlo\u017eit cenzurn\u00ed br\u00fdle.\u00a0<\/span><\/p>\n<div id=\"attachment_17958\" class=\"wp-caption aligncenter\" style=\"width: 855px;\">\n<p><img decoding=\"async\" loading=\"lazy\" class=\" wp-image-17958\" src=\"https:\/\/www.michalapetr.com\/wp-content\/uploads\/2025\/05\/faeb1f_c5d87bfd0dba4eec8fd9711321092d6amv2.jpg\" sizes=\"(max-width: 925px) 100vw, 925px\" srcset=\"https:\/\/www.michalapetr.com\/wp-content\/uploads\/2025\/05\/faeb1f_c5d87bfd0dba4eec8fd9711321092d6amv2.jpg 925w, https:\/\/www.michalapetr.com\/wp-content\/uploads\/2025\/05\/faeb1f_c5d87bfd0dba4eec8fd9711321092d6amv2-300x150.jpg 300w, https:\/\/www.michalapetr.com\/wp-content\/uploads\/2025\/05\/faeb1f_c5d87bfd0dba4eec8fd9711321092d6amv2-768x385.jpg 768w, https:\/\/www.michalapetr.com\/wp-content\/uploads\/2025\/05\/faeb1f_c5d87bfd0dba4eec8fd9711321092d6amv2-705x354.jpg 705w, https:\/\/www.michalapetr.com\/wp-content\/uploads\/2025\/05\/faeb1f_c5d87bfd0dba4eec8fd9711321092d6amv2-450x226.jpg 450w\" alt=\"\" width=\"855\" height=\"429\" aria-describedby=\"caption-attachment-17958\" \/><\/p>\n<p id=\"caption-attachment-17958\" class=\"wp-caption-text\" style=\"text-align: justify;\">Agresivitu gener\u00e1la Solod\u010duka nejl\u00e9pe zachycuje tato mapa jihoamerick\u00fdch v\u00e1le\u010dn\u00fdch analytik\u016f ze 16. kv\u011btna leto\u0161n\u00edho roku. Ti do n\u00ed namalovali o\u010dek\u00e1van\u00e9 linie postupu lev\u00e9ho k\u0159\u00eddla rusk\u00e9 opera\u010dn\u00ed skupiny ST\u0158ED v oblasti boji\u0161t\u011b v\u00fdchodn\u011b od aglomerace Pokrovsk-Myrnohrad. Do mapy jsem pro zv\u00fdrazn\u011bn\u00ed namaloval \u017elutou \u010d\u00e1ru. Kdy\u017e se pod\u00edv\u00e1te do oblasti \u017elut\u00e9 \u010d\u00e1ry na t\u0159i dny star\u00e9 p\u0159edpoklady jihoamerick\u00fdch zavil\u00fdch nep\u0159\u00e1tel Putina, zjist\u00edte, \u017ee po\u010d\u00edtali s t\u00edm, \u017ee koncem \u010dervna (na map\u011b June?) Rusov\u00e9 obsad\u00ed oblast vymezenou \u010dervenou \u010d\u00e1rkovanou lini\u00ed. Je ov\u0161em teprve 19. kv\u011bten, a Rusov\u00e9 u\u017e v p\u00e1tek obsadili levou \u010d\u00e1st cel\u00e9ho \u00fazem\u00ed \u2013 m\u011bstys Myrolubivka, viz anal\u00fdza 2299,\u00a0<a href=\"https:\/\/topwar.ru\/264815-preodolev-za-sutki-okolo-5-km-posle-osvobozhdenija-novoj-poltavki-rossijskie-vojska-podoshli-k-selu-poltavka-na-pokrovsko-konstantinovskom-napravlenii.html\">a v\u010dera v ned\u011bli pravou a st\u0159edn\u00ed \u010d\u00e1st \u00fazem\u00ed \u2013 vesnici Poltavka<\/a>. O celou oblast obsadili zp\u016fsobem, jak jsem popsal v\u00fd\u0161e v anal\u00fdze.\u00a0(<a href=\"https:\/\/www.pucara.org\/post\/guerra-en-ucrania-primera-quincena-de-mayo\">Zdroj mapy<\/a>) Rusov\u00e9 v\u010dera tvrdili, \u017ee postoupili 5km za 24 hodin, a ovl\u00e1dli \u00fazem\u00ed o rozloze asi 15km2, jen p\u0159i tomto jedin\u00e9m \u00fatoku veden\u00e9m n\u011bkolika voj\u00e1ky.<\/p>\n<\/div>\n<div id=\"attachment_17959\" class=\"wp-caption aligncenter\" style=\"width: 888px;\">\n<p><img decoding=\"async\" loading=\"lazy\" class=\" wp-image-17959\" src=\"https:\/\/www.michalapetr.com\/wp-content\/uploads\/2025\/05\/3f7d80fdd7_5.jpg\" sizes=\"(max-width: 1016px) 100vw, 1016px\" srcset=\"https:\/\/www.michalapetr.com\/wp-content\/uploads\/2025\/05\/3f7d80fdd7_5.jpg 1016w, https:\/\/www.michalapetr.com\/wp-content\/uploads\/2025\/05\/3f7d80fdd7_5-300x219.jpg 300w, https:\/\/www.michalapetr.com\/wp-content\/uploads\/2025\/05\/3f7d80fdd7_5-768x561.jpg 768w, https:\/\/www.michalapetr.com\/wp-content\/uploads\/2025\/05\/3f7d80fdd7_5-705x515.jpg 705w, https:\/\/www.michalapetr.com\/wp-content\/uploads\/2025\/05\/3f7d80fdd7_5-450x329.jpg 450w\" alt=\"\" width=\"888\" height=\"648\" aria-describedby=\"caption-attachment-17959\" \/><\/p>\n<p id=\"caption-attachment-17959\" class=\"wp-caption-text\" style=\"text-align: justify;\">Pro\u010d Rusov\u00e9 \u00fato\u010d\u00ed na Poltavku je z\u0159ejm\u00e9 z t\u00e9to mapy \u2013 mohou z n\u00ed u\u017e drony a minomety kontrolovat bo\u010dn\u00ed ukrajinskou z\u00e1sobovac\u00ed cestu vedouc\u00ed ze Slovjanska do Pokrovska. Po vy\u0159azen\u00ed t\u00e9to komunikace z provozu z\u016fstane Ukrajinc\u016fm k z\u00e1sobov\u00e1n\u00ed Pokrovska u\u017e jen cesta p\u0159es m\u011bste\u010dko Doboropole (oran\u017eov\u00fd hexagon).<\/p>\n<\/div>\n<p>Tak jsem tedy opravdu zv\u011bdav, jak z\u00edtra Trump p\u0159esv\u011bd\u010d\u00ed Putina, aby uzav\u0159el m\u00edr. P\u0159eji kr\u00e1sn\u00fd a p\u0159\u00edjemn\u00fd den, a omlouv\u00e1m se za maily, stihl jsem sotva p\u016flku, tak\u017ee zbytek dnes a z\u00edtra. D\u011bkuji za pochopen\u00ed.<\/p>\n<p>Ve \u010dtvrtek 15. kv\u011btna jsem byl hostem u Zde\u0148ka Chytry na Svobodn\u00e9m r\u00e1diu \u2013\u00a0<a class=\"mfp-iframe lightbox-added\" href=\"https:\/\/www.youtube.com\/watch?v=vA31OH66YzY\">po\u0159ad najdete zde<\/a>. V \u00fater\u00fd 13. kv\u011btna jsem byl hostem u Petra H\u00e1jka na Protiproud TV \u2013\u00a0<a class=\"mfp-iframe lightbox-added\" href=\"https:\/\/www.youtube.com\/watch?v=7TxNmbd5BHs\">po\u0159ad najdete zde<\/a>. Na v\u0161echny maily za\u010dnu odpov\u00eddat dnes odpoledne, jsem r\u00e1d, \u017ee jsem minul\u00fd v\u00edkend n\u00e1ro\u010dn\u00fd na st\u0159\u00edd\u00e1n\u00ed biorytm\u016f noc\/den i s nachlazen\u00edm p\u0159e\u017eil. D\u011bkuji za pochopen\u00ed, \u017ee anal\u00fdzy ztratily pravidelnost.<\/p>\n<p><a href=\"https:\/\/www.michalapetr.com\/map-2300\/\">Michael Svato\u0161<\/a><\/p>\n<p><img decoding=\"async\" loading=\"lazy\" class=\"alignnone size-full wp-image-27204\" src=\"http:\/\/www.infokuryr.cz\/n\/wp-content\/uploads\/2023\/05\/Michael_Svatos.png\" alt=\"\" width=\"180\" height=\"180\" srcset=\"https:\/\/www.infokuryr.cz\/n\/wp-content\/uploads\/2023\/05\/Michael_Svatos.png 180w, https:\/\/www.infokuryr.cz\/n\/wp-content\/uploads\/2023\/05\/Michael_Svatos-150x150.png 150w\" sizes=\"(max-width: 180px) 100vw, 180px\" \/><\/p>\n<p>&nbsp;<\/p>\n","protected":false},"excerpt":{"rendered":"<p>Dnes v pond\u011bl\u00ed 19. kv\u011btna m\u00e1 Trump telefonovat Putinovi, \u201caby ho v\u00fdhru\u017ekami p\u0159im\u011bl k m\u00edru\u201d&#8230;.<\/p>\n","protected":false},"author":2,"featured_media":79159,"comment_status":"closed","ping_status":"closed","sticky":false,"template":"","format":"standard","meta":[],"categories":[6],"tags":[1042,1917,22,26],"_links":{"self":[{"href":"https:\/\/www.infokuryr.cz\/n\/wp-json\/wp\/v2\/posts\/79158"}],"collection":[{"href":"https:\/\/www.infokuryr.cz\/n\/wp-json\/wp\/v2\/posts"}],"about":[{"href":"https:\/\/www.infokuryr.cz\/n\/wp-json\/wp\/v2\/types\/post"}],"author":[{"embeddable":true,"href":"https:\/\/www.infokuryr.cz\/n\/wp-json\/wp\/v2\/users\/2"}],"replies":[{"embeddable":true,"href":"https:\/\/www.infokuryr.cz\/n\/wp-json\/wp\/v2\/comments?post=79158"}],"version-history":[{"count":1,"href":"https:\/\/www.infokuryr.cz\/n\/wp-json\/wp\/v2\/posts\/79158\/revisions"}],"predecessor-version":[{"id":79160,"href":"https:\/\/www.infokuryr.cz\/n\/wp-json\/wp\/v2\/posts\/79158\/revisions\/79160"}],"wp:featuredmedia":[{"embeddable":true,"href":"https:\/\/www.infokuryr.cz\/n\/wp-json\/wp\/v2\/media\/79159"}],"wp:attachment":[{"href":"https:\/\/www.infokuryr.cz\/n\/wp-json\/wp\/v2\/media?parent=79158"}],"wp:term":[{"taxonomy":"category","embeddable":true,"href":"https:\/\/www.infokuryr.cz\/n\/wp-json\/wp\/v2\/categories?post=79158"},{"taxonomy":"post_tag","embeddable":true,"href":"https:\/\/www.infokuryr.cz\/n\/wp-json\/wp\/v2\/tags?post=79158"}],"curies":[{"name":"wp","href":"https:\/\/api.w.org\/{rel}","templated":true}]}}